{"id":570942,"date":"2023-03-01T10:35:22","date_gmt":"2023-03-01T07:35:22","guid":{"rendered":"https:\/\/arantv.az\/?p=570942"},"modified":"2023-03-01T10:35:22","modified_gmt":"2023-03-01T07:35:22","slug":"ulu-ond%c9%99r-heyd%c9%99r-%c9%99liyev-fenomeninin-dovl%c9%99tcilik-f%c9%99ls%c9%99f%c9%99si","status":"publish","type":"post","link":"https:\/\/arantv.az\/?p=570942","title":{"rendered":"Ulu \u00f6nd\u0259r Heyd\u0259r \u018fliyev fenomeninin d\u00f6vl\u0259t\u00e7ilik f\u0259ls\u0259f\u0259si"},"content":{"rendered":"<p><em><strong>\u201c\u0130ndi d\u00fcnyada m\u00fcst\u0259qil Az\u0259rbaycan d\u00f6vl\u0259ti var. Onun milli d\u00f6vl\u0259t bayra\u011f\u0131 var, milli himni var, milli gerbi var. Az\u0259rbaycan d\u00fcnya \u00a0birliyind\u0259 \u00f6z\u00fcn\u0259 \u00a0layiq yer tutubdur. Az\u0259rbaycan\u0131n\u00a0 d\u00f6vl\u0259t bayra\u011f\u0131\u00a0 b\u00fct\u00fcn beyn\u0259lxalq t\u0259\u015fkilatlar\u0131n iqam\u0259tgahlar\u0131 qar\u015f\u0131s\u0131nda\u00a0 dal\u011falan\u0131r, m\u00fcst\u0259qil Az\u0259rbaycan\u0131n ba\u015f\u0131 \u00fcst\u00fcnd\u0259 dal\u011falan\u0131r \u00a0v\u0259 daim dal\u011falanacaqd\u0131r,\u00a0 bu y\u00fcks\u0259klikl\u0259r\u0259\u00a0 qalxm\u0131\u015f bayraq\u00a0 bundan sonra he\u00e7\u00a0 vaxt\u00a0 enm\u0259y\u0259c\u0259kdir\u201d.<\/strong><\/em>\u00a0Bu m\u00fcdrik k\u0259lam\u0131n m\u00fc\u0259llifi olan\u00a0 Ulu \u00f6nd\u0259r Heyd\u0259r \u018fliyevin\u00a0 \u201cAz\u0259rbaycan Respublikas\u0131n\u0131n d\u00f6vl\u0259t \u00a0m\u00fcst\u0259qilliyi\u00a0 haqq\u0131nda\u201d\u00a0 Konstitusiya Akt\u0131n\u0131n\u00a0 q\u0259bul olunmas\u0131n\u0131n\u00a0 10-cu ild\u00f6n\u00fcm\u00fcn\u0259\u00a0 h\u0259sr olunmu\u015f\u00a0 Respublika\u00a0 saray\u0131nda ke\u00e7iril\u0259n\u00a0 zirv\u0259 t\u0259dbirind\u0259 -t\u0259nt\u0259n\u0259li m\u0259rasimd\u0259 nitqind\u0259n ( 17 oktyabr 2001)<\/p>\n<p>M\u00fcxt\u0259lif vaxtlarda xalq\u0131m\u0131z \u00e7\u0259tin v\u0259 k\u0259\u015fm\u0259k\u0259\u015fli h\u0259yat yolu ke\u00e7mi\u015f v\u0259 bu s\u0131naqlardan h\u0259mi\u015f\u0259 \u00fcz\u00fca\u011f \u00e7\u0131xm\u0131\u015fd\u0131r. \u00d6lk\u0259mizin \u015f\u0259rql\u0259-q\u0259rb aras\u0131nda olduqca strateji n\u00f6qt\u0259d\u0259 yerl\u0259\u015fm\u0259si d\u00fcnya \u00a0d\u00f6vl\u0259tl\u0259rinin diqq\u0259tind\u0259n yay\u0131nmam\u0131\u015fd\u0131r. Az\u0259rbaycana \u00a0ya\u011fl\u0131 tik\u0259 kimi g\u00f6z dik\u0259n qon\u015fular\u0131m\u0131z \u00a0h\u0259r v\u0259chl\u0259 \u00a0\u00e7al\u0131\u015fm\u0131\u015flar ki, min bir hiyl\u0259 qurub \u00a0bu z\u0259ngin diyar\u0131 q\u0259sb etsinl\u0259r. Ancaq \u00e7ox \u015f\u00fck\u00fcrl\u0259r olsun ki, ulu yaradan \u00e7\u0259tin vaxtlarda xalq\u0131m\u0131za uzaqg\u00f6r\u0259n, m\u00fcdrik bir r\u0259hb\u0259r g\u00f6nd\u0259rmi\u015fdir.<\/p>\n<p>XX \u0259sr m\u00fcst\u0259qillik tariximizin yadda\u015f\u0131nda Heyd\u0259r \u018fliyev fenomeni \u00f6z\u00fcn\u0259 m\u0259xsus yer tutmu\u015fdur. H\u0259l\u0259 \u00a090-c\u0131 ill\u0259rin \u0259vv\u0259ll\u0259rin d\u0259 \u00a0m\u00fcst\u0259qilliyin\u0259 yenic\u0259 qovu\u015fmu\u015f Az\u0259rbaycan xalq\u0131n\u0131 qar\u015f\u0131da \u00e7\u0259tin v\u0259 m\u0259\u015f\u0259qq\u0259tli \u00a0ill\u0259r \u00a0g\u00f6zl\u0259yirdi. \u00a0Bir t\u0259r\u0259fd\u0259n ke\u00e7mi\u015f SSR\u2013nin varisi \u00a0Rusiya kimi n\u0259h\u0259ng qon\u015fumuz, dig\u0259r t\u0259r\u0259fd\u0259n c\u0259nubdan seperat\u00e7\u0131l\u0131\u011f\u0131 d\u0259st\u0259kl\u0259y\u0259n \u0130ran \u0130slam Respublikas\u0131, daxild\u0259n is\u0259 d\u00f6vl\u0259ti par\u00e7alama\u011f\u0131 qar\u015f\u0131lar\u0131na m\u0259qs\u0259d qoymu\u015f bir \u00e7ox \u00f6lk\u0259l\u0259rin siyas\u0259tin\u0259 xidm\u0259t ed\u0259n qruplar hakimiyy\u0259t u\u011frunda m\u00fcbariz\u0259 apar\u0131rd\u0131lar.<\/p>\n<p>1993-c\u00fc ilin \u0259vv\u0259ll\u0259rind\u0259 hakimiyy\u0259t b\u00f6hran\u0131 ya\u015fayan bu g\u0259nc respublika d\u00f6vl\u0259t\u00e7iliyini \u00a0itirm\u0259k t\u0259hl\u00fck\u0259si \u00a0ya\u015fay\u0131rd\u0131. Erm\u0259ni i\u015f\u011fal\u00e7\u0131lar\u0131 t\u0259r\u0259find\u0259n torpaqlar\u0131m\u0131z\u0131n bir hiss\u0259sinin z\u0259bt edilm\u0259si, eyni zamanda daxili intriqalar hakimiyy\u0259t b\u00f6hran\u0131n\u0131 d\u0259rinl\u0259\u015fdirirdi. \u00a0Bel\u0259 olan halda \u00a0xalq \u00f6z xilaskar\u0131na \u00a0\u00fcz tutdu. Bel\u0259likl\u0259, 1993-c\u00fc ilin iyunun 9-da xalq\u0131n t\u0259kidi v\u0259 t\u0259l\u0259bi il\u0259 ulu \u00f6nd\u0259r Heyd\u0259r \u018fliyev xalq\u0131n \u00e7a\u011f\u0131r\u0131\u015f\u0131na s\u0259s ver\u0259r\u0259k Nax\u00e7\u0131vandan Bak\u0131ya g\u0259ldi. Xalq\u0131m\u0131z bu qanl\u0131-qadal\u0131 g\u00fcnl\u0259ri gerid\u0259 buraxd\u0131. Xalq\u0131n\u0131 can\u0131ndan bel\u0259 \u00e7ox sev\u0259n bu m\u00fcdrik siyas\u0259t\u00e7i d\u0259h\u015f\u0259tli \u00a0hadis\u0259l\u0259rin g\u00f6zl\u0259nil\u0259n \u00a0b\u0259lalar\u0131ndan xalq\u0131m\u0131z\u0131 zaman\u0131ndaca xilas etdi.<\/p>\n<p>H\u0259l\u0259 1993-c\u00fc ilin iyunun 4-d\u0259 G\u0259nc\u0259d\u0259 ba\u015f vermi\u015f qiyam hakimiyy\u0259t\u0259 qar\u015f\u0131 ita\u0259tsizlik g\u00f6st\u0259rm\u0259kl\u0259 \u00f6lk\u0259ni tamamil\u0259 xaosa s\u00fcr\u00fckl\u0259yirdi. Bel\u0259 bir vaxtda Bak\u0131ya qay\u0131dandan \u00a0sonra Sur\u0259t H\u00fcseynovla dan\u0131\u015f\u0131qlar aparmaq \u00a0m\u0259qs\u0259dil\u0259 G\u0259nc\u0259y\u0259 yola d\u00fc\u015f\u0259n\u00a0 Ulu \u00f6nd\u0259r Heyd\u0259r \u018fliyev Milli M\u0259clisin iclas\u0131nda bu hadis\u0259l\u0259rl\u0259 ba\u011fl\u0131 m\u0259lumat verdi.<\/p>\n<p>\u0130yunun 15-d\u0259 Heyd\u0259r \u018fliyev Az\u0259rbaycan Ali Sovetinin s\u0259dri se\u00e7ildi. B\u00fct\u00fcn \u00e7\u0259tinlikl\u0259r\u0259 baxmayaraq o, xalq\u0131n qurtulu\u015f missiyas\u0131n\u0131 c\u0259sar\u0259tl\u0259 \u00f6z \u00fcz\u0259rin\u0259 g\u00f6t\u00fcrd\u00fc.\u00a0 Bel\u0259likl\u0259, 15 iyun Az\u0259rbaycan\u0131n tarixin\u0259 \u00a0\u201cMilli Qurtulu\u015f G\u00fcn\u00fc\u201d kimi daxil oldu v\u0259 1997-ci ild\u0259n r\u0259smi bayram kimi qeyd edilm\u0259y\u0259 ba\u015fland\u0131.<\/p>\n<p>H\u0259min d\u00f6vrd\u0259 m\u00fcst\u0259qillik qazanma\u011f\u0131m\u0131z ilkin \u015f\u0259rt idis\u0259, \u0259n vacib m\u0259s\u0259l\u0259 onu qoruyub inki\u015faf etdirm\u0259k v\u0259 ba\u015f ver\u0259c\u0259k t\u0259hl\u00fck\u0259l\u0259rd\u0259n qorumaq idi.<\/p>\n<p>Ulu \u00f6nd\u0259r Heyd\u0259r \u018fliyev milli d\u00f6vl\u0259t\u00e7iliyimizin f\u0259ls\u0259f\u0259sini yaratd\u0131. \u018fn q\u0131sa m\u00fcdd\u0259td\u0259 \u00f6lk\u0259d\u0259 ictimai-siyasi sabitlik b\u0259rq\u0259rar oldu. M\u0259hz bel\u0259 m\u00fcr\u0259kk\u0259b \u015f\u0259raitd\u0259 \u00fcmummilli lider Heyd\u0259r \u018fliyevin siyasi irad\u0259si Az\u0259rbaycan\u0131n D\u00f6vl\u0259t M\u00fcst\u0259qilliyinin qarant\u0131na \u00e7evrildi.<br \/>\n1993-c\u00fc ilin iyunun 24-d\u0259 yaranm\u0131\u015f m\u00fcr\u0259kk\u0259b prosesl\u0259rl\u0259 ba\u011fl\u0131 \u018fb\u00fclf\u0259z \u00a0El\u00e7ib\u0259y Bak\u0131n\u0131 t\u0259rk etdiyin\u0259 g\u00f6r\u0259, Milli M\u0259clisin q\u0259rar\u0131 il\u0259 Heyd\u0259r \u018fliyev Az\u0259rbaycan Respublikas\u0131 Prezidentinin s\u0259lahiyy\u0259tl\u0259rini icra etm\u0259y\u0259 ba\u015flad\u0131. Ulu \u00f6nd\u0259r Heyd\u0259r \u018fliyevin Az\u0259rbaycana ikinci d\u0259f\u0259 siyasi hakimiyy\u0259t\u0259 qay\u0131d\u0131\u015f\u0131ndan sonra qar\u015f\u0131da h\u0259l\u0259 g\u00f6r\u00fclm\u0259li m\u00fch\u00fcm \u00a0t\u0259dbirl\u0259r-D\u00f6vl\u0259t M\u00fcst\u0259qilliyinin t\u0259min olunmas\u0131, xalq\u0131 d\u00fc\u00e7ar oldu\u011fu m\u00fcharib\u0259d\u0259n s\u00fclh dan\u0131\u015f\u0131qlar\u0131 yolu il\u0259 qurtarmaq \u00fc\u00e7\u00fcn daxili v\u0259 xarici siyas\u0259ti h\u0259yata ke\u00e7irm\u0259k, da\u011f\u0131d\u0131lm\u0131\u015f v\u0259 talanm\u0131\u015f iqtisadiyyat\u0131 b\u0259rpa etm\u0259k dayan\u0131rd\u0131.<\/p>\n<p>\u00dcmummilli liderin h\u0259yata ke\u00e7irdiyi t\u0259xir\u0259sal\u0131nmaz sosial-iqtisadi, siyasi v\u0259 m\u0259n\u0259vi t\u0259dbirl\u0259rin n\u0259tic\u0259si kimi, Milli Ordunun formala\u015fd\u0131r\u0131lmas\u0131, torpaqlar\u0131m\u0131z\u0131n m\u00fcdafi\u0259 olunmas\u0131 il\u0259 ba\u011fl\u0131 m\u00fch\u00fcm add\u0131mlar at\u0131lma\u011fa ba\u015fland\u0131, dig\u0259r t\u0259r\u0259fd\u0259n o d\u00f6vrd\u0259ki M\u00fcdafi\u0259 nazirinin m\u00fcavini separat\u00e7\u0131 \u018flikram H\u00fcmb\u0259tovun r\u0259hb\u0259rliyi il\u0259 L\u0259nk\u0259randa qondarma \u201cTal\u0131\u015f-Mu\u011fan Respublikas\u0131\u201d qurulmas\u0131n\u0131n, eyni zamanda \u015fimal \u0259razisind\u0259 separat\u00e7\u0131 q\u00fcvv\u0259l\u0259rin m\u00fcqavim\u0259tinin qar\u015f\u0131s\u0131 vaxt\u0131nda al\u0131nd\u0131. Xalq \u00f6z liderini \u00f6lk\u0259 ba\u015f\u00e7\u0131s\u0131 g\u00f6rm\u0259k arzusunda idi. Bu m\u0259qs\u0259dl\u0259 1993-c\u00fc ilin oktyabr ay\u0131n\u0131n 3-d\u0259 ulu \u00f6nd\u0259r Heyd\u0259r \u018fliyev \u00fcmumxalq s\u0259sverm\u0259 yolu il\u0259 Az\u0259rbaycan Respublikas\u0131n\u0131n Prezidenti se\u00e7ildi.<\/p>\n<p>Q\u0131sa zamanda Ulu \u00d6nd\u0259rin siyasi idar\u0259etm\u0259 qabiliyy\u0259ti, xarizmas\u0131, q\u0259tiyy\u0259ti v\u0259 uzaqg\u00f6r\u0259nliyi \u00a0il\u0259 \u00f6lk\u0259d\u0259ki b\u00f6hrana \u00a0son qoyuldu. Onun ilk vacib \u00a0q\u0259rarlar\u0131ndan biri i\u015f\u011fal\u00e7\u0131 Erm\u0259nistanla m\u00fcv\u0259qq\u0259ti s\u00fclh sazi\u015finin ba\u011flanmas\u0131 oldu. 1994-c\u00fc ilin may ay\u0131n\u0131n 12-d\u0259 Bi\u015fkekd\u0259 \u00a0at\u0259\u015fk\u0259s \u0259ld\u0259 edildi. At\u0259\u015fk\u0259sin m\u00fch\u00fcm \u0259h\u0259miyy\u0259ti ondan ibar\u0259t idi ki, d\u00f6vl\u0259tin inki\u015faf\u0131na \u00a0\u0259ng\u0259l t\u00f6r\u0259d\u0259n mane\u0259l\u0259r aradan qald\u0131r\u0131ls\u0131n, ordu quruculu\u011funa ba\u015flan\u0131ls\u0131n v\u0259 b\u00fct\u00fcn siyasi v\u0259 diplomatik vasit\u0259l\u0259rin i\u015f\u0259 sal\u0131nmas\u0131 il\u0259 \u00f6lk\u0259mizin d\u00fcnya birliyin\u0259 inteqrasiyas\u0131 s\u00fcr\u0259tl\u0259ndirilsin.<\/p>\n<p>\u0130qtisadi v\u0259 enerji t\u0259hl\u00fck\u0259sizliyinin qarant\u0131 kimi 1994-c\u00fc ilin 20 sentyabr\u0131nda imzalanm\u0131\u015f \u201c\u018fsrin M\u00fcqavil\u0259si\u201d v\u0259 onun ger\u00e7\u0259kl\u0259\u015fdirilm\u0259si, ulu \u00f6nd\u0259r Heyd\u0259r \u018fliyev t\u0259r\u0259find\u0259n i\u015fl\u0259nib haz\u0131rlanan v\u0259 m\u00fcst\u0259qil Az\u0259rbaycan\u0131n iqtisadi inki\u015faf konsepsiyas\u0131n\u0131n \u0259sas\u0131n\u0131 t\u0259\u015fkil ed\u0259n neft strategiyas\u0131n\u0131n h\u0259yata ke\u00e7irilm\u0259sinin parlaq t\u0259zah\u00fcr\u00fcd\u00fcr. X\u0259z\u0259rin Az\u0259rbaycan sektorundak\u0131 \u201cAz\u0259ri\u201d, \u201c\u00c7\u0131raq\u201d, \u201cG\u00fcn\u0259\u015fli\u201d yataqlar\u0131n\u0131n d\u0259rin qatlar\u0131ndak\u0131 neftin birg\u0259 i\u015fl\u0259nm\u0259si haqq\u0131nda d\u0259y\u0259ri 7,4 mlrd. dollar olan \u201cHasilat\u0131n pay b\u00f6lg\u00fcs\u00fc\u201d m\u00fcqavil\u0259si sonradan Az\u0259rbaycana xeyli dividentl\u0259r g\u0259tir\u0259c\u0259kdi. \u201c\u018fsrin M\u00fcqavil\u0259si\u201dnd\u0259 d\u00fcnyan\u0131n 8 \u00f6lk\u0259si (Az\u0259rbaycan, T\u00fcrkiy\u0259, Rusiya, AB\u015e, B\u00f6y\u00fck Britaniya, Yaponiya, Norve\u00e7 v\u0259 S\u0259udiyy\u0259 \u018fr\u0259bistan\u0131) i\u015ftirak etmi\u015fdir.<\/p>\n<p>\u201c\u018fsrin M\u00fcqavil\u0259si\u201dnin ilk g\u00fcnl\u0259rind\u0259n ba\u015flayaraq Az\u0259rbaycan Beyn\u0259lxalq \u018fm\u0259liyyat \u015firk\u0259ti yarad\u0131ld\u0131 v\u0259 t\u0259sdiq olunmu\u015f vahid proqram \u00fczr\u0259 ARDN\u015e il\u0259 birlikd\u0259 i\u015fl\u0259r\u0259 ba\u015flan\u0131ld\u0131. Bu sazi\u015f sonradan d\u00fcnyan\u0131n 19 \u00f6lk\u0259sinin 41 neft \u015firk\u0259ti il\u0259 30-d\u0259k sazi\u015fin imzalanmas\u0131 \u00fc\u00e7\u00fcn yol a\u00e7d\u0131. \u201c\u018fsrin M\u00fcqavil\u0259si\u201d h\u0259m karbohidrogen ehtiyatlar\u0131n\u0131n miqdar\u0131na, h\u0259m d\u0259 qoyulan s\u0259rmay\u0259l\u0259rin h\u0259cmin\u0259 g\u00f6r\u0259 d\u00fcnyada ba\u011flanan \u0259n iri sazi\u015fl\u0259r siyah\u0131s\u0131na daxil olmu\u015fdur. 1997-ci ild\u0259 \u00c7iraq neft hasilat\u0131na ba\u015flan\u0131ld\u0131.<\/p>\n<p>Ulu \u00d6nd\u0259rin xidm\u0259tl\u0259ri hesaba g\u0259lm\u0259z. Bununla ba\u011fl\u0131 saatlarla dan\u0131\u015fsaq bel\u0259 azd\u0131r. Heyd\u0259r \u018fliyev\u00a0 fenomeninin \u00a0d\u00f6vl\u0259t\u00e7iliyimiz\u0259\u00a0 verdiyi t\u00f6hv\u0259 bu g\u00fcnd\u0259 \u00f6z\u00fcn\u00fcn inki\u015faf m\u0259rh\u0259l\u0259sini ya\u015fay\u0131r. Prezident\u00a0 \u0130lham \u018fliyevin Heyd\u0259r \u018fliyev siyas\u0259tin\u0259 sadiqliyi v\u0259 bu x\u0259tti rasinal h\u0259d\u0259fl\u0259r\u0259 k\u00f6kl\u0259m\u0259si d\u00f6vl\u0259timiz\u0259 xeyli dividentl\u0259r qazand\u0131racaqd\u0131r. C\u0259nab Prezident \u0130lham \u018fliyev\u00a0 30 il\u0259 yax\u0131n bir m\u00fcdd\u0259td\u0259 d\u00fc\u015fm\u0259n tapda\u011f\u0131 alt\u0131nda olan torpaqlar\u0131m\u0131z\u0131 i\u015f\u011faldan azad ed\u0259r\u0259k \u00a0M\u00fcz\u0259ff\u0259r Ali Ba\u015f Komandan ad\u0131n\u0131 qazand\u0131. Bu g\u00fcn Az\u0259rbaycan xalq\u0131 ham\u0131l\u0131qla bu q\u0259l\u0259b\u0259nin sevincini ya\u015fay\u0131r.<\/p>\n<p>Biz\u00a0 inan\u0131r\u0131q ki, h\u0259l\u0259 bundan sonrada Prezident\u00a0 \u0130lham \u018fliyev\u00a0 xalq\u0131m\u0131z\u0131n d\u0259st\u0259yi il\u0259 qar\u015f\u0131ya qoyulmu\u015f v\u0259zif\u0259l\u0259rin \u00f6hd\u0259sind\u0259n layiqinc\u0259 g\u0259l\u0259r\u0259k, b\u00f6y\u00fck naliyy\u0259tl\u0259r\u0259 imza atacaqd\u0131r. Az\u0259rbaycan azad, m\u00fcst\u0259qil, dinamik inki\u015faf ed\u0259n \u00f6lk\u0259l\u0259r s\u0131ras\u0131nda h\u0259mi\u015f\u0259\u00a0 \u00f6z liderliyini\u00a0 qoruyub\u00a0 saxlayacaqd\u0131r.<\/p>\n<p><strong>M\u00fcrv\u0259t \u0130brahimov,<\/strong><br \/>\n<em>Bak\u0131 \u015f\u0259h\u0259ri Nizami Rayon \u0130cra Hakimiyy\u0259tinin m\u0259sul i\u015f\u00e7isi, tarix\u00e7i<\/em><\/p>\n","protected":false},"excerpt":{"rendered":"<p>\u201c\u0130ndi d\u00fcnyada m\u00fcst\u0259qil Az\u0259rbaycan d\u00f6vl\u0259ti var. Onun milli d\u00f6vl\u0259t bayra\u011f\u0131 var, milli himni var, milli gerbi var. Az\u0259rbaycan d\u00fcnya \u00a0birliyind\u0259 \u00f6z\u00fcn\u0259 \u00a0layiq yer tutubdur. Az\u0259rbaycan\u0131n\u00a0 d\u00f6vl\u0259t bayra\u011f\u0131\u00a0 b\u00fct\u00fcn beyn\u0259lxalq t\u0259\u015fkilatlar\u0131n iqam\u0259tgahlar\u0131 qar\u015f\u0131s\u0131nda\u00a0 dal\u011falan\u0131r, m\u00fcst\u0259qil Az\u0259rbaycan\u0131n ba\u015f\u0131 \u00fcst\u00fcnd\u0259 dal\u011falan\u0131r \u00a0v\u0259 daim dal\u011falanacaqd\u0131r,\u00a0 bu y\u00fcks\u0259klikl\u0259r\u0259\u00a0 qalxm\u0131\u015f bayraq\u00a0 bundan sonra he\u00e7\u00a0 vaxt\u00a0 enm\u0259y\u0259c\u0259kdir\u201d.\u00a0Bu m\u00fcdrik k\u0259lam\u0131n m\u00fc\u0259llifi olan\u00a0 Ulu \u00f6nd\u0259r Heyd\u0259r \u018fliyevin\u00a0 \u201cAz\u0259rbaycan Respublikas\u0131n\u0131n d\u00f6vl\u0259t \u00a0m\u00fcst\u0259qilliyi\u00a0 haqq\u0131nda\u201d\u00a0 Konstitusiya Akt\u0131n\u0131n\u00a0 q\u0259bul olunmas\u0131n\u0131n\u00a0 10-cu ild\u00f6n\u00fcm\u00fcn\u0259\u00a0 h\u0259sr olunmu\u015f\u00a0 Respublika\u00a0 saray\u0131nda ke\u00e7iril\u0259n\u00a0 zirv\u0259 t\u0259dbirind\u0259 -t\u0259nt\u0259n\u0259li m\u0259rasimd\u0259 nitqind\u0259n ( 17 oktyabr 2001) M\u00fcxt\u0259lif vaxtlarda xalq\u0131m\u0131z \u00e7\u0259tin v\u0259 k\u0259\u015fm\u0259k\u0259\u015fli h\u0259yat&hellip;<\/p>\n","protected":false},"author":2,"featured_media":570943,"comment_status":"closed","ping_status":"closed","sticky":false,"template":"","format":"standard","meta":{"om_disable_all_campaigns":false,"_monsterinsights_skip_tracking":false,"_monsterinsights_sitenote_active":false,"_monsterinsights_sitenote_note":"","_monsterinsights_sitenote_category":0},"categories":[19],"tags":[],"aioseo_notices":[],"gutentor_comment":0,"rttpg_featured_image_url":{"full":["https:\/\/arantv.az\/wp-content\/uploads\/2023\/03\/3a20f62a167186554728492972210841006.jpg",975,540,false],"landscape":["https:\/\/arantv.az\/wp-content\/uploads\/2023\/03\/3a20f62a167186554728492972210841006.jpg",975,540,false],"portraits":["https:\/\/arantv.az\/wp-content\/uploads\/2023\/03\/3a20f62a167186554728492972210841006.jpg",975,540,false],"thumbnail":["https:\/\/arantv.az\/wp-content\/uploads\/2023\/03\/3a20f62a167186554728492972210841006-500x280.jpg",500,280,true],"medium":["https:\/\/arantv.az\/wp-content\/uploads\/2023\/03\/3a20f62a167186554728492972210841006-660x365.jpg",660,365,true],"large":["https:\/\/arantv.az\/wp-content\/uploads\/2023\/03\/3a20f62a167186554728492972210841006-840x465.jpg",640,354,true],"1536x1536":["https:\/\/arantv.az\/wp-content\/uploads\/2023\/03\/3a20f62a167186554728492972210841006.jpg",975,540,false],"2048x2048":["https:\/\/arantv.az\/wp-content\/uploads\/2023\/03\/3a20f62a167186554728492972210841006.jpg",975,540,false],"post-thumbnail":["https:\/\/arantv.az\/wp-content\/uploads\/2023\/03\/3a20f62a167186554728492972210841006-240x172.jpg",240,172,true],"advps-thumb-one":["https:\/\/arantv.az\/wp-content\/uploads\/2023\/03\/3a20f62a167186554728492972210841006.jpg",975,540,false]},"rttpg_author":{"display_name":"V\u00fcsal Rafiqo\u011flu","author_link":"https:\/\/arantv.az\/?author=2"},"rttpg_comment":0,"rttpg_category":"<a href=\"https:\/\/arantv.az\/?cat=19\" rel=\"category\">G\u00fcnd\u0259m<\/a>","rttpg_excerpt":"\u201c\u0130ndi d\u00fcnyada m\u00fcst\u0259qil Az\u0259rbaycan d\u00f6vl\u0259ti var. Onun milli d\u00f6vl\u0259t bayra\u011f\u0131 var, milli himni var, milli gerbi var. Az\u0259rbaycan d\u00fcnya \u00a0birliyind\u0259 \u00f6z\u00fcn\u0259 \u00a0layiq yer tutubdur. Az\u0259rbaycan\u0131n\u00a0 d\u00f6vl\u0259t bayra\u011f\u0131\u00a0 b\u00fct\u00fcn beyn\u0259lxalq t\u0259\u015fkilatlar\u0131n iqam\u0259tgahlar\u0131 qar\u015f\u0131s\u0131nda\u00a0 dal\u011falan\u0131r, m\u00fcst\u0259qil Az\u0259rbaycan\u0131n ba\u015f\u0131 \u00fcst\u00fcnd\u0259 dal\u011falan\u0131r \u00a0v\u0259 daim dal\u011falanacaqd\u0131r,\u00a0 bu y\u00fcks\u0259klikl\u0259r\u0259\u00a0 qalxm\u0131\u015f bayraq\u00a0 bundan sonra he\u00e7\u00a0 vaxt\u00a0 enm\u0259y\u0259c\u0259kdir\u201d.\u00a0Bu m\u00fcdrik k\u0259lam\u0131n m\u00fc\u0259llifi olan\u00a0 Ulu&hellip;","_links":{"self":[{"href":"https:\/\/arantv.az\/index.php?rest_route=\/wp\/v2\/posts\/570942"}],"collection":[{"href":"https:\/\/arantv.az\/index.php?rest_route=\/wp\/v2\/posts"}],"about":[{"href":"https:\/\/arantv.az\/index.php?rest_route=\/wp\/v2\/types\/post"}],"author":[{"embeddable":true,"href":"https:\/\/arantv.az\/index.php?rest_route=\/wp\/v2\/users\/2"}],"replies":[{"embeddable":true,"href":"https:\/\/arantv.az\/index.php?rest_route=%2Fwp%2Fv2%2Fcomments&post=570942"}],"version-history":[{"count":0,"href":"https:\/\/arantv.az\/index.php?rest_route=\/wp\/v2\/posts\/570942\/revisions"}],"wp:featuredmedia":[{"embeddable":true,"href":"https:\/\/arantv.az\/index.php?rest_route=\/wp\/v2\/media\/570943"}],"wp:attachment":[{"href":"https:\/\/arantv.az\/index.php?rest_route=%2Fwp%2Fv2%2Fmedia&parent=570942"}],"wp:term":[{"taxonomy":"category","embeddable":true,"href":"https:\/\/arantv.az\/index.php?rest_route=%2Fwp%2Fv2%2Fcategories&post=570942"},{"taxonomy":"post_tag","embeddable":true,"href":"https:\/\/arantv.az\/index.php?rest_route=%2Fwp%2Fv2%2Ftags&post=570942"}],"curies":[{"name":"wp","href":"https:\/\/api.w.org\/{rel}","templated":true}]}}