{"id":570948,"date":"2023-03-01T10:46:45","date_gmt":"2023-03-01T07:46:45","guid":{"rendered":"https:\/\/arantv.az\/?p=570948"},"modified":"2023-03-01T10:46:45","modified_gmt":"2023-03-01T07:46:45","slug":"17-il-sonra-bakida-video-2","status":"publish","type":"post","link":"https:\/\/arantv.az\/?p=570948","title":{"rendered":"17 il sonra Bak\u0131da! &#8211; V\u0130DEO"},"content":{"rendered":"<article class=\"news\">\n<div class=\"news-inner\">\n<p>\u201c\u015eirvan\u015fahlar Residence\u201din ba\u015f sponsorlu\u011fu il\u0259 T\u00fcrkiy\u0259nin tan\u0131nm\u0131\u015f m\u00fc\u011f\u0259nnisi Mahsun K\u0131rm\u0131z\u0131g\u00fcl 17 il sonra Bak\u0131da m\u00f6ht\u0259\u015f\u0259m konsert proqram\u0131 il\u0259 \u00e7\u0131x\u0131\u015f ed\u0259c\u0259k.<\/p>\n<p>\u201cDinle\u201d, \u201cVefas\u0131z\u201d, Sar\u0131, sar\u0131\u201d, \u201cY\u0131k\u0131lmad\u0131m\u201d v\u0259 dig\u0259r ifalar\u0131 il\u0259 T\u00fcrkiy\u0259nin sevil\u0259n m\u00fc\u011f\u0259nni, aktyor, rejissor, ssenarist v\u0259 b\u0259st\u0259kar\u0131 Mahsun K\u0131rm\u0131z\u0131g\u00fcl\u00fcn konserti\u00a0<strong>12 mart 2023\u00a0<\/strong>tarixind\u0259 Bak\u0131 Konqres M\u0259rk\u0259zind\u0259 ba\u015f tutacaq.<\/p>\n<div class=\"AdviadNativeVideo\"><\/div>\n<p>Biletl\u0259ri \u015f\u0259h\u0259rin b\u00fct\u00fcn kassalar\u0131ndan, \u201c28 Mall\u201d, \u201cG\u0259nclik Mall\u201ddan, \u201cASAN Xidm\u0259t\u201d\u00a0 m\u0259rk\u0259zl\u0259rind\u0259n v\u0259 onlayn \u015f\u0259kild\u0259\u00a0<a href=\"https:\/\/iticket.az\/events\/concerts\/mahsun-kirmizigul\/82633\" target=\"_blank\" rel=\"noopener\">www.iticket.az<\/a>\u00a0sayt\u0131ndan \u0259ld\u0259 ed\u0259 bil\u0259rsiniz.<\/p>\n<p><strong>Biletl\u0259ri \u0259ld\u0259 etm\u0259y\u0259 t\u0259l\u0259sin!<\/strong><\/p>\n<p>Bak\u0131 Konqres M\u0259rk\u0259zi &#8211; 12.03.2023<\/p>\n<p>Saat: 20:00 &#8211; 22:00<\/p>\n<p>Qiym\u0259t: 55-550\u20bc<\/p>\n<p>#anadoluevent \u00a0<a href=\"https:\/\/www.facebook.com\/watch\/hashtag\/mahsunk%C4%B1rm%C4%B1z%C4%B1g%C3%BCl?__eep__=6%2F&amp;__tn__=*NK-R\"><strong>#mahsunk\u0131rm\u0131z\u0131g\u00fcl<\/strong><\/a><\/p>\n<div><iframe loading=\"lazy\" src=\"https:\/\/baku.tv\/embed\/74741\" width=\"560\" height=\"315\" frameborder=\"0\" allowfullscreen=\"allowfullscreen\" data-mce-fragment=\"1\"><\/iframe><\/div>\n<\/div>\n<\/article>\n","protected":false},"excerpt":{"rendered":"<p>\u201c\u015eirvan\u015fahlar Residence\u201din ba\u015f sponsorlu\u011fu il\u0259 T\u00fcrkiy\u0259nin tan\u0131nm\u0131\u015f m\u00fc\u011f\u0259nnisi Mahsun K\u0131rm\u0131z\u0131g\u00fcl 17 il sonra Bak\u0131da m\u00f6ht\u0259\u015f\u0259m konsert proqram\u0131 il\u0259 \u00e7\u0131x\u0131\u015f ed\u0259c\u0259k. \u201cDinle\u201d, \u201cVefas\u0131z\u201d, Sar\u0131, sar\u0131\u201d, \u201cY\u0131k\u0131lmad\u0131m\u201d v\u0259 dig\u0259r ifalar\u0131 il\u0259 T\u00fcrkiy\u0259nin sevil\u0259n m\u00fc\u011f\u0259nni, aktyor, rejissor, ssenarist v\u0259 b\u0259st\u0259kar\u0131 Mahsun K\u0131rm\u0131z\u0131g\u00fcl\u00fcn konserti\u00a012 mart 2023\u00a0tarixind\u0259 Bak\u0131 Konqres M\u0259rk\u0259zind\u0259 ba\u015f tutacaq. Biletl\u0259ri \u015f\u0259h\u0259rin b\u00fct\u00fcn kassalar\u0131ndan, \u201c28 Mall\u201d, \u201cG\u0259nclik Mall\u201ddan, \u201cASAN Xidm\u0259t\u201d\u00a0 m\u0259rk\u0259zl\u0259rind\u0259n v\u0259 onlayn \u015f\u0259kild\u0259\u00a0www.iticket.az\u00a0sayt\u0131ndan \u0259ld\u0259 ed\u0259 bil\u0259rsiniz. Biletl\u0259ri \u0259ld\u0259 etm\u0259y\u0259 t\u0259l\u0259sin! Bak\u0131 Konqres M\u0259rk\u0259zi &#8211; 12.03.2023 Saat: 20:00 &#8211; 22:00 Qiym\u0259t: 55-550\u20bc #anadoluevent \u00a0#mahsunk\u0131rm\u0131z\u0131g\u00fcl<\/p>\n","protected":false},"author":2,"featured_media":570949,"comment_status":"closed","ping_status":"closed","sticky":false,"template":"","format":"standard","meta":{"om_disable_all_campaigns":false,"_monsterinsights_skip_tracking":false,"_monsterinsights_sitenote_active":false,"_monsterinsights_sitenote_note":"","_monsterinsights_sitenote_category":0},"categories":[20],"tags":[],"aioseo_notices":[],"gutentor_comment":0,"rttpg_featured_image_url":{"full":["https:\/\/arantv.az\/wp-content\/uploads\/2023\/03\/FotoJet-2023-03-01T114036.492.jpg",620,413,false],"landscape":["https:\/\/arantv.az\/wp-content\/uploads\/2023\/03\/FotoJet-2023-03-01T114036.492.jpg",620,413,false],"portraits":["https:\/\/arantv.az\/wp-content\/uploads\/2023\/03\/FotoJet-2023-03-01T114036.492.jpg",620,413,false],"thumbnail":["https:\/\/arantv.az\/wp-content\/uploads\/2023\/03\/FotoJet-2023-03-01T114036.492-500x280.jpg",500,280,true],"medium":["https:\/\/arantv.az\/wp-content\/uploads\/2023\/03\/FotoJet-2023-03-01T114036.492-548x365.jpg",548,365,true],"large":["https:\/\/arantv.az\/wp-content\/uploads\/2023\/03\/FotoJet-2023-03-01T114036.492.jpg",620,413,false],"1536x1536":["https:\/\/arantv.az\/wp-content\/uploads\/2023\/03\/FotoJet-2023-03-01T114036.492.jpg",620,413,false],"2048x2048":["https:\/\/arantv.az\/wp-content\/uploads\/2023\/03\/FotoJet-2023-03-01T114036.492.jpg",620,413,false],"post-thumbnail":["https:\/\/arantv.az\/wp-content\/uploads\/2023\/03\/FotoJet-2023-03-01T114036.492-240x172.jpg",240,172,true],"advps-thumb-one":["https:\/\/arantv.az\/wp-content\/uploads\/2023\/03\/FotoJet-2023-03-01T114036.492.jpg",620,413,false]},"rttpg_author":{"display_name":"V\u00fcsal Rafiqo\u011flu","author_link":"https:\/\/arantv.az\/?author=2"},"rttpg_comment":0,"rttpg_category":"<a href=\"https:\/\/arantv.az\/?cat=20\" rel=\"category\">\u015eou biznes<\/a>","rttpg_excerpt":"\u201c\u015eirvan\u015fahlar Residence\u201din ba\u015f sponsorlu\u011fu il\u0259 T\u00fcrkiy\u0259nin tan\u0131nm\u0131\u015f m\u00fc\u011f\u0259nnisi Mahsun K\u0131rm\u0131z\u0131g\u00fcl 17 il sonra Bak\u0131da m\u00f6ht\u0259\u015f\u0259m konsert proqram\u0131 il\u0259 \u00e7\u0131x\u0131\u015f ed\u0259c\u0259k. \u201cDinle\u201d, \u201cVefas\u0131z\u201d, Sar\u0131, sar\u0131\u201d, \u201cY\u0131k\u0131lmad\u0131m\u201d v\u0259 dig\u0259r ifalar\u0131 il\u0259 T\u00fcrkiy\u0259nin sevil\u0259n m\u00fc\u011f\u0259nni, aktyor, rejissor, ssenarist v\u0259 b\u0259st\u0259kar\u0131 Mahsun K\u0131rm\u0131z\u0131g\u00fcl\u00fcn konserti\u00a012 mart 2023\u00a0tarixind\u0259 Bak\u0131 Konqres M\u0259rk\u0259zind\u0259 ba\u015f tutacaq. Biletl\u0259ri \u015f\u0259h\u0259rin b\u00fct\u00fcn kassalar\u0131ndan, \u201c28 Mall\u201d, \u201cG\u0259nclik Mall\u201ddan,&hellip;","_links":{"self":[{"href":"https:\/\/arantv.az\/index.php?rest_route=\/wp\/v2\/posts\/570948"}],"collection":[{"href":"https:\/\/arantv.az\/index.php?rest_route=\/wp\/v2\/posts"}],"about":[{"href":"https:\/\/arantv.az\/index.php?rest_route=\/wp\/v2\/types\/post"}],"author":[{"embeddable":true,"href":"https:\/\/arantv.az\/index.php?rest_route=\/wp\/v2\/users\/2"}],"replies":[{"embeddable":true,"href":"https:\/\/arantv.az\/index.php?rest_route=%2Fwp%2Fv2%2Fcomments&post=570948"}],"version-history":[{"count":0,"href":"https:\/\/arantv.az\/index.php?rest_route=\/wp\/v2\/posts\/570948\/revisions"}],"wp:featuredmedia":[{"embeddable":true,"href":"https:\/\/arantv.az\/index.php?rest_route=\/wp\/v2\/media\/570949"}],"wp:attachment":[{"href":"https:\/\/arantv.az\/index.php?rest_route=%2Fwp%2Fv2%2Fmedia&parent=570948"}],"wp:term":[{"taxonomy":"category","embeddable":true,"href":"https:\/\/arantv.az\/index.php?rest_route=%2Fwp%2Fv2%2Fcategories&post=570948"},{"taxonomy":"post_tag","embeddable":true,"href":"https:\/\/arantv.az\/index.php?rest_route=%2Fwp%2Fv2%2Ftags&post=570948"}],"curies":[{"name":"wp","href":"https:\/\/api.w.org\/{rel}","templated":true}]}}