{"id":570951,"date":"2023-03-01T10:47:50","date_gmt":"2023-03-01T07:47:50","guid":{"rendered":"https:\/\/arantv.az\/?p=570951"},"modified":"2023-03-01T10:47:50","modified_gmt":"2023-03-01T07:47:50","slug":"imislid%c9%99-qanunsuz-ov-ed%c9%99n-kuveyt-v%c9%99t%c9%99ndaslari-c%c9%99zalandiriliblar","status":"publish","type":"post","link":"https:\/\/arantv.az\/?p=570951","title":{"rendered":"\u0130mi\u015flid\u0259 qanunsuz ov ed\u0259n K\u00fcveyt v\u0259t\u0259nda\u015flar\u0131 c\u0259zaland\u0131r\u0131l\u0131blar"},"content":{"rendered":"<p>D\u00f6vl\u0259t Ekoloji T\u0259hl\u00fck\u0259sizlik Xidm\u0259tinin \u0259m\u0259kda\u015flar\u0131 t\u0259r\u0259find\u0259n ke\u00e7iril\u0259n n\u00f6vb\u0259ti n\u0259zar\u0259t t\u0259dbirl\u0259ri zaman\u0131 \u0130mi\u015fli rayonu \u0259razisind\u0259 qanunsuz ov ed\u0259n \u0259cn\u0259bi v\u0259t\u0259nda\u015flar saxlan\u0131l\u0131blar.<\/p>\n<p>Xidm\u0259t r\u0259smisi B\u0259hruz M\u0259h\u0259mm\u0259dov bildirib ki, ara\u015fd\u0131rma zaman\u0131 qanunsuz ov ed\u0259n \u015f\u0259xsl\u0259rin K\u00fcveyt v\u0259t\u0259nda\u015flar\u0131 Xalid Alsaid v\u0259 Ahmad Aluda olduqlar\u0131 m\u00fc\u0259yy\u0259n edilib.<\/p>\n<p>\u201cFaktla ba\u011fl\u0131 t\u0259qsirkar \u015f\u0259xsl\u0259r bar\u0259sind\u0259 qanunam\u00fcvafiq t\u0259dbirl\u0259r g\u00f6r\u00fcl\u00fcb\u201d, &#8211; o deyib.<\/p>\n","protected":false},"excerpt":{"rendered":"<p>D\u00f6vl\u0259t Ekoloji T\u0259hl\u00fck\u0259sizlik Xidm\u0259tinin \u0259m\u0259kda\u015flar\u0131 t\u0259r\u0259find\u0259n ke\u00e7iril\u0259n n\u00f6vb\u0259ti n\u0259zar\u0259t t\u0259dbirl\u0259ri zaman\u0131 \u0130mi\u015fli rayonu \u0259razisind\u0259 qanunsuz ov ed\u0259n \u0259cn\u0259bi v\u0259t\u0259nda\u015flar saxlan\u0131l\u0131blar. Xidm\u0259t r\u0259smisi B\u0259hruz M\u0259h\u0259mm\u0259dov bildirib ki, ara\u015fd\u0131rma zaman\u0131 qanunsuz ov ed\u0259n \u015f\u0259xsl\u0259rin K\u00fcveyt v\u0259t\u0259nda\u015flar\u0131 Xalid Alsaid v\u0259 Ahmad Aluda olduqlar\u0131 m\u00fc\u0259yy\u0259n edilib. \u201cFaktla ba\u011fl\u0131 t\u0259qsirkar \u015f\u0259xsl\u0259r bar\u0259sind\u0259 qanunam\u00fcvafiq t\u0259dbirl\u0259r g\u00f6r\u00fcl\u00fcb\u201d, &#8211; o deyib.<\/p>\n","protected":false},"author":2,"featured_media":570952,"comment_status":"closed","ping_status":"closed","sticky":false,"template":"","format":"standard","meta":{"om_disable_all_campaigns":false,"_monsterinsights_skip_tracking":false,"_monsterinsights_sitenote_active":false,"_monsterinsights_sitenote_note":"","_monsterinsights_sitenote_category":0},"categories":[5],"tags":[],"aioseo_notices":[],"gutentor_comment":0,"rttpg_featured_image_url":{"full":["https:\/\/arantv.az\/wp-content\/uploads\/2023\/03\/FotoJet-55-1-1-1.jpg",620,413,false],"landscape":["https:\/\/arantv.az\/wp-content\/uploads\/2023\/03\/FotoJet-55-1-1-1.jpg",620,413,false],"portraits":["https:\/\/arantv.az\/wp-content\/uploads\/2023\/03\/FotoJet-55-1-1-1.jpg",620,413,false],"thumbnail":["https:\/\/arantv.az\/wp-content\/uploads\/2023\/03\/FotoJet-55-1-1-1-500x280.jpg",500,280,true],"medium":["https:\/\/arantv.az\/wp-content\/uploads\/2023\/03\/FotoJet-55-1-1-1-548x365.jpg",548,365,true],"large":["https:\/\/arantv.az\/wp-content\/uploads\/2023\/03\/FotoJet-55-1-1-1.jpg",620,413,false],"1536x1536":["https:\/\/arantv.az\/wp-content\/uploads\/2023\/03\/FotoJet-55-1-1-1.jpg",620,413,false],"2048x2048":["https:\/\/arantv.az\/wp-content\/uploads\/2023\/03\/FotoJet-55-1-1-1.jpg",620,413,false],"post-thumbnail":["https:\/\/arantv.az\/wp-content\/uploads\/2023\/03\/FotoJet-55-1-1-1-240x172.jpg",240,172,true],"advps-thumb-one":["https:\/\/arantv.az\/wp-content\/uploads\/2023\/03\/FotoJet-55-1-1-1.jpg",620,413,false]},"rttpg_author":{"display_name":"V\u00fcsal Rafiqo\u011flu","author_link":"https:\/\/arantv.az\/?author=2"},"rttpg_comment":0,"rttpg_category":"<a href=\"https:\/\/arantv.az\/?cat=5\" rel=\"category\">Hadis\u0259<\/a>","rttpg_excerpt":"D\u00f6vl\u0259t Ekoloji T\u0259hl\u00fck\u0259sizlik Xidm\u0259tinin \u0259m\u0259kda\u015flar\u0131 t\u0259r\u0259find\u0259n ke\u00e7iril\u0259n n\u00f6vb\u0259ti n\u0259zar\u0259t t\u0259dbirl\u0259ri zaman\u0131 \u0130mi\u015fli rayonu \u0259razisind\u0259 qanunsuz ov ed\u0259n \u0259cn\u0259bi v\u0259t\u0259nda\u015flar saxlan\u0131l\u0131blar. Xidm\u0259t r\u0259smisi B\u0259hruz M\u0259h\u0259mm\u0259dov bildirib ki, ara\u015fd\u0131rma zaman\u0131 qanunsuz ov ed\u0259n \u015f\u0259xsl\u0259rin K\u00fcveyt v\u0259t\u0259nda\u015flar\u0131 Xalid Alsaid v\u0259 Ahmad Aluda olduqlar\u0131 m\u00fc\u0259yy\u0259n edilib. \u201cFaktla ba\u011fl\u0131 t\u0259qsirkar \u015f\u0259xsl\u0259r bar\u0259sind\u0259 qanunam\u00fcvafiq t\u0259dbirl\u0259r g\u00f6r\u00fcl\u00fcb\u201d, &#8211; o deyib.","_links":{"self":[{"href":"https:\/\/arantv.az\/index.php?rest_route=\/wp\/v2\/posts\/570951"}],"collection":[{"href":"https:\/\/arantv.az\/index.php?rest_route=\/wp\/v2\/posts"}],"about":[{"href":"https:\/\/arantv.az\/index.php?rest_route=\/wp\/v2\/types\/post"}],"author":[{"embeddable":true,"href":"https:\/\/arantv.az\/index.php?rest_route=\/wp\/v2\/users\/2"}],"replies":[{"embeddable":true,"href":"https:\/\/arantv.az\/index.php?rest_route=%2Fwp%2Fv2%2Fcomments&post=570951"}],"version-history":[{"count":0,"href":"https:\/\/arantv.az\/index.php?rest_route=\/wp\/v2\/posts\/570951\/revisions"}],"wp:featuredmedia":[{"embeddable":true,"href":"https:\/\/arantv.az\/index.php?rest_route=\/wp\/v2\/media\/570952"}],"wp:attachment":[{"href":"https:\/\/arantv.az\/index.php?rest_route=%2Fwp%2Fv2%2Fmedia&parent=570951"}],"wp:term":[{"taxonomy":"category","embeddable":true,"href":"https:\/\/arantv.az\/index.php?rest_route=%2Fwp%2Fv2%2Fcategories&post=570951"},{"taxonomy":"post_tag","embeddable":true,"href":"https:\/\/arantv.az\/index.php?rest_route=%2Fwp%2Fv2%2Ftags&post=570951"}],"curies":[{"name":"wp","href":"https:\/\/api.w.org\/{rel}","templated":true}]}}