{"id":570966,"date":"2023-03-01T10:57:06","date_gmt":"2023-03-01T07:57:06","guid":{"rendered":"https:\/\/arantv.az\/?p=570966"},"modified":"2023-03-01T10:57:06","modified_gmt":"2023-03-01T07:57:06","slug":"imislid%c9%99-doqquz-yasli-oglan-faci%c9%99li-s%c9%99kild%c9%99-oldu","status":"publish","type":"post","link":"https:\/\/arantv.az\/?p=570966","title":{"rendered":"\u0130mi\u015flid\u0259 doqquz ya\u015fl\u0131 o\u011flan faci\u0259li \u015f\u0259kild\u0259 \u00f6ld\u00fc"},"content":{"rendered":"<p>\u0130mi\u015flid\u0259 a\u011f\u0131r yol-n\u0259qliyyat hadis\u0259si ba\u015f verib.<\/p>\n<div class=\"AdviadNativeVideo\"><\/div>\n<p>\u201cQafqazinfo\u201d x\u0259b\u0259r verir ki, rayonun \u00c7ax\u0131rl\u0131 k\u0259ndi \u0259razisind\u0259 H\u00fcseyn H\u0259t\u0259mxanov idar\u0259 etdiyi \u201cMercedes-Benz\u201d markal\u0131 y\u00fck ma\u015f\u0131n\u0131 il\u0259 2014-c\u00fc il t\u0259v\u0259ll\u00fcdl\u00fc Cavid Mehdizad\u0259ni vurub.<\/p>\n<p>A\u011f\u0131r x\u0259sar\u0259t alan azya\u015fl\u0131 hadis\u0259 yerind\u0259 \u00f6l\u00fcb.<\/p>\n<p>Faktla ba\u011fl\u0131 cinay\u0259t i\u015fi a\u00e7\u0131l\u0131b, ara\u015fd\u0131rma apar\u0131l\u0131r.<\/p>\n","protected":false},"excerpt":{"rendered":"<p>\u0130mi\u015flid\u0259 a\u011f\u0131r yol-n\u0259qliyyat hadis\u0259si ba\u015f verib. \u201cQafqazinfo\u201d x\u0259b\u0259r verir ki, rayonun \u00c7ax\u0131rl\u0131 k\u0259ndi \u0259razisind\u0259 H\u00fcseyn H\u0259t\u0259mxanov idar\u0259 etdiyi \u201cMercedes-Benz\u201d markal\u0131 y\u00fck ma\u015f\u0131n\u0131 il\u0259 2014-c\u00fc il t\u0259v\u0259ll\u00fcdl\u00fc Cavid Mehdizad\u0259ni vurub. A\u011f\u0131r x\u0259sar\u0259t alan azya\u015fl\u0131 hadis\u0259 yerind\u0259 \u00f6l\u00fcb. Faktla ba\u011fl\u0131 cinay\u0259t i\u015fi a\u00e7\u0131l\u0131b, ara\u015fd\u0131rma apar\u0131l\u0131r.<\/p>\n","protected":false},"author":2,"featured_media":570967,"comment_status":"closed","ping_status":"closed","sticky":false,"template":"","format":"standard","meta":{"om_disable_all_campaigns":false,"_monsterinsights_skip_tracking":false,"_monsterinsights_sitenote_active":false,"_monsterinsights_sitenote_note":"","_monsterinsights_sitenote_category":0},"categories":[5],"tags":[],"aioseo_notices":[],"gutentor_comment":0,"rttpg_featured_image_url":{"full":["https:\/\/arantv.az\/wp-content\/uploads\/2023\/03\/FotoJet-2021-11-10T093307.035.jpg",620,413,false],"landscape":["https:\/\/arantv.az\/wp-content\/uploads\/2023\/03\/FotoJet-2021-11-10T093307.035.jpg",620,413,false],"portraits":["https:\/\/arantv.az\/wp-content\/uploads\/2023\/03\/FotoJet-2021-11-10T093307.035.jpg",620,413,false],"thumbnail":["https:\/\/arantv.az\/wp-content\/uploads\/2023\/03\/FotoJet-2021-11-10T093307.035-500x280.jpg",500,280,true],"medium":["https:\/\/arantv.az\/wp-content\/uploads\/2023\/03\/FotoJet-2021-11-10T093307.035-548x365.jpg",548,365,true],"large":["https:\/\/arantv.az\/wp-content\/uploads\/2023\/03\/FotoJet-2021-11-10T093307.035.jpg",620,413,false],"1536x1536":["https:\/\/arantv.az\/wp-content\/uploads\/2023\/03\/FotoJet-2021-11-10T093307.035.jpg",620,413,false],"2048x2048":["https:\/\/arantv.az\/wp-content\/uploads\/2023\/03\/FotoJet-2021-11-10T093307.035.jpg",620,413,false],"post-thumbnail":["https:\/\/arantv.az\/wp-content\/uploads\/2023\/03\/FotoJet-2021-11-10T093307.035-240x172.jpg",240,172,true],"advps-thumb-one":["https:\/\/arantv.az\/wp-content\/uploads\/2023\/03\/FotoJet-2021-11-10T093307.035.jpg",620,413,false]},"rttpg_author":{"display_name":"V\u00fcsal Rafiqo\u011flu","author_link":"https:\/\/arantv.az\/?author=2"},"rttpg_comment":0,"rttpg_category":"<a href=\"https:\/\/arantv.az\/?cat=5\" rel=\"category\">Hadis\u0259<\/a>","rttpg_excerpt":"\u0130mi\u015flid\u0259 a\u011f\u0131r yol-n\u0259qliyyat hadis\u0259si ba\u015f verib. \u201cQafqazinfo\u201d x\u0259b\u0259r verir ki, rayonun \u00c7ax\u0131rl\u0131 k\u0259ndi \u0259razisind\u0259 H\u00fcseyn H\u0259t\u0259mxanov idar\u0259 etdiyi \u201cMercedes-Benz\u201d markal\u0131 y\u00fck ma\u015f\u0131n\u0131 il\u0259 2014-c\u00fc il t\u0259v\u0259ll\u00fcdl\u00fc Cavid Mehdizad\u0259ni vurub. A\u011f\u0131r x\u0259sar\u0259t alan azya\u015fl\u0131 hadis\u0259 yerind\u0259 \u00f6l\u00fcb. Faktla ba\u011fl\u0131 cinay\u0259t i\u015fi a\u00e7\u0131l\u0131b, ara\u015fd\u0131rma apar\u0131l\u0131r.","_links":{"self":[{"href":"https:\/\/arantv.az\/index.php?rest_route=\/wp\/v2\/posts\/570966"}],"collection":[{"href":"https:\/\/arantv.az\/index.php?rest_route=\/wp\/v2\/posts"}],"about":[{"href":"https:\/\/arantv.az\/index.php?rest_route=\/wp\/v2\/types\/post"}],"author":[{"embeddable":true,"href":"https:\/\/arantv.az\/index.php?rest_route=\/wp\/v2\/users\/2"}],"replies":[{"embeddable":true,"href":"https:\/\/arantv.az\/index.php?rest_route=%2Fwp%2Fv2%2Fcomments&post=570966"}],"version-history":[{"count":0,"href":"https:\/\/arantv.az\/index.php?rest_route=\/wp\/v2\/posts\/570966\/revisions"}],"wp:featuredmedia":[{"embeddable":true,"href":"https:\/\/arantv.az\/index.php?rest_route=\/wp\/v2\/media\/570967"}],"wp:attachment":[{"href":"https:\/\/arantv.az\/index.php?rest_route=%2Fwp%2Fv2%2Fmedia&parent=570966"}],"wp:term":[{"taxonomy":"category","embeddable":true,"href":"https:\/\/arantv.az\/index.php?rest_route=%2Fwp%2Fv2%2Fcategories&post=570966"},{"taxonomy":"post_tag","embeddable":true,"href":"https:\/\/arantv.az\/index.php?rest_route=%2Fwp%2Fv2%2Ftags&post=570966"}],"curies":[{"name":"wp","href":"https:\/\/api.w.org\/{rel}","templated":true}]}}