{"id":570969,"date":"2023-03-01T11:15:17","date_gmt":"2023-03-01T08:15:17","guid":{"rendered":"https:\/\/arantv.az\/?p=570969"},"modified":"2023-03-01T11:15:17","modified_gmt":"2023-03-01T08:15:17","slug":"rovn%c9%99q-abdullayev-az%c9%99rbaycanda-qadin-futbolu-mus%c9%99lman-olk%c9%99l%c9%99ri-arasinda-%c9%99n-oncul-siralarda-dayanir-video","status":"publish","type":"post","link":"https:\/\/arantv.az\/?p=570969","title":{"rendered":"R\u00f6vn\u0259q Abdullayev: \u201cAz\u0259rbaycanda qad\u0131n futbolu m\u00fcs\u0259lman \u00f6lk\u0259l\u0259ri aras\u0131nda \u0259n \u00f6nc\u00fcl s\u0131ralarda dayan\u0131r\u201d &#8211; V\u0130DEO"},"content":{"rendered":"<article class=\"news\">\n<div class=\"news-inner\">\n<p>Fevral\u0131n 28-d\u0259 FIFA-n\u0131n prezidenti Canni \u0130nfantino il\u0259 AFFA-n\u0131n prezidenti R\u00f6vn\u0259q Abdullayev aras\u0131nda g\u00f6r\u00fc\u015f ke\u00e7irilib. G\u00f6r\u00fc\u015fd\u0259n sonra AFFA prezidenti FIFA TV-y\u0259 q\u0131sa m\u00fcsahib\u0259 verib.<\/p>\n<div class=\"AdviadNativeVideo\"><\/div>\n<p>\u201cH\u0259mi\u015f\u0259ki kimi, FIFA prezidenti il\u0259 g\u00f6r\u00fc\u015f\u00fcm\u00fcz \u00e7ox y\u00fcks\u0259k s\u0259viyy\u0259d\u0259 ke\u00e7di. \u018fsas\u0259n, layih\u0259l\u0259r m\u00fczakir\u0259 olundu. Az\u0259rbaycan futboluna d\u0259st\u0259yin\u0259 g\u00f6r\u0259 FIFA-ya v\u0259 r\u0259hb\u0259rliyin\u0259 minn\u0259tdarl\u0131\u011f\u0131m\u0131 bildirir\u0259m. Yen\u0259 d\u0259 bu d\u0259st\u0259k davam ed\u0259c\u0259k. Az\u0259rbaycanda infrastruktur layih\u0259l\u0259ri, futbolun, hakiml\u0259rin inki\u015faf\u0131 m\u0259s\u0259l\u0259l\u0259ri m\u00fczakir\u0259 olundu. Minn\u0259tdaram ki, FIFA prezidenti Az\u0259rbaycan futboluna, AFFA-ya d\u0259st\u0259k olub. H\u0259m infrastruktur, h\u0259m FIFA-n\u0131n h\u0259yata ke\u00e7irdiyi layih\u0259l\u0259rd\u0259 AFFA-n\u0131n d\u0259st\u0259k m\u0259s\u0259l\u0259l\u0259rini m\u00fczakir\u0259 etdik.<\/p>\n<p>FIFA-n\u0131n h\u0259r bir \u201cForward\u201d layih\u0259sind\u0259 y\u00fcks\u0259k yerd\u0259 dayan\u0131r\u0131q v\u0259 d\u0259st\u0259k oluruq. Az\u0259rbaycanda qad\u0131n futbolu cavan olsa da, m\u00fcs\u0259lman \u00f6lk\u0259l\u0259ri aras\u0131nda \u0259n \u00f6nc\u00fcl s\u0131ralarda dayan\u0131r. FIFA-n\u0131n d\u0259st\u0259yi il\u0259 2013-c\u00fc ild\u0259 17 ya\u015fad\u0259k q\u0131zlar aras\u0131nda d\u00fcnya \u00e7empionat\u0131n\u0131n ke\u00e7irilm\u0259si Az\u0259rbaycanda qad\u0131n futboluna b\u00f6y\u00fck d\u0259st\u0259k oldu v\u0259 bu, inki\u015faf etm\u0259y\u0259 ba\u015flad\u0131\u201d, &#8211; dey\u0259 R\u00f6vn\u0259q Abdullayev bildirib.<\/p>\n<p>H\u0259min m\u00fcsahib\u0259ni diqq\u0259tiniz\u0259 \u00e7atd\u0131r\u0131r\u0131q:<\/p>\n<div><iframe loading=\"lazy\" src=\"https:\/\/baku.tv\/embed\/74742\" width=\"560\" height=\"315\" frameborder=\"0\" allowfullscreen=\"allowfullscreen\" data-mce-fragment=\"1\"><\/iframe><\/div>\n<\/div>\n<\/article>\n","protected":false},"excerpt":{"rendered":"<p>Fevral\u0131n 28-d\u0259 FIFA-n\u0131n prezidenti Canni \u0130nfantino il\u0259 AFFA-n\u0131n prezidenti R\u00f6vn\u0259q Abdullayev aras\u0131nda g\u00f6r\u00fc\u015f ke\u00e7irilib. G\u00f6r\u00fc\u015fd\u0259n sonra AFFA prezidenti FIFA TV-y\u0259 q\u0131sa m\u00fcsahib\u0259 verib. \u201cH\u0259mi\u015f\u0259ki kimi, FIFA prezidenti il\u0259 g\u00f6r\u00fc\u015f\u00fcm\u00fcz \u00e7ox y\u00fcks\u0259k s\u0259viyy\u0259d\u0259 ke\u00e7di. \u018fsas\u0259n, layih\u0259l\u0259r m\u00fczakir\u0259 olundu. Az\u0259rbaycan futboluna d\u0259st\u0259yin\u0259 g\u00f6r\u0259 FIFA-ya v\u0259 r\u0259hb\u0259rliyin\u0259 minn\u0259tdarl\u0131\u011f\u0131m\u0131 bildirir\u0259m. Yen\u0259 d\u0259 bu d\u0259st\u0259k davam ed\u0259c\u0259k. Az\u0259rbaycanda infrastruktur layih\u0259l\u0259ri, futbolun, hakiml\u0259rin inki\u015faf\u0131 m\u0259s\u0259l\u0259l\u0259ri m\u00fczakir\u0259 olundu. Minn\u0259tdaram ki, FIFA prezidenti Az\u0259rbaycan futboluna, AFFA-ya d\u0259st\u0259k olub. H\u0259m infrastruktur, h\u0259m FIFA-n\u0131n h\u0259yata ke\u00e7irdiyi layih\u0259l\u0259rd\u0259 AFFA-n\u0131n d\u0259st\u0259k m\u0259s\u0259l\u0259l\u0259rini m\u00fczakir\u0259 etdik. FIFA-n\u0131n h\u0259r bir \u201cForward\u201d layih\u0259sind\u0259 y\u00fcks\u0259k yerd\u0259 dayan\u0131r\u0131q&hellip;<\/p>\n","protected":false},"author":2,"featured_media":570970,"comment_status":"closed","ping_status":"closed","sticky":false,"template":"","format":"standard","meta":{"om_disable_all_campaigns":false,"_monsterinsights_skip_tracking":false,"_monsterinsights_sitenote_active":false,"_monsterinsights_sitenote_note":"","_monsterinsights_sitenote_category":0},"categories":[6],"tags":[],"aioseo_notices":[],"gutentor_comment":0,"rttpg_featured_image_url":{"full":["https:\/\/arantv.az\/wp-content\/uploads\/2023\/03\/FotoJet-2023-03-01T112950.639.jpg",620,413,false],"landscape":["https:\/\/arantv.az\/wp-content\/uploads\/2023\/03\/FotoJet-2023-03-01T112950.639.jpg",620,413,false],"portraits":["https:\/\/arantv.az\/wp-content\/uploads\/2023\/03\/FotoJet-2023-03-01T112950.639.jpg",620,413,false],"thumbnail":["https:\/\/arantv.az\/wp-content\/uploads\/2023\/03\/FotoJet-2023-03-01T112950.639-500x280.jpg",500,280,true],"medium":["https:\/\/arantv.az\/wp-content\/uploads\/2023\/03\/FotoJet-2023-03-01T112950.639-548x365.jpg",548,365,true],"large":["https:\/\/arantv.az\/wp-content\/uploads\/2023\/03\/FotoJet-2023-03-01T112950.639.jpg",620,413,false],"1536x1536":["https:\/\/arantv.az\/wp-content\/uploads\/2023\/03\/FotoJet-2023-03-01T112950.639.jpg",620,413,false],"2048x2048":["https:\/\/arantv.az\/wp-content\/uploads\/2023\/03\/FotoJet-2023-03-01T112950.639.jpg",620,413,false],"post-thumbnail":["https:\/\/arantv.az\/wp-content\/uploads\/2023\/03\/FotoJet-2023-03-01T112950.639-240x172.jpg",240,172,true],"advps-thumb-one":["https:\/\/arantv.az\/wp-content\/uploads\/2023\/03\/FotoJet-2023-03-01T112950.639.jpg",620,413,false]},"rttpg_author":{"display_name":"V\u00fcsal Rafiqo\u011flu","author_link":"https:\/\/arantv.az\/?author=2"},"rttpg_comment":0,"rttpg_category":"<a href=\"https:\/\/arantv.az\/?cat=6\" rel=\"category\">\u0130dman<\/a>","rttpg_excerpt":"Fevral\u0131n 28-d\u0259 FIFA-n\u0131n prezidenti Canni \u0130nfantino il\u0259 AFFA-n\u0131n prezidenti R\u00f6vn\u0259q Abdullayev aras\u0131nda g\u00f6r\u00fc\u015f ke\u00e7irilib. G\u00f6r\u00fc\u015fd\u0259n sonra AFFA prezidenti FIFA TV-y\u0259 q\u0131sa m\u00fcsahib\u0259 verib. \u201cH\u0259mi\u015f\u0259ki kimi, FIFA prezidenti il\u0259 g\u00f6r\u00fc\u015f\u00fcm\u00fcz \u00e7ox y\u00fcks\u0259k s\u0259viyy\u0259d\u0259 ke\u00e7di. \u018fsas\u0259n, layih\u0259l\u0259r m\u00fczakir\u0259 olundu. Az\u0259rbaycan futboluna d\u0259st\u0259yin\u0259 g\u00f6r\u0259 FIFA-ya v\u0259 r\u0259hb\u0259rliyin\u0259 minn\u0259tdarl\u0131\u011f\u0131m\u0131 bildirir\u0259m. Yen\u0259 d\u0259 bu d\u0259st\u0259k davam ed\u0259c\u0259k. Az\u0259rbaycanda infrastruktur layih\u0259l\u0259ri,&hellip;","_links":{"self":[{"href":"https:\/\/arantv.az\/index.php?rest_route=\/wp\/v2\/posts\/570969"}],"collection":[{"href":"https:\/\/arantv.az\/index.php?rest_route=\/wp\/v2\/posts"}],"about":[{"href":"https:\/\/arantv.az\/index.php?rest_route=\/wp\/v2\/types\/post"}],"author":[{"embeddable":true,"href":"https:\/\/arantv.az\/index.php?rest_route=\/wp\/v2\/users\/2"}],"replies":[{"embeddable":true,"href":"https:\/\/arantv.az\/index.php?rest_route=%2Fwp%2Fv2%2Fcomments&post=570969"}],"version-history":[{"count":0,"href":"https:\/\/arantv.az\/index.php?rest_route=\/wp\/v2\/posts\/570969\/revisions"}],"wp:featuredmedia":[{"embeddable":true,"href":"https:\/\/arantv.az\/index.php?rest_route=\/wp\/v2\/media\/570970"}],"wp:attachment":[{"href":"https:\/\/arantv.az\/index.php?rest_route=%2Fwp%2Fv2%2Fmedia&parent=570969"}],"wp:term":[{"taxonomy":"category","embeddable":true,"href":"https:\/\/arantv.az\/index.php?rest_route=%2Fwp%2Fv2%2Fcategories&post=570969"},{"taxonomy":"post_tag","embeddable":true,"href":"https:\/\/arantv.az\/index.php?rest_route=%2Fwp%2Fv2%2Ftags&post=570969"}],"curies":[{"name":"wp","href":"https:\/\/api.w.org\/{rel}","templated":true}]}}