{"id":570972,"date":"2023-03-01T11:15:52","date_gmt":"2023-03-01T08:15:52","guid":{"rendered":"https:\/\/arantv.az\/?p=570972"},"modified":"2023-03-01T11:15:52","modified_gmt":"2023-03-01T08:15:52","slug":"bir-nec%c9%99-qadin-v%c9%99-onlarin-ail%c9%99-uzvl%c9%99ri-b%c9%99xtiyar-haciyevl%c9%99-bagli-din-%c9%99-sikay%c9%99t-edibl%c9%99r","status":"publish","type":"post","link":"https:\/\/arantv.az\/?p=570972","title":{"rendered":"Bir ne\u00e7\u0259 qad\u0131n v\u0259 onlar\u0131n ail\u0259 \u00fczvl\u0259ri B\u0259xtiyar Hac\u0131yevl\u0259 ba\u011fl\u0131 D\u0130N-\u0259 \u015fikay\u0259t edibl\u0259r"},"content":{"rendered":"<p>V\u0259t\u0259nda\u015f B\u0259xtiyar Hac\u0131yevin \u015f\u0259xsi m\u0259lumatlar\u0131n\u0131n yay\u0131lmas\u0131 il\u0259 ba\u011fl\u0131 iddialar var. Daxili \u0130\u015fl\u0259r Nazirliyi B.Hac\u0131yevin polis orqan\u0131na d\u0259v\u0259t edil\u0259n zaman onun \u00fcz\u0259rind\u0259 olan cihazlar &#8211; mobil telefon, plan\u015fet, komp\u00fcterinin g\u00f6t\u00fcr\u00fclm\u0259si, evind\u0259 v\u0259 ofisind\u0259 axtar\u0131\u015f apar\u0131lmas\u0131 il\u0259 ba\u011fl\u0131 iddialara ayd\u0131nl\u0131q g\u0259tirib.<\/p>\n<p>D\u0130N-in M\u0259tbuat Xidm\u0259tinin K\u0130V v\u0259 ictimaiyy\u0259tl\u0259 \u0259laq\u0259l\u0259r \u015f\u00f6b\u0259sinin r\u0259isi, polis polkovnik-leytenant\u0131 El\u015fad Hac\u0131yev m\u0259tbuat\u0131n sor\u011fusuna cavab olaraq bildirib ki, v\u0259t\u0259nda\u015f B\u0259xtiyar Hac\u0131yev Bak\u0131 \u015e\u0259h\u0259r Ba\u015f Polis \u0130dar\u0259sin\u0259 v\u0259kili il\u0259 birg\u0259 d\u0259v\u0259t edilib, onun \u00fcz\u0259rind\u0259 h\u0259r hans\u0131 elektron da\u015f\u0131y\u0131c\u0131 cihaz &#8211; mobil telefon, plan\u015fet, komp\u00fcter olmay\u0131b, evind\u0259 v\u0259 ofisind\u0259 axtar\u0131\u015f apar\u0131lmay\u0131b:<\/p>\n<div class=\"AdviadNativeVideo\"><\/div>\n<p>\u201cQeyd olunan m\u0259s\u0259l\u0259l\u0259r istintaq\u0131n ara\u015fd\u0131rma predmetini t\u0259\u015fkil etm\u0259yib. O, v\u0259kili il\u0259 birg\u0259 m\u0259hk\u0259m\u0259y\u0259 apar\u0131l\u0131b, m\u0259hk\u0259m\u0259 q\u0259rar\u0131ndan sonra Bak\u0131 \u0130stintaq T\u0259cridxanas\u0131na k\u00f6\u00e7\u00fcr\u00fcl\u00fcb.<\/p>\n<p>T\u0259krar olaraq qeyd edim ki, onun \u015f\u0259xsi \u0259\u015fyalar\u0131na bax\u0131lmas\u0131 v\u0259 yaxud k\u00f6\u00e7\u00fcr\u00fclm\u0259si il\u0259 ba\u011fl\u0131 iddialar\u0131 q\u0259ti olaraq t\u0259kzib edirik\u201d.<\/p>\n<p>B.Hac\u0131yevin \u015f\u0259xsi hesablar\u0131ndan ayr\u0131-ayr\u0131 ictimai f\u0259allarla ba\u011fl\u0131 yay\u0131lan m\u0259lumatlar \u2013 g\u00f6r\u00fcnt\u00fcl\u0259r v\u0259 yaz\u0131\u015fmalarla ba\u011fl\u0131 suala cavab olaraq \u015f\u00f6b\u0259 r\u0259isi bildirib ki,\u00a0 bu m\u0259lumatlar\u0131n haradan, nec\u0259 qaynaqland\u0131\u011f\u0131, B.Hac\u0131yevin onlara m\u0259xsus m\u0259lumatlar\u0131 arxivl\u0259\u015fdirm\u0259si il\u0259 ba\u011fl\u0131 bir ne\u00e7\u0259 qad\u0131ndan v\u0259 onlar\u0131n ail\u0259 \u00fczvl\u0259rind\u0259n \u015fikay\u0259t xarakterli m\u00fcraci\u0259tl\u0259r daxil olub.<\/p>\n<p>H\u0259min m\u00fcraci\u0259tl\u0259r \u00fczr\u0259 m\u00fcvafiq ara\u015fd\u0131rmalar apar\u0131l\u0131r.<\/p>\n","protected":false},"excerpt":{"rendered":"<p>V\u0259t\u0259nda\u015f B\u0259xtiyar Hac\u0131yevin \u015f\u0259xsi m\u0259lumatlar\u0131n\u0131n yay\u0131lmas\u0131 il\u0259 ba\u011fl\u0131 iddialar var. Daxili \u0130\u015fl\u0259r Nazirliyi B.Hac\u0131yevin polis orqan\u0131na d\u0259v\u0259t edil\u0259n zaman onun \u00fcz\u0259rind\u0259 olan cihazlar &#8211; mobil telefon, plan\u015fet, komp\u00fcterinin g\u00f6t\u00fcr\u00fclm\u0259si, evind\u0259 v\u0259 ofisind\u0259 axtar\u0131\u015f apar\u0131lmas\u0131 il\u0259 ba\u011fl\u0131 iddialara ayd\u0131nl\u0131q g\u0259tirib. D\u0130N-in M\u0259tbuat Xidm\u0259tinin K\u0130V v\u0259 ictimaiyy\u0259tl\u0259 \u0259laq\u0259l\u0259r \u015f\u00f6b\u0259sinin r\u0259isi, polis polkovnik-leytenant\u0131 El\u015fad Hac\u0131yev m\u0259tbuat\u0131n sor\u011fusuna cavab olaraq bildirib ki, v\u0259t\u0259nda\u015f B\u0259xtiyar Hac\u0131yev Bak\u0131 \u015e\u0259h\u0259r Ba\u015f Polis \u0130dar\u0259sin\u0259 v\u0259kili il\u0259 birg\u0259 d\u0259v\u0259t edilib, onun \u00fcz\u0259rind\u0259 h\u0259r hans\u0131 elektron da\u015f\u0131y\u0131c\u0131 cihaz &#8211; mobil telefon, plan\u015fet, komp\u00fcter olmay\u0131b, evind\u0259 v\u0259 ofisind\u0259 axtar\u0131\u015f apar\u0131lmay\u0131b: \u201cQeyd&hellip;<\/p>\n","protected":false},"author":2,"featured_media":570973,"comment_status":"closed","ping_status":"closed","sticky":false,"template":"","format":"standard","meta":{"om_disable_all_campaigns":false,"_monsterinsights_skip_tracking":false,"_monsterinsights_sitenote_active":false,"_monsterinsights_sitenote_note":"","_monsterinsights_sitenote_category":0},"categories":[1],"tags":[],"aioseo_notices":[],"gutentor_comment":0,"rttpg_featured_image_url":{"full":["https:\/\/arantv.az\/wp-content\/uploads\/2023\/03\/bextiyar_haciyev1-1.jpg",620,413,false],"landscape":["https:\/\/arantv.az\/wp-content\/uploads\/2023\/03\/bextiyar_haciyev1-1.jpg",620,413,false],"portraits":["https:\/\/arantv.az\/wp-content\/uploads\/2023\/03\/bextiyar_haciyev1-1.jpg",620,413,false],"thumbnail":["https:\/\/arantv.az\/wp-content\/uploads\/2023\/03\/bextiyar_haciyev1-1-500x280.jpg",500,280,true],"medium":["https:\/\/arantv.az\/wp-content\/uploads\/2023\/03\/bextiyar_haciyev1-1-548x365.jpg",548,365,true],"large":["https:\/\/arantv.az\/wp-content\/uploads\/2023\/03\/bextiyar_haciyev1-1.jpg",620,413,false],"1536x1536":["https:\/\/arantv.az\/wp-content\/uploads\/2023\/03\/bextiyar_haciyev1-1.jpg",620,413,false],"2048x2048":["https:\/\/arantv.az\/wp-content\/uploads\/2023\/03\/bextiyar_haciyev1-1.jpg",620,413,false],"post-thumbnail":["https:\/\/arantv.az\/wp-content\/uploads\/2023\/03\/bextiyar_haciyev1-1-240x172.jpg",240,172,true],"advps-thumb-one":["https:\/\/arantv.az\/wp-content\/uploads\/2023\/03\/bextiyar_haciyev1-1.jpg",620,413,false]},"rttpg_author":{"display_name":"V\u00fcsal Rafiqo\u011flu","author_link":"https:\/\/arantv.az\/?author=2"},"rttpg_comment":0,"rttpg_category":"<a href=\"https:\/\/arantv.az\/?cat=1\" rel=\"category\">C\u0259miyy\u0259t<\/a>","rttpg_excerpt":"V\u0259t\u0259nda\u015f B\u0259xtiyar Hac\u0131yevin \u015f\u0259xsi m\u0259lumatlar\u0131n\u0131n yay\u0131lmas\u0131 il\u0259 ba\u011fl\u0131 iddialar var. Daxili \u0130\u015fl\u0259r Nazirliyi B.Hac\u0131yevin polis orqan\u0131na d\u0259v\u0259t edil\u0259n zaman onun \u00fcz\u0259rind\u0259 olan cihazlar &#8211; mobil telefon, plan\u015fet, komp\u00fcterinin g\u00f6t\u00fcr\u00fclm\u0259si, evind\u0259 v\u0259 ofisind\u0259 axtar\u0131\u015f apar\u0131lmas\u0131 il\u0259 ba\u011fl\u0131 iddialara ayd\u0131nl\u0131q g\u0259tirib. D\u0130N-in M\u0259tbuat Xidm\u0259tinin K\u0130V v\u0259 ictimaiyy\u0259tl\u0259 \u0259laq\u0259l\u0259r \u015f\u00f6b\u0259sinin r\u0259isi, polis polkovnik-leytenant\u0131 El\u015fad Hac\u0131yev m\u0259tbuat\u0131n sor\u011fusuna cavab&hellip;","_links":{"self":[{"href":"https:\/\/arantv.az\/index.php?rest_route=\/wp\/v2\/posts\/570972"}],"collection":[{"href":"https:\/\/arantv.az\/index.php?rest_route=\/wp\/v2\/posts"}],"about":[{"href":"https:\/\/arantv.az\/index.php?rest_route=\/wp\/v2\/types\/post"}],"author":[{"embeddable":true,"href":"https:\/\/arantv.az\/index.php?rest_route=\/wp\/v2\/users\/2"}],"replies":[{"embeddable":true,"href":"https:\/\/arantv.az\/index.php?rest_route=%2Fwp%2Fv2%2Fcomments&post=570972"}],"version-history":[{"count":0,"href":"https:\/\/arantv.az\/index.php?rest_route=\/wp\/v2\/posts\/570972\/revisions"}],"wp:featuredmedia":[{"embeddable":true,"href":"https:\/\/arantv.az\/index.php?rest_route=\/wp\/v2\/media\/570973"}],"wp:attachment":[{"href":"https:\/\/arantv.az\/index.php?rest_route=%2Fwp%2Fv2%2Fmedia&parent=570972"}],"wp:term":[{"taxonomy":"category","embeddable":true,"href":"https:\/\/arantv.az\/index.php?rest_route=%2Fwp%2Fv2%2Fcategories&post=570972"},{"taxonomy":"post_tag","embeddable":true,"href":"https:\/\/arantv.az\/index.php?rest_route=%2Fwp%2Fv2%2Ftags&post=570972"}],"curies":[{"name":"wp","href":"https:\/\/api.w.org\/{rel}","templated":true}]}}