{"id":570975,"date":"2023-03-01T11:16:22","date_gmt":"2023-03-01T08:16:22","guid":{"rendered":"https:\/\/arantv.az\/?p=570975"},"modified":"2023-03-01T11:16:22","modified_gmt":"2023-03-01T08:16:22","slug":"dumanli-hava-s%c9%99raiti-n%c9%99-q%c9%99d%c9%99r-davam-ed%c9%99c%c9%99k","status":"publish","type":"post","link":"https:\/\/arantv.az\/?p=570975","title":{"rendered":"Dumanl\u0131 hava \u015f\u0259raiti n\u0259 q\u0259d\u0259r davam ed\u0259c\u0259k?"},"content":{"rendered":"<p>\u201cBak\u0131da v\u0259 Ab\u015feron yar\u0131madas\u0131nda dumanl\u0131 hava \u015f\u0259raiti mart\u0131n 2-si s\u0259h\u0259r\u0259d\u0259k fasil\u0259l\u0259rl\u0259 m\u00fc\u015fahid\u0259 olunacaq\u201d.<\/p>\n<div class=\"AdviadNativeVideo\"><\/div>\n<p>Ekologiya v\u0259 T\u0259bii S\u0259rv\u0259tl\u0259r Nazirliyinin Hidrometeoroloji Proqnozlar B\u00fcrosunun direktoru G\u00fcl\u015fad M\u0259mm\u0259dova bildirib ki, dumanl\u0131 hava \u015f\u0259raitin\u0259 s\u0259b\u0259b\u00a0X\u0259z\u0259r d\u0259nizind\u0259n c\u0259nub-\u015f\u0259rq ax\u0131nlar\u0131 il\u0259 r\u00fctub\u0259tli hava k\u00fctl\u0259l\u0259rinin quruya do\u011fru h\u0259r\u0259k\u0259t etm\u0259sidir:<\/p>\n<p>\u201cBel\u0259 ki, y\u00fcks\u0259k t\u0259zyiq sah\u0259sind\u0259 yer s\u0259thind\u0259 g\u00fcnd\u00fcz saatlar\u0131nda havan\u0131n temperaturunun y\u00fcks\u0259k olmas\u0131 n\u0259tic\u0259sind\u0259 atmosferin a\u015fa\u011f\u0131 qatlar\u0131nda olan isti hava ax\u0131n\u0131 yuxar\u0131ya do\u011fru h\u0259r\u0259k\u0259t edir. Gec\u0259 saatlar\u0131nda da temperaturun nisb\u0259t\u0259n a\u015fa\u011f\u0131 olmas\u0131, yer s\u0259thind\u0259 v\u0259 yuxar\u0131 h\u00fcnd\u00fcrl\u00fckl\u0259rd\u0259 az s\u00fcr\u0259tli c\u0259nub-\u015f\u0259rq k\u00fcl\u0259kl\u0259rinin \u00fcst\u00fcnl\u00fcy\u00fc duman\u0131n \u0259m\u0259l\u0259 g\u0259lm\u0259sin\u0259 s\u0259b\u0259b olub\u201d.<\/p>\n<p>G.M\u0259mm\u0259dova qeyd edib ki, Bak\u0131, Ma\u015fta\u011fa, Bin\u0259, Neft Da\u015flar\u0131, Pirallah\u0131, \u00c7ilov adas\u0131, \u015eabran, Z\u0259rdab, K\u00fcrd\u0259mir, \u0130mi\u015fli, Sabirabad, C\u0259f\u0259rxan, Salyan, Hac\u0131qabul, Neft\u00e7ala, Bil\u0259suvar, L\u0259nk\u0259ran, Astarada dumanl\u0131 hava \u015f\u0259raiti m\u00fc\u015fahid\u0259 olunub, g\u00f6r\u00fcn\u00fc\u015f m\u0259saf\u0259si 50-500 metr\u0259d\u0259k m\u0259hdudla\u015f\u0131b:<\/p>\n<p>\u201cM\u00fcqayis\u0259 \u00fc\u00e7\u00fcn bildir\u0259k ki, fevralda dumanl\u0131 g\u00fcnl\u0259r Ab\u015feron yar\u0131madas\u0131nda 2012, 2013, 2014 , 2015, 2016, 2018, 2019, 2020, 2021, 2022-ci ill\u0259rd\u0259 qeyd\u0259 al\u0131n\u0131b.\u00a0Lakin bu il fevral ay\u0131nda Bak\u0131 \u015f\u0259h\u0259ri v\u0259 onun \u0259traf\u0131nda, \u0259vv\u0259lki ill\u0259rd\u0259n f\u0259rqli olaraq 3 g\u00fcn \u0259rzind\u0259 davaml\u0131 qat\u0131 duman m\u00fc\u015fahid\u0259 edilir\u201d.<\/p>\n","protected":false},"excerpt":{"rendered":"<p>\u201cBak\u0131da v\u0259 Ab\u015feron yar\u0131madas\u0131nda dumanl\u0131 hava \u015f\u0259raiti mart\u0131n 2-si s\u0259h\u0259r\u0259d\u0259k fasil\u0259l\u0259rl\u0259 m\u00fc\u015fahid\u0259 olunacaq\u201d. Ekologiya v\u0259 T\u0259bii S\u0259rv\u0259tl\u0259r Nazirliyinin Hidrometeoroloji Proqnozlar B\u00fcrosunun direktoru G\u00fcl\u015fad M\u0259mm\u0259dova bildirib ki, dumanl\u0131 hava \u015f\u0259raitin\u0259 s\u0259b\u0259b\u00a0X\u0259z\u0259r d\u0259nizind\u0259n c\u0259nub-\u015f\u0259rq ax\u0131nlar\u0131 il\u0259 r\u00fctub\u0259tli hava k\u00fctl\u0259l\u0259rinin quruya do\u011fru h\u0259r\u0259k\u0259t etm\u0259sidir: \u201cBel\u0259 ki, y\u00fcks\u0259k t\u0259zyiq sah\u0259sind\u0259 yer s\u0259thind\u0259 g\u00fcnd\u00fcz saatlar\u0131nda havan\u0131n temperaturunun y\u00fcks\u0259k olmas\u0131 n\u0259tic\u0259sind\u0259 atmosferin a\u015fa\u011f\u0131 qatlar\u0131nda olan isti hava ax\u0131n\u0131 yuxar\u0131ya do\u011fru h\u0259r\u0259k\u0259t edir. Gec\u0259 saatlar\u0131nda da temperaturun nisb\u0259t\u0259n a\u015fa\u011f\u0131 olmas\u0131, yer s\u0259thind\u0259 v\u0259 yuxar\u0131 h\u00fcnd\u00fcrl\u00fckl\u0259rd\u0259 az s\u00fcr\u0259tli c\u0259nub-\u015f\u0259rq k\u00fcl\u0259kl\u0259rinin \u00fcst\u00fcnl\u00fcy\u00fc duman\u0131n \u0259m\u0259l\u0259 g\u0259lm\u0259sin\u0259 s\u0259b\u0259b olub\u201d. G.M\u0259mm\u0259dova qeyd&hellip;<\/p>\n","protected":false},"author":2,"featured_media":570976,"comment_status":"closed","ping_status":"closed","sticky":false,"template":"","format":"standard","meta":{"om_disable_all_campaigns":false,"_monsterinsights_skip_tracking":false,"_monsterinsights_sitenote_active":false,"_monsterinsights_sitenote_note":"","_monsterinsights_sitenote_category":0},"categories":[22],"tags":[],"aioseo_notices":[],"gutentor_comment":0,"rttpg_featured_image_url":{"full":["https:\/\/arantv.az\/wp-content\/uploads\/2023\/03\/GYcSYPsKY0I61DQ6S9TmCnwat9pzKryyeClyJIgp.jpg",620,413,false],"landscape":["https:\/\/arantv.az\/wp-content\/uploads\/2023\/03\/GYcSYPsKY0I61DQ6S9TmCnwat9pzKryyeClyJIgp.jpg",620,413,false],"portraits":["https:\/\/arantv.az\/wp-content\/uploads\/2023\/03\/GYcSYPsKY0I61DQ6S9TmCnwat9pzKryyeClyJIgp.jpg",620,413,false],"thumbnail":["https:\/\/arantv.az\/wp-content\/uploads\/2023\/03\/GYcSYPsKY0I61DQ6S9TmCnwat9pzKryyeClyJIgp-500x280.jpg",500,280,true],"medium":["https:\/\/arantv.az\/wp-content\/uploads\/2023\/03\/GYcSYPsKY0I61DQ6S9TmCnwat9pzKryyeClyJIgp-548x365.jpg",548,365,true],"large":["https:\/\/arantv.az\/wp-content\/uploads\/2023\/03\/GYcSYPsKY0I61DQ6S9TmCnwat9pzKryyeClyJIgp.jpg",620,413,false],"1536x1536":["https:\/\/arantv.az\/wp-content\/uploads\/2023\/03\/GYcSYPsKY0I61DQ6S9TmCnwat9pzKryyeClyJIgp.jpg",620,413,false],"2048x2048":["https:\/\/arantv.az\/wp-content\/uploads\/2023\/03\/GYcSYPsKY0I61DQ6S9TmCnwat9pzKryyeClyJIgp.jpg",620,413,false],"post-thumbnail":["https:\/\/arantv.az\/wp-content\/uploads\/2023\/03\/GYcSYPsKY0I61DQ6S9TmCnwat9pzKryyeClyJIgp-240x172.jpg",240,172,true],"advps-thumb-one":["https:\/\/arantv.az\/wp-content\/uploads\/2023\/03\/GYcSYPsKY0I61DQ6S9TmCnwat9pzKryyeClyJIgp.jpg",620,413,false]},"rttpg_author":{"display_name":"V\u00fcsal Rafiqo\u011flu","author_link":"https:\/\/arantv.az\/?author=2"},"rttpg_comment":0,"rttpg_category":"<a href=\"https:\/\/arantv.az\/?cat=22\" rel=\"category\">Hava<\/a>","rttpg_excerpt":"\u201cBak\u0131da v\u0259 Ab\u015feron yar\u0131madas\u0131nda dumanl\u0131 hava \u015f\u0259raiti mart\u0131n 2-si s\u0259h\u0259r\u0259d\u0259k fasil\u0259l\u0259rl\u0259 m\u00fc\u015fahid\u0259 olunacaq\u201d. Ekologiya v\u0259 T\u0259bii S\u0259rv\u0259tl\u0259r Nazirliyinin Hidrometeoroloji Proqnozlar B\u00fcrosunun direktoru G\u00fcl\u015fad M\u0259mm\u0259dova bildirib ki, dumanl\u0131 hava \u015f\u0259raitin\u0259 s\u0259b\u0259b\u00a0X\u0259z\u0259r d\u0259nizind\u0259n c\u0259nub-\u015f\u0259rq ax\u0131nlar\u0131 il\u0259 r\u00fctub\u0259tli hava k\u00fctl\u0259l\u0259rinin quruya do\u011fru h\u0259r\u0259k\u0259t etm\u0259sidir: \u201cBel\u0259 ki, y\u00fcks\u0259k t\u0259zyiq sah\u0259sind\u0259 yer s\u0259thind\u0259 g\u00fcnd\u00fcz saatlar\u0131nda havan\u0131n temperaturunun y\u00fcks\u0259k olmas\u0131 n\u0259tic\u0259sind\u0259&hellip;","_links":{"self":[{"href":"https:\/\/arantv.az\/index.php?rest_route=\/wp\/v2\/posts\/570975"}],"collection":[{"href":"https:\/\/arantv.az\/index.php?rest_route=\/wp\/v2\/posts"}],"about":[{"href":"https:\/\/arantv.az\/index.php?rest_route=\/wp\/v2\/types\/post"}],"author":[{"embeddable":true,"href":"https:\/\/arantv.az\/index.php?rest_route=\/wp\/v2\/users\/2"}],"replies":[{"embeddable":true,"href":"https:\/\/arantv.az\/index.php?rest_route=%2Fwp%2Fv2%2Fcomments&post=570975"}],"version-history":[{"count":0,"href":"https:\/\/arantv.az\/index.php?rest_route=\/wp\/v2\/posts\/570975\/revisions"}],"wp:featuredmedia":[{"embeddable":true,"href":"https:\/\/arantv.az\/index.php?rest_route=\/wp\/v2\/media\/570976"}],"wp:attachment":[{"href":"https:\/\/arantv.az\/index.php?rest_route=%2Fwp%2Fv2%2Fmedia&parent=570975"}],"wp:term":[{"taxonomy":"category","embeddable":true,"href":"https:\/\/arantv.az\/index.php?rest_route=%2Fwp%2Fv2%2Fcategories&post=570975"},{"taxonomy":"post_tag","embeddable":true,"href":"https:\/\/arantv.az\/index.php?rest_route=%2Fwp%2Fv2%2Ftags&post=570975"}],"curies":[{"name":"wp","href":"https:\/\/api.w.org\/{rel}","templated":true}]}}