{"id":570978,"date":"2023-03-01T11:17:04","date_gmt":"2023-03-01T08:17:04","guid":{"rendered":"https:\/\/arantv.az\/?p=570978"},"modified":"2023-03-01T11:17:04","modified_gmt":"2023-03-01T08:17:04","slug":"q%c9%99rbi-az%c9%99rbaycan-icmasi-avropa-ittifaqi-surasinin-prezidentin%c9%99-m%c9%99ktub-gond%c9%99rib","status":"publish","type":"post","link":"https:\/\/arantv.az\/?p=570978","title":{"rendered":"Q\u0259rbi Az\u0259rbaycan \u0130cmas\u0131 Avropa \u0130ttifaq\u0131 \u015euras\u0131n\u0131n Prezidentin\u0259 m\u0259ktub g\u00f6nd\u0259rib"},"content":{"rendered":"<p>Q\u0259rbi Az\u0259rbaycan \u0130cmas\u0131 Avropa \u0130ttifaq\u0131 \u015euras\u0131n\u0131n Prezidentin\u0259 m\u0259ktub g\u00f6nd\u0259rib.<\/p>\n<p>Bu bar\u0259d\u0259 \u0130cmadan m\u0259lumat verilib.<\/p>\n<div class=\"AdviadNativeVideo\"><\/div>\n<p>Bildirilib ki, Q\u0259rbi Az\u0259rbaycan \u0130cmas\u0131 Avropa \u0130ttifaq\u0131 \u015euras\u0131n\u0131n prezidenti \u015earl Mi\u015fel\u0259 m\u0259ktub g\u00f6nd\u0259r\u0259r\u0259k, Erm\u0259nistandan qovulmu\u015f az\u0259rbaycanl\u0131lar\u0131n s\u00fclh yolu il\u0259, t\u0259hl\u00fck\u0259siz v\u0259 l\u0259yaq\u0259tli \u015f\u0259kild\u0259 \u00f6z v\u0259t\u0259nl\u0259rin\u0259 qay\u0131tmalar\u0131na Avropa \u0130ttifaq\u0131n\u0131n d\u0259st\u0259k verm\u0259sini v\u0259 Avropa \u0130ttifaq\u0131n\u0131n Erm\u0259nistandak\u0131 missiyas\u0131n\u0131n (EUMA) bu \u00f6lk\u0259d\u0259n qovulmu\u015f az\u0259rbaycanl\u0131lar\u0131n h\u00fcquqlar\u0131n\u0131n t\u0259min edilm\u0259si sah\u0259sind\u0259 m\u00fcvafiq etimad quruculu\u011fu t\u0259dbirl\u0259ri h\u0259yata ke\u00e7irm\u0259sini xahi\u015f edibl\u0259r.<\/p>\n<p>M\u0259ktubda Avropa \u0130ttifaq\u0131n\u0131n Az\u0259rbaycan v\u0259 Erm\u0259nistan aras\u0131nda m\u00fcnasib\u0259tl\u0259rin normalla\u015fmas\u0131n\u0131 t\u0259\u015fviq ed\u0259n s\u0259yl\u0259ri alq\u0131\u015flanmaqla b\u0259rab\u0259r, davaml\u0131 s\u00fclh\u00fcn b\u0259rq\u0259rar edilm\u0259si \u00fc\u00e7\u00fcn Erm\u0259nistandan qovulmu\u015f az\u0259rbaycanl\u0131lar\u0131n qay\u0131tmalar\u0131n\u0131n z\u0259ruri \u015f\u0259rti oldu\u011fu vur\u011fulan\u0131r.<\/p>\n<p>H\u0259m\u00e7inin, EUMA-n\u0131n mandat\u0131n\u0131n etnik \u0259sasda ayr\u0131-se\u00e7kilik olmadan Erm\u0259nistanda insan h\u00fcquqlar\u0131na h\u00f6rm\u0259tin t\u0259min edilm\u0259sin\u0259 v\u0259 etimad quruculu\u011funa dair v\u0259zif\u0259l\u0259r ehtiva etdiyin\u0259 diqq\u0259ti \u00e7\u0259k\u0259n \u0130cma missiyan\u0131 Erm\u0259nistandan qovulmu\u015f az\u0259rbaycanl\u0131lar\u0131n h\u00fcquq v\u0259 t\u0259hl\u00fck\u0259sizliyi il\u0259 m\u0259\u015f\u011ful olma\u011fa, o c\u00fcml\u0259d\u0259n, onlar\u0131n \u00f6z evl\u0259rini, q\u0259biristanl\u0131qlar\u0131n\u0131, m\u00fcq\u0259dd\u0259s yerl\u0259rini v\u0259 m\u0259d\u0259ni abidl\u0259rini ziyar\u0259t ed\u0259 bilm\u0259l\u0259rin\u0259 \u015f\u0259rait yaratma\u011fa \u00e7a\u011f\u0131r\u0131b.<\/p>\n<p>\u0130cma h\u0259m\u00e7inin Avropa \u0130ttifaq\u0131n\u0131n Erm\u0259nistandak\u0131 missiyas\u0131 il\u0259 insan h\u00fcquqlar\u0131, humanitar m\u0259s\u0259l\u0259l\u0259r, m\u00fclki \u015f\u0259xsl\u0259rin qorunmas\u0131 kimi m\u00f6vzular \u00fczr\u0259 \u0259m\u0259kda\u015fl\u0131\u011fa haz\u0131r oldu\u011funu bildirib.<\/p>\n","protected":false},"excerpt":{"rendered":"<p>Q\u0259rbi Az\u0259rbaycan \u0130cmas\u0131 Avropa \u0130ttifaq\u0131 \u015euras\u0131n\u0131n Prezidentin\u0259 m\u0259ktub g\u00f6nd\u0259rib. Bu bar\u0259d\u0259 \u0130cmadan m\u0259lumat verilib. Bildirilib ki, Q\u0259rbi Az\u0259rbaycan \u0130cmas\u0131 Avropa \u0130ttifaq\u0131 \u015euras\u0131n\u0131n prezidenti \u015earl Mi\u015fel\u0259 m\u0259ktub g\u00f6nd\u0259r\u0259r\u0259k, Erm\u0259nistandan qovulmu\u015f az\u0259rbaycanl\u0131lar\u0131n s\u00fclh yolu il\u0259, t\u0259hl\u00fck\u0259siz v\u0259 l\u0259yaq\u0259tli \u015f\u0259kild\u0259 \u00f6z v\u0259t\u0259nl\u0259rin\u0259 qay\u0131tmalar\u0131na Avropa \u0130ttifaq\u0131n\u0131n d\u0259st\u0259k verm\u0259sini v\u0259 Avropa \u0130ttifaq\u0131n\u0131n Erm\u0259nistandak\u0131 missiyas\u0131n\u0131n (EUMA) bu \u00f6lk\u0259d\u0259n qovulmu\u015f az\u0259rbaycanl\u0131lar\u0131n h\u00fcquqlar\u0131n\u0131n t\u0259min edilm\u0259si sah\u0259sind\u0259 m\u00fcvafiq etimad quruculu\u011fu t\u0259dbirl\u0259ri h\u0259yata ke\u00e7irm\u0259sini xahi\u015f edibl\u0259r. M\u0259ktubda Avropa \u0130ttifaq\u0131n\u0131n Az\u0259rbaycan v\u0259 Erm\u0259nistan aras\u0131nda m\u00fcnasib\u0259tl\u0259rin normalla\u015fmas\u0131n\u0131 t\u0259\u015fviq ed\u0259n s\u0259yl\u0259ri alq\u0131\u015flanmaqla b\u0259rab\u0259r, davaml\u0131 s\u00fclh\u00fcn b\u0259rq\u0259rar edilm\u0259si \u00fc\u00e7\u00fcn Erm\u0259nistandan qovulmu\u015f az\u0259rbaycanl\u0131lar\u0131n qay\u0131tmalar\u0131n\u0131n z\u0259ruri&hellip;<\/p>\n","protected":false},"author":2,"featured_media":570979,"comment_status":"closed","ping_status":"closed","sticky":false,"template":"","format":"standard","meta":{"om_disable_all_campaigns":false,"_monsterinsights_skip_tracking":false,"_monsterinsights_sitenote_active":false,"_monsterinsights_sitenote_note":"","_monsterinsights_sitenote_category":0},"categories":[4],"tags":[],"aioseo_notices":[],"gutentor_comment":0,"rttpg_featured_image_url":{"full":["https:\/\/arantv.az\/wp-content\/uploads\/2023\/03\/FotoJet-2023-01-27T224300.850-1.jpg",620,413,false],"landscape":["https:\/\/arantv.az\/wp-content\/uploads\/2023\/03\/FotoJet-2023-01-27T224300.850-1.jpg",620,413,false],"portraits":["https:\/\/arantv.az\/wp-content\/uploads\/2023\/03\/FotoJet-2023-01-27T224300.850-1.jpg",620,413,false],"thumbnail":["https:\/\/arantv.az\/wp-content\/uploads\/2023\/03\/FotoJet-2023-01-27T224300.850-1-500x280.jpg",500,280,true],"medium":["https:\/\/arantv.az\/wp-content\/uploads\/2023\/03\/FotoJet-2023-01-27T224300.850-1-548x365.jpg",548,365,true],"large":["https:\/\/arantv.az\/wp-content\/uploads\/2023\/03\/FotoJet-2023-01-27T224300.850-1.jpg",620,413,false],"1536x1536":["https:\/\/arantv.az\/wp-content\/uploads\/2023\/03\/FotoJet-2023-01-27T224300.850-1.jpg",620,413,false],"2048x2048":["https:\/\/arantv.az\/wp-content\/uploads\/2023\/03\/FotoJet-2023-01-27T224300.850-1.jpg",620,413,false],"post-thumbnail":["https:\/\/arantv.az\/wp-content\/uploads\/2023\/03\/FotoJet-2023-01-27T224300.850-1-240x172.jpg",240,172,true],"advps-thumb-one":["https:\/\/arantv.az\/wp-content\/uploads\/2023\/03\/FotoJet-2023-01-27T224300.850-1.jpg",620,413,false]},"rttpg_author":{"display_name":"V\u00fcsal Rafiqo\u011flu","author_link":"https:\/\/arantv.az\/?author=2"},"rttpg_comment":0,"rttpg_category":"<a href=\"https:\/\/arantv.az\/?cat=4\" rel=\"category\">Siyas\u0259t<\/a>","rttpg_excerpt":"Q\u0259rbi Az\u0259rbaycan \u0130cmas\u0131 Avropa \u0130ttifaq\u0131 \u015euras\u0131n\u0131n Prezidentin\u0259 m\u0259ktub g\u00f6nd\u0259rib. Bu bar\u0259d\u0259 \u0130cmadan m\u0259lumat verilib. Bildirilib ki, Q\u0259rbi Az\u0259rbaycan \u0130cmas\u0131 Avropa \u0130ttifaq\u0131 \u015euras\u0131n\u0131n prezidenti \u015earl Mi\u015fel\u0259 m\u0259ktub g\u00f6nd\u0259r\u0259r\u0259k, Erm\u0259nistandan qovulmu\u015f az\u0259rbaycanl\u0131lar\u0131n s\u00fclh yolu il\u0259, t\u0259hl\u00fck\u0259siz v\u0259 l\u0259yaq\u0259tli \u015f\u0259kild\u0259 \u00f6z v\u0259t\u0259nl\u0259rin\u0259 qay\u0131tmalar\u0131na Avropa \u0130ttifaq\u0131n\u0131n d\u0259st\u0259k verm\u0259sini v\u0259 Avropa \u0130ttifaq\u0131n\u0131n Erm\u0259nistandak\u0131 missiyas\u0131n\u0131n (EUMA) bu \u00f6lk\u0259d\u0259n qovulmu\u015f az\u0259rbaycanl\u0131lar\u0131n h\u00fcquqlar\u0131n\u0131n&hellip;","_links":{"self":[{"href":"https:\/\/arantv.az\/index.php?rest_route=\/wp\/v2\/posts\/570978"}],"collection":[{"href":"https:\/\/arantv.az\/index.php?rest_route=\/wp\/v2\/posts"}],"about":[{"href":"https:\/\/arantv.az\/index.php?rest_route=\/wp\/v2\/types\/post"}],"author":[{"embeddable":true,"href":"https:\/\/arantv.az\/index.php?rest_route=\/wp\/v2\/users\/2"}],"replies":[{"embeddable":true,"href":"https:\/\/arantv.az\/index.php?rest_route=%2Fwp%2Fv2%2Fcomments&post=570978"}],"version-history":[{"count":0,"href":"https:\/\/arantv.az\/index.php?rest_route=\/wp\/v2\/posts\/570978\/revisions"}],"wp:featuredmedia":[{"embeddable":true,"href":"https:\/\/arantv.az\/index.php?rest_route=\/wp\/v2\/media\/570979"}],"wp:attachment":[{"href":"https:\/\/arantv.az\/index.php?rest_route=%2Fwp%2Fv2%2Fmedia&parent=570978"}],"wp:term":[{"taxonomy":"category","embeddable":true,"href":"https:\/\/arantv.az\/index.php?rest_route=%2Fwp%2Fv2%2Fcategories&post=570978"},{"taxonomy":"post_tag","embeddable":true,"href":"https:\/\/arantv.az\/index.php?rest_route=%2Fwp%2Fv2%2Ftags&post=570978"}],"curies":[{"name":"wp","href":"https:\/\/api.w.org\/{rel}","templated":true}]}}