{"id":570981,"date":"2023-03-01T11:17:36","date_gmt":"2023-03-01T08:17:36","guid":{"rendered":"https:\/\/arantv.az\/?p=570981"},"modified":"2023-03-01T11:17:36","modified_gmt":"2023-03-01T08:17:36","slug":"lukasenko-belarus-hec-vaxt-kiminl%c9%99s%c9%99-dost-olmagi-v%c9%99-ya-kim%c9%99s%c9%99-qarsi-olmagi-qarsisina-m%c9%99qs%c9%99d-qoymayib","status":"publish","type":"post","link":"https:\/\/arantv.az\/?p=570981","title":{"rendered":"Luka\u015fenko: \u201cBelarus he\u00e7 vaxt kiminl\u0259s\u0259 dost olma\u011f\u0131 v\u0259 ya kim\u0259s\u0259 qar\u015f\u0131 olma\u011f\u0131 qar\u015f\u0131s\u0131na m\u0259qs\u0259d qoymay\u0131b\u201d"},"content":{"rendered":"<p>\u201cBelarus v\u0259 \u00c7in he\u00e7 vaxt kiminl\u0259s\u0259 dost olmaq v\u0259 ya kim\u0259s\u0259 qar\u015f\u0131 f\u0259aliyy\u0259t g\u00f6st\u0259rm\u0259k niyy\u0259tind\u0259 olmay\u0131b\u201d.<\/p>\n<p>Bu s\u00f6zl\u0259ri Belarus Prezidenti Aleksandr Luka\u015fenko Pekind\u0259 \u00c7in Xalq Respublikas\u0131n\u0131n D\u00f6vl\u0259t \u015euras\u0131n\u0131n Ba\u015f naziri Li Kesyan il\u0259 g\u00f6r\u00fc\u015f\u00fcnd\u0259 deyib.<\/p>\n<div class=\"AdviadNativeVideo\"><\/div>\n<p>\u201cBiz he\u00e7 vaxt kiminl\u0259s\u0259 dost olma\u011f\u0131 v\u0259 ya kim\u0259s\u0259 qar\u015f\u0131 f\u0259aliyy\u0259t g\u00f6st\u0259rm\u0259yi qar\u015f\u0131m\u0131za m\u0259qs\u0259d qoymam\u0131\u015f\u0131q\u201d, &#8211; dey\u0259 Belarus lideri qeyd edib.<\/p>\n<p>Onun s\u00f6zl\u0259rin\u0259 g\u00f6r\u0259, iki \u00f6lk\u0259 hakimiyy\u0259ti \u00f6z xalqlar\u0131n\u0131n maraqlar\u0131 namin\u0259 h\u0259r \u015feyi edir v\u0259 bundan sonra da bel\u0259 olacaq.<\/p>\n<p>Qeyd ed\u0259k ki Luka\u015fenko fevral\u0131n 28-d\u0259 \u00c7in\u0259 r\u0259smi s\u0259f\u0259r edib.<\/p>\n<p>M\u0259nb\u0259: Gazeta.ru<\/p>\n","protected":false},"excerpt":{"rendered":"<p>\u201cBelarus v\u0259 \u00c7in he\u00e7 vaxt kiminl\u0259s\u0259 dost olmaq v\u0259 ya kim\u0259s\u0259 qar\u015f\u0131 f\u0259aliyy\u0259t g\u00f6st\u0259rm\u0259k niyy\u0259tind\u0259 olmay\u0131b\u201d. Bu s\u00f6zl\u0259ri Belarus Prezidenti Aleksandr Luka\u015fenko Pekind\u0259 \u00c7in Xalq Respublikas\u0131n\u0131n D\u00f6vl\u0259t \u015euras\u0131n\u0131n Ba\u015f naziri Li Kesyan il\u0259 g\u00f6r\u00fc\u015f\u00fcnd\u0259 deyib. \u201cBiz he\u00e7 vaxt kiminl\u0259s\u0259 dost olma\u011f\u0131 v\u0259 ya kim\u0259s\u0259 qar\u015f\u0131 f\u0259aliyy\u0259t g\u00f6st\u0259rm\u0259yi qar\u015f\u0131m\u0131za m\u0259qs\u0259d qoymam\u0131\u015f\u0131q\u201d, &#8211; dey\u0259 Belarus lideri qeyd edib. Onun s\u00f6zl\u0259rin\u0259 g\u00f6r\u0259, iki \u00f6lk\u0259 hakimiyy\u0259ti \u00f6z xalqlar\u0131n\u0131n maraqlar\u0131 namin\u0259 h\u0259r \u015feyi edir v\u0259 bundan sonra da bel\u0259 olacaq. Qeyd ed\u0259k ki Luka\u015fenko fevral\u0131n 28-d\u0259 \u00c7in\u0259 r\u0259smi s\u0259f\u0259r edib. M\u0259nb\u0259: Gazeta.ru<\/p>\n","protected":false},"author":2,"featured_media":570982,"comment_status":"closed","ping_status":"closed","sticky":false,"template":"","format":"standard","meta":{"om_disable_all_campaigns":false,"_monsterinsights_skip_tracking":false,"_monsterinsights_sitenote_active":false,"_monsterinsights_sitenote_note":"","_monsterinsights_sitenote_category":0},"categories":[7],"tags":[],"aioseo_notices":[],"gutentor_comment":0,"rttpg_featured_image_url":{"full":["https:\/\/arantv.az\/wp-content\/uploads\/2023\/03\/FotoJet-2023-03-01T094812.582.jpg",620,413,false],"landscape":["https:\/\/arantv.az\/wp-content\/uploads\/2023\/03\/FotoJet-2023-03-01T094812.582.jpg",620,413,false],"portraits":["https:\/\/arantv.az\/wp-content\/uploads\/2023\/03\/FotoJet-2023-03-01T094812.582.jpg",620,413,false],"thumbnail":["https:\/\/arantv.az\/wp-content\/uploads\/2023\/03\/FotoJet-2023-03-01T094812.582-500x280.jpg",500,280,true],"medium":["https:\/\/arantv.az\/wp-content\/uploads\/2023\/03\/FotoJet-2023-03-01T094812.582-548x365.jpg",548,365,true],"large":["https:\/\/arantv.az\/wp-content\/uploads\/2023\/03\/FotoJet-2023-03-01T094812.582.jpg",620,413,false],"1536x1536":["https:\/\/arantv.az\/wp-content\/uploads\/2023\/03\/FotoJet-2023-03-01T094812.582.jpg",620,413,false],"2048x2048":["https:\/\/arantv.az\/wp-content\/uploads\/2023\/03\/FotoJet-2023-03-01T094812.582.jpg",620,413,false],"post-thumbnail":["https:\/\/arantv.az\/wp-content\/uploads\/2023\/03\/FotoJet-2023-03-01T094812.582-240x172.jpg",240,172,true],"advps-thumb-one":["https:\/\/arantv.az\/wp-content\/uploads\/2023\/03\/FotoJet-2023-03-01T094812.582.jpg",620,413,false]},"rttpg_author":{"display_name":"V\u00fcsal Rafiqo\u011flu","author_link":"https:\/\/arantv.az\/?author=2"},"rttpg_comment":0,"rttpg_category":"<a href=\"https:\/\/arantv.az\/?cat=7\" rel=\"category\">D\u00fcnya<\/a>","rttpg_excerpt":"\u201cBelarus v\u0259 \u00c7in he\u00e7 vaxt kiminl\u0259s\u0259 dost olmaq v\u0259 ya kim\u0259s\u0259 qar\u015f\u0131 f\u0259aliyy\u0259t g\u00f6st\u0259rm\u0259k niyy\u0259tind\u0259 olmay\u0131b\u201d. Bu s\u00f6zl\u0259ri Belarus Prezidenti Aleksandr Luka\u015fenko Pekind\u0259 \u00c7in Xalq Respublikas\u0131n\u0131n D\u00f6vl\u0259t \u015euras\u0131n\u0131n Ba\u015f naziri Li Kesyan il\u0259 g\u00f6r\u00fc\u015f\u00fcnd\u0259 deyib. \u201cBiz he\u00e7 vaxt kiminl\u0259s\u0259 dost olma\u011f\u0131 v\u0259 ya kim\u0259s\u0259 qar\u015f\u0131 f\u0259aliyy\u0259t g\u00f6st\u0259rm\u0259yi qar\u015f\u0131m\u0131za m\u0259qs\u0259d qoymam\u0131\u015f\u0131q\u201d, &#8211; dey\u0259 Belarus lideri qeyd&hellip;","_links":{"self":[{"href":"https:\/\/arantv.az\/index.php?rest_route=\/wp\/v2\/posts\/570981"}],"collection":[{"href":"https:\/\/arantv.az\/index.php?rest_route=\/wp\/v2\/posts"}],"about":[{"href":"https:\/\/arantv.az\/index.php?rest_route=\/wp\/v2\/types\/post"}],"author":[{"embeddable":true,"href":"https:\/\/arantv.az\/index.php?rest_route=\/wp\/v2\/users\/2"}],"replies":[{"embeddable":true,"href":"https:\/\/arantv.az\/index.php?rest_route=%2Fwp%2Fv2%2Fcomments&post=570981"}],"version-history":[{"count":0,"href":"https:\/\/arantv.az\/index.php?rest_route=\/wp\/v2\/posts\/570981\/revisions"}],"wp:featuredmedia":[{"embeddable":true,"href":"https:\/\/arantv.az\/index.php?rest_route=\/wp\/v2\/media\/570982"}],"wp:attachment":[{"href":"https:\/\/arantv.az\/index.php?rest_route=%2Fwp%2Fv2%2Fmedia&parent=570981"}],"wp:term":[{"taxonomy":"category","embeddable":true,"href":"https:\/\/arantv.az\/index.php?rest_route=%2Fwp%2Fv2%2Fcategories&post=570981"},{"taxonomy":"post_tag","embeddable":true,"href":"https:\/\/arantv.az\/index.php?rest_route=%2Fwp%2Fv2%2Ftags&post=570981"}],"curies":[{"name":"wp","href":"https:\/\/api.w.org\/{rel}","templated":true}]}}