{"id":570990,"date":"2023-03-01T11:19:56","date_gmt":"2023-03-01T08:19:56","guid":{"rendered":"https:\/\/arantv.az\/?p=570990"},"modified":"2023-03-01T11:19:56","modified_gmt":"2023-03-01T08:19:56","slug":"ilham-%c9%99liyev-bosniya-v%c9%99-herseqovinanin-r%c9%99yas%c9%99t-hey%c9%99tinin-s%c9%99dri-il%c9%99-gorusub-yenil%c9%99nib-foto","status":"publish","type":"post","link":"https:\/\/arantv.az\/?p=570990","title":{"rendered":"\u0130lham \u018fliyev Bosniya v\u0259 Herseqovinan\u0131n R\u0259yas\u0259t Hey\u0259tinin S\u0259dri il\u0259 g\u00f6r\u00fc\u015f\u00fcb &#8211; YEN\u0130L\u018fN\u0130B + FOTO"},"content":{"rendered":"<p>Az\u0259rbaycan Respublikas\u0131n\u0131n Prezidenti\u00a0<strong>\u0130lham \u018fliyev<\/strong>\u00a0mart\u0131n 1-d\u0259 Bosniya v\u0259 Herseqovinan\u0131n R\u0259yas\u0259t Hey\u0259tinin S\u0259dri xan\u0131m Jelka Tsviyanovi\u00e7 il\u0259 g\u00f6r\u00fc\u015f\u00fcb.<\/p>\n<p>AZ\u018fRTAC x\u0259b\u0259r verir ki, d\u00f6vl\u0259timizin ba\u015f\u00e7\u0131s\u0131 Qo\u015fulmama H\u0259r\u0259kat\u0131n\u0131n COVID-19-a qar\u015f\u0131 m\u00fcbariz\u0259 \u00fczr\u0259 T\u0259mas Qrupunun Zirv\u0259 g\u00f6r\u00fc\u015f\u00fcnd\u0259 i\u015ftirak etm\u0259k \u00fc\u00e7\u00fcn \u00f6lk\u0259miz\u0259 s\u0259f\u0259r etdiyin\u0259 g\u00f6r\u0259 Bosniya v\u0259 Herseqovinan\u0131n R\u0259yas\u0259t Hey\u0259tinin S\u0259drin\u0259 minn\u0259tdarl\u0131\u011f\u0131n\u0131 bildirib, s\u0259f\u0259r zaman\u0131 ikit\u0259r\u0259fli \u0259laq\u0259l\u0259rimizl\u0259 ba\u011fl\u0131 m\u00fczakir\u0259l\u0259r aparmaq \u00fc\u00e7\u00fcn imkanlar\u0131n da yarand\u0131\u011f\u0131n\u0131 deyib.<\/p>\n<div class=\"AdviadNativeVideo\"><\/div>\n<p>Bosniya v\u0259 Herseqovinan\u0131n R\u0259yas\u0259t Hey\u0259tinin S\u0259dri \u00f6lk\u0259mizd\u0259 olmas\u0131ndan m\u0259mnunlu\u011funu bildirdi, Bak\u0131n\u0131n g\u00f6z\u0259lliyinin onu heyran etdiyini deyib. Qonaq m\u00fcnasib\u0259tl\u0259rimizin y\u00fcks\u0259k s\u0259viyy\u0259d\u0259 oldu\u011funu qeyd edib, COVID-19 d\u00f6vr\u00fcnd\u0259 v\u0259 Bosniya v\u0259 Herseqovinada ba\u015f vermi\u015f da\u015fq\u0131nlar zaman\u0131 Az\u0259rbaycan\u0131n onun \u00f6lk\u0259sin\u0259 g\u00f6st\u0259rdiyi d\u0259st\u0259yin y\u00fcks\u0259k qiym\u0259tl\u0259ndirildiyini vur\u011fulay\u0131b.<\/p>\n<p>Jelka Tsviyanovi\u00e7 iqtisadiyyat, ticar\u0259t, investisiya, enerji v\u0259 dig\u0259r sah\u0259l\u0259rd\u0259 \u0259m\u0259kda\u015fl\u0131q \u00fc\u00e7\u00fcn b\u00f6y\u00fck imkanlar\u0131n oldu\u011funu qeyd edib.<\/p>\n<p>G\u00f6r\u00fc\u015fd\u0259 Az\u0259rbaycan il\u0259 Bosniya v\u0259 Herseqovina aras\u0131nda siyasi m\u00fcnasib\u0259tl\u0259rin \u00e7ox yax\u015f\u0131 s\u0259viyy\u0259d\u0259 oldu\u011fu qeyd edilib. Ancaq iqtisadi-ticari \u0259laq\u0259l\u0259rin daha da g\u00fccl\u0259ndirilm\u0259sinin, h\u0259m\u00e7inin biznes dair\u0259l\u0259ri aras\u0131nda birba\u015fa t\u0259maslar\u0131n t\u0259\u015fviqinin vacibliyi bildirilib.<\/p>\n<p>S\u00f6hb\u0259t zaman\u0131 Bak\u0131 v\u0259 Sarayevo \u015f\u0259h\u0259rl\u0259rinin h\u0259l\u0259 \u00f6t\u0259n \u0259srin 70-ci ill\u0259rind\u0259n qarda\u015fla\u015fm\u0131\u015f \u015f\u0259h\u0259rl\u0259r oldu\u011fu xat\u0131rlanaraq, \u015f\u0259h\u0259rl\u0259raras\u0131 \u0259laq\u0259l\u0259rin inki\u015faf\u0131n\u0131n da \u00f6n\u0259mi vur\u011fulan\u0131b.<\/p>\n<p>Bosniya v\u0259 Herseqovinan\u0131n R\u0259yas\u0259t Hey\u0259tinin S\u0259dri d\u00f6vl\u0259timizin ba\u015f\u00e7\u0131s\u0131n\u0131 \u00f6lk\u0259sin\u0259 r\u0259smi s\u0259f\u0259r\u0259 d\u0259v\u0259t edib.<\/p>\n<p>Az\u0259rbaycan Prezidenti d\u0259v\u0259ti m\u0259mnuniyy\u0259tl\u0259 q\u0259bul edib.<\/p>\n<p><strong>10:59<\/strong><\/p>\n<p>Az\u0259rbaycan Respublikas\u0131n\u0131n Prezidenti\u00a0<strong>\u0130lham \u018fliyev<\/strong>\u00a0mart\u0131n 1-d\u0259 Bosniya v\u0259 Herseqovinan\u0131n R\u0259yas\u0259t Hey\u0259tinin S\u0259dri xan\u0131m Jelka Tsviyanovi\u00e7 il\u0259 g\u00f6r\u00fc\u015f\u00fcb.<\/p>\n<p>Bununla ba\u011fl\u0131\u00a0<a href=\"https:\/\/azertag.az\/xeber\/Prezident_Ilham_Aliyev_Bosniya_ve_Herseqovinanin_Reyaset_Heyetinin_Sedri_ile_gorusub_YENILANACAK-2511596\" target=\"_blank\" rel=\"noopener\">AZ\u018fRTAC<\/a>\u00a0m\u0259lumat yay\u0131b.<\/p>\n<p>&nbsp;<\/p>\n<div class=\"gallery\">\n<div class=\"gallery-i\"><img src=\"https:\/\/cdn.oxu.az\/uploads\/W1siZiIsIjIwMjMvMDMvMDEvMTEvMDIvMTgvYTE4YjlmNDAtMTUyZC00NDgzLWJjYzgtYWRiODdiYjg0ZDJhLzE2Nzc2NTQwNzAxNDM2MjI4NzE3XzEwMDB4NjY5LmpwZyJdLFsicCIsImVuY29kZSIsImpwZyIsIi1xdWFsaXR5IDgwIl0sWyJwIiwidGh1bWIiLCI1OTB4NTkwXHUwMDNlIl1d?sha=1b47d74a2a3d9c72\" alt=\"\" \/><\/p>\n<div class=\"gallery-i-caption\"><\/div>\n<\/div>\n<div class=\"gallery-i\"><img src=\"https:\/\/cdn.oxu.az\/uploads\/W1siZiIsIjIwMjMvMDMvMDEvMTEvMDIvMTgvNjQ5ZTc0NzUtMjQ3NS00NGM0LWFiMWUtZjBhZjRmOGIzNWIzLzE2Nzc2NTQwNzA2NDY3NjMwOTAxXzEwMDB4NjY5LmpwZyJdLFsicCIsImVuY29kZSIsImpwZyIsIi1xdWFsaXR5IDgwIl0sWyJwIiwidGh1bWIiLCI1OTB4NTkwXHUwMDNlIl1d?sha=8cf64a53e719372f\" alt=\"\" \/><\/div>\n<\/div>\n","protected":false},"excerpt":{"rendered":"<p>Az\u0259rbaycan Respublikas\u0131n\u0131n Prezidenti\u00a0\u0130lham \u018fliyev\u00a0mart\u0131n 1-d\u0259 Bosniya v\u0259 Herseqovinan\u0131n R\u0259yas\u0259t Hey\u0259tinin S\u0259dri xan\u0131m Jelka Tsviyanovi\u00e7 il\u0259 g\u00f6r\u00fc\u015f\u00fcb. AZ\u018fRTAC x\u0259b\u0259r verir ki, d\u00f6vl\u0259timizin ba\u015f\u00e7\u0131s\u0131 Qo\u015fulmama H\u0259r\u0259kat\u0131n\u0131n COVID-19-a qar\u015f\u0131 m\u00fcbariz\u0259 \u00fczr\u0259 T\u0259mas Qrupunun Zirv\u0259 g\u00f6r\u00fc\u015f\u00fcnd\u0259 i\u015ftirak etm\u0259k \u00fc\u00e7\u00fcn \u00f6lk\u0259miz\u0259 s\u0259f\u0259r etdiyin\u0259 g\u00f6r\u0259 Bosniya v\u0259 Herseqovinan\u0131n R\u0259yas\u0259t Hey\u0259tinin S\u0259drin\u0259 minn\u0259tdarl\u0131\u011f\u0131n\u0131 bildirib, s\u0259f\u0259r zaman\u0131 ikit\u0259r\u0259fli \u0259laq\u0259l\u0259rimizl\u0259 ba\u011fl\u0131 m\u00fczakir\u0259l\u0259r aparmaq \u00fc\u00e7\u00fcn imkanlar\u0131n da yarand\u0131\u011f\u0131n\u0131 deyib. Bosniya v\u0259 Herseqovinan\u0131n R\u0259yas\u0259t Hey\u0259tinin S\u0259dri \u00f6lk\u0259mizd\u0259 olmas\u0131ndan m\u0259mnunlu\u011funu bildirdi, Bak\u0131n\u0131n g\u00f6z\u0259lliyinin onu heyran etdiyini deyib. Qonaq m\u00fcnasib\u0259tl\u0259rimizin y\u00fcks\u0259k s\u0259viyy\u0259d\u0259 oldu\u011funu qeyd edib, COVID-19 d\u00f6vr\u00fcnd\u0259 v\u0259 Bosniya v\u0259 Herseqovinada ba\u015f vermi\u015f&hellip;<\/p>\n","protected":false},"author":2,"featured_media":570920,"comment_status":"closed","ping_status":"closed","sticky":false,"template":"","format":"standard","meta":{"om_disable_all_campaigns":false,"_monsterinsights_skip_tracking":false,"_monsterinsights_sitenote_active":false,"_monsterinsights_sitenote_note":"","_monsterinsights_sitenote_category":0},"categories":[4],"tags":[],"aioseo_notices":[],"gutentor_comment":0,"rttpg_featured_image_url":{"full":["https:\/\/arantv.az\/wp-content\/uploads\/2023\/03\/16776540523042818401_1200x630.jpg",620,413,false],"landscape":["https:\/\/arantv.az\/wp-content\/uploads\/2023\/03\/16776540523042818401_1200x630.jpg",620,413,false],"portraits":["https:\/\/arantv.az\/wp-content\/uploads\/2023\/03\/16776540523042818401_1200x630.jpg",620,413,false],"thumbnail":["https:\/\/arantv.az\/wp-content\/uploads\/2023\/03\/16776540523042818401_1200x630-500x280.jpg",500,280,true],"medium":["https:\/\/arantv.az\/wp-content\/uploads\/2023\/03\/16776540523042818401_1200x630-548x365.jpg",548,365,true],"large":["https:\/\/arantv.az\/wp-content\/uploads\/2023\/03\/16776540523042818401_1200x630.jpg",620,413,false],"1536x1536":["https:\/\/arantv.az\/wp-content\/uploads\/2023\/03\/16776540523042818401_1200x630.jpg",620,413,false],"2048x2048":["https:\/\/arantv.az\/wp-content\/uploads\/2023\/03\/16776540523042818401_1200x630.jpg",620,413,false],"post-thumbnail":["https:\/\/arantv.az\/wp-content\/uploads\/2023\/03\/16776540523042818401_1200x630-240x172.jpg",240,172,true],"advps-thumb-one":["https:\/\/arantv.az\/wp-content\/uploads\/2023\/03\/16776540523042818401_1200x630.jpg",620,413,false]},"rttpg_author":{"display_name":"V\u00fcsal Rafiqo\u011flu","author_link":"https:\/\/arantv.az\/?author=2"},"rttpg_comment":0,"rttpg_category":"<a href=\"https:\/\/arantv.az\/?cat=4\" rel=\"category\">Siyas\u0259t<\/a>","rttpg_excerpt":"Az\u0259rbaycan Respublikas\u0131n\u0131n Prezidenti\u00a0\u0130lham \u018fliyev\u00a0mart\u0131n 1-d\u0259 Bosniya v\u0259 Herseqovinan\u0131n R\u0259yas\u0259t Hey\u0259tinin S\u0259dri xan\u0131m Jelka Tsviyanovi\u00e7 il\u0259 g\u00f6r\u00fc\u015f\u00fcb. AZ\u018fRTAC x\u0259b\u0259r verir ki, d\u00f6vl\u0259timizin ba\u015f\u00e7\u0131s\u0131 Qo\u015fulmama H\u0259r\u0259kat\u0131n\u0131n COVID-19-a qar\u015f\u0131 m\u00fcbariz\u0259 \u00fczr\u0259 T\u0259mas Qrupunun Zirv\u0259 g\u00f6r\u00fc\u015f\u00fcnd\u0259 i\u015ftirak etm\u0259k \u00fc\u00e7\u00fcn \u00f6lk\u0259miz\u0259 s\u0259f\u0259r etdiyin\u0259 g\u00f6r\u0259 Bosniya v\u0259 Herseqovinan\u0131n R\u0259yas\u0259t Hey\u0259tinin S\u0259drin\u0259 minn\u0259tdarl\u0131\u011f\u0131n\u0131 bildirib, s\u0259f\u0259r zaman\u0131 ikit\u0259r\u0259fli \u0259laq\u0259l\u0259rimizl\u0259 ba\u011fl\u0131 m\u00fczakir\u0259l\u0259r aparmaq \u00fc\u00e7\u00fcn&hellip;","_links":{"self":[{"href":"https:\/\/arantv.az\/index.php?rest_route=\/wp\/v2\/posts\/570990"}],"collection":[{"href":"https:\/\/arantv.az\/index.php?rest_route=\/wp\/v2\/posts"}],"about":[{"href":"https:\/\/arantv.az\/index.php?rest_route=\/wp\/v2\/types\/post"}],"author":[{"embeddable":true,"href":"https:\/\/arantv.az\/index.php?rest_route=\/wp\/v2\/users\/2"}],"replies":[{"embeddable":true,"href":"https:\/\/arantv.az\/index.php?rest_route=%2Fwp%2Fv2%2Fcomments&post=570990"}],"version-history":[{"count":0,"href":"https:\/\/arantv.az\/index.php?rest_route=\/wp\/v2\/posts\/570990\/revisions"}],"wp:featuredmedia":[{"embeddable":true,"href":"https:\/\/arantv.az\/index.php?rest_route=\/wp\/v2\/media\/570920"}],"wp:attachment":[{"href":"https:\/\/arantv.az\/index.php?rest_route=%2Fwp%2Fv2%2Fmedia&parent=570990"}],"wp:term":[{"taxonomy":"category","embeddable":true,"href":"https:\/\/arantv.az\/index.php?rest_route=%2Fwp%2Fv2%2Fcategories&post=570990"},{"taxonomy":"post_tag","embeddable":true,"href":"https:\/\/arantv.az\/index.php?rest_route=%2Fwp%2Fv2%2Ftags&post=570990"}],"curies":[{"name":"wp","href":"https:\/\/api.w.org\/{rel}","templated":true}]}}