{"id":571007,"date":"2023-03-01T11:42:18","date_gmt":"2023-03-01T08:42:18","guid":{"rendered":"https:\/\/arantv.az\/?p=571007"},"modified":"2023-03-01T11:42:18","modified_gmt":"2023-03-01T08:42:18","slug":"mastagada-qardasinin-h%c9%99y%c9%99tin%c9%99-qumbara-atan-s%c9%99xs-hokmd%c9%99n-narazidir","status":"publish","type":"post","link":"https:\/\/arantv.az\/?p=571007","title":{"rendered":"Ma\u015fta\u011fada qarda\u015f\u0131n\u0131n h\u0259y\u0259tin\u0259 qumbara atan \u015f\u0259xs h\u00f6kmd\u0259n naraz\u0131d\u0131r"},"content":{"rendered":"<p>Bak\u0131da qarda\u015f\u0131n\u0131 qumbara il\u0259 \u00f6ld\u00fcrm\u0259y\u0259 c\u0259hdd\u0259 t\u0259qsirl\u0259ndiril\u0259n Ramin \u0130sakov bar\u0259sind\u0259ki h\u00f6kmd\u0259n apellyasiya \u015fikay\u0259ti verib.<\/p>\n<p>Pravda.az-\u0131n \u0259ld\u0259 etdiyi m\u0259lumata g\u00f6r\u0259, Bak\u0131 Apellyasiya M\u0259hk\u0259m\u0259sin\u0259 m\u00fcraci\u0259t ed\u0259n m\u0259hkum c\u0259zas\u0131n\u0131n y\u00fcng\u00fcll\u0259\u015fdirilm\u0259sini ist\u0259yir.<\/p>\n<div class=\"AdviadNativeVideo\"><\/div>\n<p>\u015eikay\u0259t hakim Habil M\u0259mm\u0259dovun s\u0259drliyi il\u0259 ara\u015fd\u0131r\u0131lacaq.<\/p>\n<p>M\u0259hk\u0259m\u0259nin ilkin haz\u0131rl\u0131q iclas\u0131 mart\u0131n 2-n\u0259 t\u0259yin edilib.<\/p>\n<p>Bak\u0131 A\u011f\u0131r Cinay\u0259tl\u0259r M\u0259hk\u0259m\u0259sinin h\u00f6km\u00fc il\u0259 o, 14 il m\u00fcdd\u0259tin\u0259 azadl\u0131qdan m\u0259hrum olunub.<\/p>\n<p>Qeyd ed\u0259k ki, hadis\u0259 \u00f6t\u0259n ilin iyulunda paytaxt\u0131n Sabun\u00e7u rayonunda ba\u015f verib.<\/p>\n<p>Bel\u0259 ki, Ramin \u0130sakov \u015f\u0259xsi m\u00fcnasib\u0259tl\u0259r z\u0259minind\u0259 aralar\u0131nda yaranm\u0131\u015f m\u00fcbahis\u0259 zaman\u0131 qarda\u015f\u0131 R\u0259\u015fad \u0130sakzad\u0259nin Ma\u015fta\u011fada yerl\u0259\u015f\u0259n evinin h\u0259y\u0259tin\u0259 qumbara at\u0131b. Evd\u0259 qarda\u015f\u0131ndan \u0259lav\u0259, qarda\u015f\u0131n\u0131n iki azya\u015fl\u0131 u\u015fa\u011f\u0131 v\u0259 h\u0259yat yolda\u015f\u0131 olub. Xo\u015fb\u0259xtlikd\u0259n, x\u0259sar\u0259t alan olmay\u0131b.<\/p>\n<p>Ramin \u0130sakova qar\u015f\u0131 Cinay\u0259t M\u0259c\u0259ll\u0259sinin 29, 120.2.4 (x\u00fcsusi amans\u0131zl\u0131qla v\u0259 ya \u00fcmumi t\u0259hl\u00fck\u0259li \u00fcsulla adam \u00f6ld\u00fcrm\u0259y\u0259 c\u0259hd) madd\u0259si il\u0259 ittiham elan olunub.<\/p>\n","protected":false},"excerpt":{"rendered":"<p>Bak\u0131da qarda\u015f\u0131n\u0131 qumbara il\u0259 \u00f6ld\u00fcrm\u0259y\u0259 c\u0259hdd\u0259 t\u0259qsirl\u0259ndiril\u0259n Ramin \u0130sakov bar\u0259sind\u0259ki h\u00f6kmd\u0259n apellyasiya \u015fikay\u0259ti verib. Pravda.az-\u0131n \u0259ld\u0259 etdiyi m\u0259lumata g\u00f6r\u0259, Bak\u0131 Apellyasiya M\u0259hk\u0259m\u0259sin\u0259 m\u00fcraci\u0259t ed\u0259n m\u0259hkum c\u0259zas\u0131n\u0131n y\u00fcng\u00fcll\u0259\u015fdirilm\u0259sini ist\u0259yir. \u015eikay\u0259t hakim Habil M\u0259mm\u0259dovun s\u0259drliyi il\u0259 ara\u015fd\u0131r\u0131lacaq. M\u0259hk\u0259m\u0259nin ilkin haz\u0131rl\u0131q iclas\u0131 mart\u0131n 2-n\u0259 t\u0259yin edilib. Bak\u0131 A\u011f\u0131r Cinay\u0259tl\u0259r M\u0259hk\u0259m\u0259sinin h\u00f6km\u00fc il\u0259 o, 14 il m\u00fcdd\u0259tin\u0259 azadl\u0131qdan m\u0259hrum olunub. Qeyd ed\u0259k ki, hadis\u0259 \u00f6t\u0259n ilin iyulunda paytaxt\u0131n Sabun\u00e7u rayonunda ba\u015f verib. Bel\u0259 ki, Ramin \u0130sakov \u015f\u0259xsi m\u00fcnasib\u0259tl\u0259r z\u0259minind\u0259 aralar\u0131nda yaranm\u0131\u015f m\u00fcbahis\u0259 zaman\u0131 qarda\u015f\u0131 R\u0259\u015fad \u0130sakzad\u0259nin Ma\u015fta\u011fada yerl\u0259\u015f\u0259n evinin h\u0259y\u0259tin\u0259 qumbara at\u0131b. Evd\u0259 qarda\u015f\u0131ndan&hellip;<\/p>\n","protected":false},"author":2,"featured_media":571008,"comment_status":"closed","ping_status":"closed","sticky":false,"template":"","format":"standard","meta":{"om_disable_all_campaigns":false,"_monsterinsights_skip_tracking":false,"_monsterinsights_sitenote_active":false,"_monsterinsights_sitenote_note":"","_monsterinsights_sitenote_category":0},"categories":[5],"tags":[],"aioseo_notices":[],"gutentor_comment":0,"rttpg_featured_image_url":{"full":["https:\/\/arantv.az\/wp-content\/uploads\/2023\/03\/1661840154_1661839375_2425162.jpg",620,413,false],"landscape":["https:\/\/arantv.az\/wp-content\/uploads\/2023\/03\/1661840154_1661839375_2425162.jpg",620,413,false],"portraits":["https:\/\/arantv.az\/wp-content\/uploads\/2023\/03\/1661840154_1661839375_2425162.jpg",620,413,false],"thumbnail":["https:\/\/arantv.az\/wp-content\/uploads\/2023\/03\/1661840154_1661839375_2425162-500x280.jpg",500,280,true],"medium":["https:\/\/arantv.az\/wp-content\/uploads\/2023\/03\/1661840154_1661839375_2425162-548x365.jpg",548,365,true],"large":["https:\/\/arantv.az\/wp-content\/uploads\/2023\/03\/1661840154_1661839375_2425162.jpg",620,413,false],"1536x1536":["https:\/\/arantv.az\/wp-content\/uploads\/2023\/03\/1661840154_1661839375_2425162.jpg",620,413,false],"2048x2048":["https:\/\/arantv.az\/wp-content\/uploads\/2023\/03\/1661840154_1661839375_2425162.jpg",620,413,false],"post-thumbnail":["https:\/\/arantv.az\/wp-content\/uploads\/2023\/03\/1661840154_1661839375_2425162-240x172.jpg",240,172,true],"advps-thumb-one":["https:\/\/arantv.az\/wp-content\/uploads\/2023\/03\/1661840154_1661839375_2425162.jpg",620,413,false]},"rttpg_author":{"display_name":"V\u00fcsal Rafiqo\u011flu","author_link":"https:\/\/arantv.az\/?author=2"},"rttpg_comment":0,"rttpg_category":"<a href=\"https:\/\/arantv.az\/?cat=5\" rel=\"category\">Hadis\u0259<\/a>","rttpg_excerpt":"Bak\u0131da qarda\u015f\u0131n\u0131 qumbara il\u0259 \u00f6ld\u00fcrm\u0259y\u0259 c\u0259hdd\u0259 t\u0259qsirl\u0259ndiril\u0259n Ramin \u0130sakov bar\u0259sind\u0259ki h\u00f6kmd\u0259n apellyasiya \u015fikay\u0259ti verib. Pravda.az-\u0131n \u0259ld\u0259 etdiyi m\u0259lumata g\u00f6r\u0259, Bak\u0131 Apellyasiya M\u0259hk\u0259m\u0259sin\u0259 m\u00fcraci\u0259t ed\u0259n m\u0259hkum c\u0259zas\u0131n\u0131n y\u00fcng\u00fcll\u0259\u015fdirilm\u0259sini ist\u0259yir. \u015eikay\u0259t hakim Habil M\u0259mm\u0259dovun s\u0259drliyi il\u0259 ara\u015fd\u0131r\u0131lacaq. M\u0259hk\u0259m\u0259nin ilkin haz\u0131rl\u0131q iclas\u0131 mart\u0131n 2-n\u0259 t\u0259yin edilib. Bak\u0131 A\u011f\u0131r Cinay\u0259tl\u0259r M\u0259hk\u0259m\u0259sinin h\u00f6km\u00fc il\u0259 o, 14 il m\u00fcdd\u0259tin\u0259 azadl\u0131qdan m\u0259hrum&hellip;","_links":{"self":[{"href":"https:\/\/arantv.az\/index.php?rest_route=\/wp\/v2\/posts\/571007"}],"collection":[{"href":"https:\/\/arantv.az\/index.php?rest_route=\/wp\/v2\/posts"}],"about":[{"href":"https:\/\/arantv.az\/index.php?rest_route=\/wp\/v2\/types\/post"}],"author":[{"embeddable":true,"href":"https:\/\/arantv.az\/index.php?rest_route=\/wp\/v2\/users\/2"}],"replies":[{"embeddable":true,"href":"https:\/\/arantv.az\/index.php?rest_route=%2Fwp%2Fv2%2Fcomments&post=571007"}],"version-history":[{"count":0,"href":"https:\/\/arantv.az\/index.php?rest_route=\/wp\/v2\/posts\/571007\/revisions"}],"wp:featuredmedia":[{"embeddable":true,"href":"https:\/\/arantv.az\/index.php?rest_route=\/wp\/v2\/media\/571008"}],"wp:attachment":[{"href":"https:\/\/arantv.az\/index.php?rest_route=%2Fwp%2Fv2%2Fmedia&parent=571007"}],"wp:term":[{"taxonomy":"category","embeddable":true,"href":"https:\/\/arantv.az\/index.php?rest_route=%2Fwp%2Fv2%2Fcategories&post=571007"},{"taxonomy":"post_tag","embeddable":true,"href":"https:\/\/arantv.az\/index.php?rest_route=%2Fwp%2Fv2%2Ftags&post=571007"}],"curies":[{"name":"wp","href":"https:\/\/api.w.org\/{rel}","templated":true}]}}