{"id":571010,"date":"2023-03-01T11:42:53","date_gmt":"2023-03-01T08:42:53","guid":{"rendered":"https:\/\/arantv.az\/?p=571010"},"modified":"2023-03-01T11:42:53","modified_gmt":"2023-03-01T08:42:53","slug":"ir%c9%99van-xaninin-portreti-q%c9%99rbi-az%c9%99rbaycan-icmasina-h%c9%99diyy%c9%99-edilib-foto","status":"publish","type":"post","link":"https:\/\/arantv.az\/?p=571010","title":{"rendered":"\u0130r\u0259van xan\u0131n\u0131n portreti Q\u0259rbi Az\u0259rbaycan \u0130cmas\u0131na h\u0259diyy\u0259 edilib &#8211; FOTO"},"content":{"rendered":"<p>Q\u0259rbi Az\u0259rbaycan \u0130cmas\u0131nda Xalq artisti, g\u00f6rk\u0259mli kino v\u0259 teatr aktyoru Muxtar Av\u015far\u0131n o\u011flu Rza Av\u015far\u0131n haz\u0131rlad\u0131\u011f\u0131 \u0130r\u0259van xan\u0131 R\u0259vanqulu xan\u0131n b\u00f6y\u00fck portretinin \u0130cmaya h\u0259diyy\u0259 edilm\u0259si m\u0259rasimi ba\u015f tutub.<\/p>\n<p>APA x\u0259b\u0259r verir ki, t\u0259qdimetm\u0259 m\u0259rasimind\u0259 Q\u0259rbi Az\u0259rbaycan \u0130cmas\u0131 r\u0259hb\u0259rliyi, n\u00fcmay\u0259nd\u0259l\u0259ri il\u0259 yana\u015f\u0131, ictimai-siyasi xadiml\u0259r, media m\u0259nsublar\u0131 i\u015ftirak edibl\u0259r.<\/p>\n<div class=\"AdviadNativeVideo\"><\/div>\n<p>T\u0259qdimat\u0131 giri\u015f s\u00f6z\u00fc il\u0259 a\u00e7an \u0130cman\u0131n s\u0259dri \u018fziz \u018fl\u0259kb\u0259rli Prezident\u00a0<strong>\u0130lham \u018fliyev<\/strong>in m\u0259hz ad g\u00fcn\u00fcnd\u0259 Q\u0259rbi Az\u0259rbaycan \u0130cmas\u0131na g\u0259li\u015fi, h\u0259m\u00e7inin icman\u0131n qar\u015f\u0131s\u0131na qoydu\u011fu v\u0259zif\u0259l\u0259r bar\u0259d\u0259 \u0259trafl\u0131 m\u0259lumat verib. \u0130cma s\u0259dri \u00f6lk\u0259 ba\u015f\u00e7\u0131s\u0131n\u0131n Q\u0259rbi Az\u0259rbaycana qay\u0131d\u0131\u015fla ba\u011fl\u0131 siyas\u0259tin\u0259 diqq\u0259t \u00e7\u0259k\u0259r\u0259k h\u0259r bir az\u0259rbaycanl\u0131n\u0131n bu istiqam\u0259td\u0259 f\u0259al olmal\u0131 oldu\u011funu diqq\u0259t\u0259 \u00e7atd\u0131r\u0131b:<\/p>\n<p>\u201cBiz o torpaqlara m\u00fctl\u0259q qay\u0131daca\u011f\u0131q. Bu qay\u0131d\u0131\u015fdan sonra Az\u0259rbaycan\u0131n tarixi torpaqlar\u0131 bizd\u0259n sonrak\u0131 n\u0259slin \u0259z\u0259li torpaqlar\u0131 olaraq n\u0259sill\u0259rd\u0259n-n\u0259sill\u0259r\u0259 \u00f6t\u00fcr\u00fcl\u0259c\u0259k\u201d.<\/p>\n<p>\u018fm\u0259kdar r\u0259ssam Rza Av\u015far is\u0259 \u0259s\u0259ri \u00e7\u0259km\u0259kd\u0259 m\u0259qs\u0259dinin erm\u0259nil\u0259rin zaman-zaman \u0130r\u0259van \u015f\u0259h\u0259ri bar\u0259d\u0259 uydurma fikirl\u0259r s\u0259sl\u0259ndirm\u0259l\u0259rin\u0259 etiraz oldu\u011funu qeyd edib.<\/p>\n<p>Xat\u0131rladaq ki, Rza Av\u015far \u018fzim \u018fzimzad\u0259 ad\u0131na m\u0259kt\u0259bin m\u0259zunudur. O, d\u0259f\u0259l\u0259rl\u0259 respublika v\u0259 beyn\u0259lxalq miqyasl\u0131 s\u0259rgil\u0259rin i\u015ftirak\u00e7\u0131s\u0131 olub. Rza Av\u015far\u0131n d\u00fcnyan\u0131n bir \u00e7ox \u00f6lk\u0259l\u0259rinin n\u00fcfuzlu s\u0259rgil\u0259rind\u0259, o c\u00fcml\u0259d\u0259n Fransa, Almaniya, \u0130taliya, Avstriya, Koreya, Rusiya, AB\u015e, T\u00fcrkiy\u0259, B\u018f\u018f, Estoniya v\u0259 \u0130randa \u0259s\u0259rl\u0259ri n\u00fcmayi\u015f olunub. H\u0259m\u00e7inin T\u00fcrkiy\u0259 v\u0259 Estoniyada f\u0259rdi s\u0259rgil\u0259ri a\u00e7\u0131l\u0131b.<\/p>\n<p>Rza Av\u015far 60 illik yubileyi m\u00fcnasib\u0259til\u0259 \u201cAz\u0259rbaycan\u0131n \u018fm\u0259kdar r\u0259ssam\u0131\u201d ad\u0131na layiq g\u00f6r\u00fcl\u00fcb.<\/p>\n<p>&nbsp;<\/p>\n<div class=\"gallery\">\n<div class=\"gallery-i\"><img src=\"https:\/\/cdn.oxu.az\/uploads\/W1siZiIsIjIwMjMvMDMvMDEvMTIvMjAvNDcvYWVlMDFkNjktYjU3MS00ZThkLThkMGQtNTNkMzA2YjNjZmU4LzYzZmYwNWJmMjU2M2M2M2ZmMDViZjI1NjNkMTY3NzY1NzUzNGIzOTAwZGVhMjcwNzE3NGMxYmMxMTRkZWU3NDVhZjlhLmpwZWciXSxbInAiLCJlbmNvZGUiLCJqcGciLCItcXVhbGl0eSA4MCJdLFsicCIsInRodW1iIiwiNTkweDU5MFx1MDAzZSJdXQ?sha=8298b4503c4da371\" alt=\"\" \/><\/p>\n<div class=\"gallery-i-caption\"><\/div>\n<\/div>\n<div class=\"gallery-i\"><img src=\"https:\/\/cdn.oxu.az\/uploads\/W1siZiIsIjIwMjMvMDMvMDEvMTIvMjAvNDcvODJmYmIxYzMtYjcxYi00YTNmLThlMmUtMzM3OTZhYzdiODkzLzYzZmYwNWJlMmNkMWU2M2ZmMDViZTJjZDFmMTY3NzY1NzUzNDRkNGQ2ZWE0OTBjNWU3M2VmNzMwZjVkY2FjYWJmZGY0LmpwZWciXSxbInAiLCJlbmNvZGUiLCJqcGciLCItcXVhbGl0eSA4MCJdLFsicCIsInRodW1iIiwiNTkweDU5MFx1MDAzZSJdXQ?sha=2ac4ea6efe17dce7\" alt=\"\" \/><\/div>\n<\/div>\n","protected":false},"excerpt":{"rendered":"<p>Q\u0259rbi Az\u0259rbaycan \u0130cmas\u0131nda Xalq artisti, g\u00f6rk\u0259mli kino v\u0259 teatr aktyoru Muxtar Av\u015far\u0131n o\u011flu Rza Av\u015far\u0131n haz\u0131rlad\u0131\u011f\u0131 \u0130r\u0259van xan\u0131 R\u0259vanqulu xan\u0131n b\u00f6y\u00fck portretinin \u0130cmaya h\u0259diyy\u0259 edilm\u0259si m\u0259rasimi ba\u015f tutub. APA x\u0259b\u0259r verir ki, t\u0259qdimetm\u0259 m\u0259rasimind\u0259 Q\u0259rbi Az\u0259rbaycan \u0130cmas\u0131 r\u0259hb\u0259rliyi, n\u00fcmay\u0259nd\u0259l\u0259ri il\u0259 yana\u015f\u0131, ictimai-siyasi xadiml\u0259r, media m\u0259nsublar\u0131 i\u015ftirak edibl\u0259r. T\u0259qdimat\u0131 giri\u015f s\u00f6z\u00fc il\u0259 a\u00e7an \u0130cman\u0131n s\u0259dri \u018fziz \u018fl\u0259kb\u0259rli Prezident\u00a0\u0130lham \u018fliyevin m\u0259hz ad g\u00fcn\u00fcnd\u0259 Q\u0259rbi Az\u0259rbaycan \u0130cmas\u0131na g\u0259li\u015fi, h\u0259m\u00e7inin icman\u0131n qar\u015f\u0131s\u0131na qoydu\u011fu v\u0259zif\u0259l\u0259r bar\u0259d\u0259 \u0259trafl\u0131 m\u0259lumat verib. \u0130cma s\u0259dri \u00f6lk\u0259 ba\u015f\u00e7\u0131s\u0131n\u0131n Q\u0259rbi Az\u0259rbaycana qay\u0131d\u0131\u015fla ba\u011fl\u0131 siyas\u0259tin\u0259 diqq\u0259t \u00e7\u0259k\u0259r\u0259k h\u0259r bir az\u0259rbaycanl\u0131n\u0131n bu istiqam\u0259td\u0259&hellip;<\/p>\n","protected":false},"author":2,"featured_media":571011,"comment_status":"closed","ping_status":"closed","sticky":false,"template":"","format":"standard","meta":{"om_disable_all_campaigns":false,"_monsterinsights_skip_tracking":false,"_monsterinsights_sitenote_active":false,"_monsterinsights_sitenote_note":"","_monsterinsights_sitenote_category":0},"categories":[1],"tags":[],"aioseo_notices":[],"gutentor_comment":0,"rttpg_featured_image_url":{"full":["https:\/\/arantv.az\/wp-content\/uploads\/2023\/03\/63ff05c01a92563ff05c01a9261677657534503cf27d3d8001419e721cc733dc6cc6-1.jpg",620,413,false],"landscape":["https:\/\/arantv.az\/wp-content\/uploads\/2023\/03\/63ff05c01a92563ff05c01a9261677657534503cf27d3d8001419e721cc733dc6cc6-1.jpg",620,413,false],"portraits":["https:\/\/arantv.az\/wp-content\/uploads\/2023\/03\/63ff05c01a92563ff05c01a9261677657534503cf27d3d8001419e721cc733dc6cc6-1.jpg",620,413,false],"thumbnail":["https:\/\/arantv.az\/wp-content\/uploads\/2023\/03\/63ff05c01a92563ff05c01a9261677657534503cf27d3d8001419e721cc733dc6cc6-1-500x280.jpg",500,280,true],"medium":["https:\/\/arantv.az\/wp-content\/uploads\/2023\/03\/63ff05c01a92563ff05c01a9261677657534503cf27d3d8001419e721cc733dc6cc6-1-548x365.jpg",548,365,true],"large":["https:\/\/arantv.az\/wp-content\/uploads\/2023\/03\/63ff05c01a92563ff05c01a9261677657534503cf27d3d8001419e721cc733dc6cc6-1.jpg",620,413,false],"1536x1536":["https:\/\/arantv.az\/wp-content\/uploads\/2023\/03\/63ff05c01a92563ff05c01a9261677657534503cf27d3d8001419e721cc733dc6cc6-1.jpg",620,413,false],"2048x2048":["https:\/\/arantv.az\/wp-content\/uploads\/2023\/03\/63ff05c01a92563ff05c01a9261677657534503cf27d3d8001419e721cc733dc6cc6-1.jpg",620,413,false],"post-thumbnail":["https:\/\/arantv.az\/wp-content\/uploads\/2023\/03\/63ff05c01a92563ff05c01a9261677657534503cf27d3d8001419e721cc733dc6cc6-1-240x172.jpg",240,172,true],"advps-thumb-one":["https:\/\/arantv.az\/wp-content\/uploads\/2023\/03\/63ff05c01a92563ff05c01a9261677657534503cf27d3d8001419e721cc733dc6cc6-1.jpg",620,413,false]},"rttpg_author":{"display_name":"V\u00fcsal Rafiqo\u011flu","author_link":"https:\/\/arantv.az\/?author=2"},"rttpg_comment":0,"rttpg_category":"<a href=\"https:\/\/arantv.az\/?cat=1\" rel=\"category\">C\u0259miyy\u0259t<\/a>","rttpg_excerpt":"Q\u0259rbi Az\u0259rbaycan \u0130cmas\u0131nda Xalq artisti, g\u00f6rk\u0259mli kino v\u0259 teatr aktyoru Muxtar Av\u015far\u0131n o\u011flu Rza Av\u015far\u0131n haz\u0131rlad\u0131\u011f\u0131 \u0130r\u0259van xan\u0131 R\u0259vanqulu xan\u0131n b\u00f6y\u00fck portretinin \u0130cmaya h\u0259diyy\u0259 edilm\u0259si m\u0259rasimi ba\u015f tutub. APA x\u0259b\u0259r verir ki, t\u0259qdimetm\u0259 m\u0259rasimind\u0259 Q\u0259rbi Az\u0259rbaycan \u0130cmas\u0131 r\u0259hb\u0259rliyi, n\u00fcmay\u0259nd\u0259l\u0259ri il\u0259 yana\u015f\u0131, ictimai-siyasi xadiml\u0259r, media m\u0259nsublar\u0131 i\u015ftirak edibl\u0259r. T\u0259qdimat\u0131 giri\u015f s\u00f6z\u00fc il\u0259 a\u00e7an \u0130cman\u0131n s\u0259dri \u018fziz&hellip;","_links":{"self":[{"href":"https:\/\/arantv.az\/index.php?rest_route=\/wp\/v2\/posts\/571010"}],"collection":[{"href":"https:\/\/arantv.az\/index.php?rest_route=\/wp\/v2\/posts"}],"about":[{"href":"https:\/\/arantv.az\/index.php?rest_route=\/wp\/v2\/types\/post"}],"author":[{"embeddable":true,"href":"https:\/\/arantv.az\/index.php?rest_route=\/wp\/v2\/users\/2"}],"replies":[{"embeddable":true,"href":"https:\/\/arantv.az\/index.php?rest_route=%2Fwp%2Fv2%2Fcomments&post=571010"}],"version-history":[{"count":0,"href":"https:\/\/arantv.az\/index.php?rest_route=\/wp\/v2\/posts\/571010\/revisions"}],"wp:featuredmedia":[{"embeddable":true,"href":"https:\/\/arantv.az\/index.php?rest_route=\/wp\/v2\/media\/571011"}],"wp:attachment":[{"href":"https:\/\/arantv.az\/index.php?rest_route=%2Fwp%2Fv2%2Fmedia&parent=571010"}],"wp:term":[{"taxonomy":"category","embeddable":true,"href":"https:\/\/arantv.az\/index.php?rest_route=%2Fwp%2Fv2%2Fcategories&post=571010"},{"taxonomy":"post_tag","embeddable":true,"href":"https:\/\/arantv.az\/index.php?rest_route=%2Fwp%2Fv2%2Ftags&post=571010"}],"curies":[{"name":"wp","href":"https:\/\/api.w.org\/{rel}","templated":true}]}}