{"id":571014,"date":"2023-03-01T11:43:23","date_gmt":"2023-03-01T08:43:23","guid":{"rendered":"https:\/\/arantv.az\/?p=571014"},"modified":"2023-03-01T11:43:23","modified_gmt":"2023-03-01T08:43:23","slug":"naxcivanda-etirazlara-s%c9%99b%c9%99b-olan-deputat-direktorun-yerin%c9%99-t%c9%99yinat-foto","status":"publish","type":"post","link":"https:\/\/arantv.az\/?p=571014","title":{"rendered":"Nax\u00e7\u0131vanda etirazlara s\u0259b\u0259b olan deputat-direktorun yerin\u0259 T\u018fY\u0130NAT &#8211; FOTO"},"content":{"rendered":"<p>Nax\u00e7\u0131van \u015f\u0259h\u0259r 12 n\u00f6mr\u0259li tam orta m\u0259kt\u0259bin\u0259 yeni direktor t\u0259yin olunub.<\/p>\n<div class=\"AdviadNativeVideo\"><\/div>\n<p>APA-n\u0131n Nax\u00e7\u0131van b\u00fcrosu x\u0259b\u0259r verir ki, bu g\u00fcn m\u0259kt\u0259bin m\u00fc\u0259llimi Tahir\u0259 Qas\u0131mova direktor v\u0259zif\u0259sin\u0259 t\u0259yinat al\u0131b.<\/p>\n<p>Qeyd ed\u0259k ki, fevral\u0131n 1-d\u0259 m\u0259kt\u0259b\u0259 yeni t\u0259yin edil\u0259n direktor Turan M\u0259mm\u0259dli il\u0259 m\u00fc\u0259lliml\u0259r aras\u0131nda insident ba\u015f vermi\u015fdi v\u0259 m\u00fc\u0259lliml\u0259r d\u0259rs saatlar\u0131n\u0131n azald\u0131lmas\u0131na \u015fikay\u0259tl\u0259rini bildirm\u0259k m\u0259qs\u0259di il\u0259 d\u0259rs\u0259 girm\u0259mi\u015fdil\u0259r. \u0130ki g\u00fcn sonra is\u0259 direktor v\u0259zif\u0259sind\u0259n azad edilmi\u015fdi.<\/p>\n<p>Xat\u0131rladaq ki, Turan M\u0259mm\u0259dli Nax\u00e7\u0131van Ali M\u0259clisinin deputat\u0131d\u0131r.<\/p>\n<p>&nbsp;<\/p>\n<div class=\"gallery\">\n<div class=\"gallery-i\"><img src=\"https:\/\/cdn.oxu.az\/uploads\/W1siZiIsIjIwMjMvMDMvMDEvMTIvMTIvMjQvNTQ0NWRmMDEtMTBmZS00NGIxLWIxNjAtNjQzOGMzYmVlMGY5LzYzZmYwNmUwMjZlNDg2M2ZmMDZlMDI2ZTQ5MTY3NzY1NzgyNDYzZmYwNmUwMjZlNDY2M2ZmMDZlMDI2ZTQ3ICgxKS5qcGciXSxbInAiLCJlbmNvZGUiLCJqcGciLCItcXVhbGl0eSA4MCJdLFsicCIsInRodW1iIiwiNTkweDU5MFx1MDAzZSJdXQ?sha=66ad54ede7ae6b0f\" alt=\"\" \/><\/div>\n<\/div>\n","protected":false},"excerpt":{"rendered":"<p>Nax\u00e7\u0131van \u015f\u0259h\u0259r 12 n\u00f6mr\u0259li tam orta m\u0259kt\u0259bin\u0259 yeni direktor t\u0259yin olunub. APA-n\u0131n Nax\u00e7\u0131van b\u00fcrosu x\u0259b\u0259r verir ki, bu g\u00fcn m\u0259kt\u0259bin m\u00fc\u0259llimi Tahir\u0259 Qas\u0131mova direktor v\u0259zif\u0259sin\u0259 t\u0259yinat al\u0131b. Qeyd ed\u0259k ki, fevral\u0131n 1-d\u0259 m\u0259kt\u0259b\u0259 yeni t\u0259yin edil\u0259n direktor Turan M\u0259mm\u0259dli il\u0259 m\u00fc\u0259lliml\u0259r aras\u0131nda insident ba\u015f vermi\u015fdi v\u0259 m\u00fc\u0259lliml\u0259r d\u0259rs saatlar\u0131n\u0131n azald\u0131lmas\u0131na \u015fikay\u0259tl\u0259rini bildirm\u0259k m\u0259qs\u0259di il\u0259 d\u0259rs\u0259 girm\u0259mi\u015fdil\u0259r. \u0130ki g\u00fcn sonra is\u0259 direktor v\u0259zif\u0259sind\u0259n azad edilmi\u015fdi. Xat\u0131rladaq ki, Turan M\u0259mm\u0259dli Nax\u00e7\u0131van Ali M\u0259clisinin deputat\u0131d\u0131r. &nbsp;<\/p>\n","protected":false},"author":2,"featured_media":571015,"comment_status":"closed","ping_status":"closed","sticky":false,"template":"","format":"standard","meta":{"om_disable_all_campaigns":false,"_monsterinsights_skip_tracking":false,"_monsterinsights_sitenote_active":false,"_monsterinsights_sitenote_note":"","_monsterinsights_sitenote_category":0},"categories":[1],"tags":[],"aioseo_notices":[],"gutentor_comment":0,"rttpg_featured_image_url":{"full":["https:\/\/arantv.az\/wp-content\/uploads\/2023\/03\/FotoJet-2023-03-01T121200.775.jpg",620,413,false],"landscape":["https:\/\/arantv.az\/wp-content\/uploads\/2023\/03\/FotoJet-2023-03-01T121200.775.jpg",620,413,false],"portraits":["https:\/\/arantv.az\/wp-content\/uploads\/2023\/03\/FotoJet-2023-03-01T121200.775.jpg",620,413,false],"thumbnail":["https:\/\/arantv.az\/wp-content\/uploads\/2023\/03\/FotoJet-2023-03-01T121200.775-500x280.jpg",500,280,true],"medium":["https:\/\/arantv.az\/wp-content\/uploads\/2023\/03\/FotoJet-2023-03-01T121200.775-548x365.jpg",548,365,true],"large":["https:\/\/arantv.az\/wp-content\/uploads\/2023\/03\/FotoJet-2023-03-01T121200.775.jpg",620,413,false],"1536x1536":["https:\/\/arantv.az\/wp-content\/uploads\/2023\/03\/FotoJet-2023-03-01T121200.775.jpg",620,413,false],"2048x2048":["https:\/\/arantv.az\/wp-content\/uploads\/2023\/03\/FotoJet-2023-03-01T121200.775.jpg",620,413,false],"post-thumbnail":["https:\/\/arantv.az\/wp-content\/uploads\/2023\/03\/FotoJet-2023-03-01T121200.775-240x172.jpg",240,172,true],"advps-thumb-one":["https:\/\/arantv.az\/wp-content\/uploads\/2023\/03\/FotoJet-2023-03-01T121200.775.jpg",620,413,false]},"rttpg_author":{"display_name":"V\u00fcsal Rafiqo\u011flu","author_link":"https:\/\/arantv.az\/?author=2"},"rttpg_comment":0,"rttpg_category":"<a href=\"https:\/\/arantv.az\/?cat=1\" rel=\"category\">C\u0259miyy\u0259t<\/a>","rttpg_excerpt":"Nax\u00e7\u0131van \u015f\u0259h\u0259r 12 n\u00f6mr\u0259li tam orta m\u0259kt\u0259bin\u0259 yeni direktor t\u0259yin olunub. APA-n\u0131n Nax\u00e7\u0131van b\u00fcrosu x\u0259b\u0259r verir ki, bu g\u00fcn m\u0259kt\u0259bin m\u00fc\u0259llimi Tahir\u0259 Qas\u0131mova direktor v\u0259zif\u0259sin\u0259 t\u0259yinat al\u0131b. Qeyd ed\u0259k ki, fevral\u0131n 1-d\u0259 m\u0259kt\u0259b\u0259 yeni t\u0259yin edil\u0259n direktor Turan M\u0259mm\u0259dli il\u0259 m\u00fc\u0259lliml\u0259r aras\u0131nda insident ba\u015f vermi\u015fdi v\u0259 m\u00fc\u0259lliml\u0259r d\u0259rs saatlar\u0131n\u0131n azald\u0131lmas\u0131na \u015fikay\u0259tl\u0259rini bildirm\u0259k m\u0259qs\u0259di il\u0259 d\u0259rs\u0259&hellip;","_links":{"self":[{"href":"https:\/\/arantv.az\/index.php?rest_route=\/wp\/v2\/posts\/571014"}],"collection":[{"href":"https:\/\/arantv.az\/index.php?rest_route=\/wp\/v2\/posts"}],"about":[{"href":"https:\/\/arantv.az\/index.php?rest_route=\/wp\/v2\/types\/post"}],"author":[{"embeddable":true,"href":"https:\/\/arantv.az\/index.php?rest_route=\/wp\/v2\/users\/2"}],"replies":[{"embeddable":true,"href":"https:\/\/arantv.az\/index.php?rest_route=%2Fwp%2Fv2%2Fcomments&post=571014"}],"version-history":[{"count":0,"href":"https:\/\/arantv.az\/index.php?rest_route=\/wp\/v2\/posts\/571014\/revisions"}],"wp:featuredmedia":[{"embeddable":true,"href":"https:\/\/arantv.az\/index.php?rest_route=\/wp\/v2\/media\/571015"}],"wp:attachment":[{"href":"https:\/\/arantv.az\/index.php?rest_route=%2Fwp%2Fv2%2Fmedia&parent=571014"}],"wp:term":[{"taxonomy":"category","embeddable":true,"href":"https:\/\/arantv.az\/index.php?rest_route=%2Fwp%2Fv2%2Fcategories&post=571014"},{"taxonomy":"post_tag","embeddable":true,"href":"https:\/\/arantv.az\/index.php?rest_route=%2Fwp%2Fv2%2Ftags&post=571014"}],"curies":[{"name":"wp","href":"https:\/\/api.w.org\/{rel}","templated":true}]}}