{"id":571021,"date":"2023-03-01T12:05:33","date_gmt":"2023-03-01T09:05:33","guid":{"rendered":"https:\/\/arantv.az\/?p=571021"},"modified":"2023-03-01T12:05:33","modified_gmt":"2023-03-01T09:05:33","slug":"az%c9%99rbaycanin-qarabag-bolg%c9%99sind%c9%99-yasayan-erm%c9%99ni-sakinl%c9%99rl%c9%99-t%c9%99maslar-uzr%c9%99-m%c9%99sul-s%c9%99xs-mu%c9%99yy%c9%99n-edildi","status":"publish","type":"post","link":"https:\/\/arantv.az\/?p=571021","title":{"rendered":"Az\u0259rbaycan\u0131n Qaraba\u011f b\u00f6lg\u0259sind\u0259 ya\u015fayan erm\u0259ni sakinl\u0259rl\u0259 t\u0259maslar \u00fczr\u0259 m\u0259sul \u015f\u0259xs m\u00fc\u0259yy\u0259n edildi"},"content":{"rendered":"<p>Milli M\u0259clisin deputat\u0131 Ramin M\u0259mm\u0259dov Az\u0259rbaycan Respublikas\u0131n\u0131n Qaraba\u011f b\u00f6lg\u0259sind\u0259 ya\u015fayan erm\u0259ni sakinl\u0259r il\u0259 t\u0259maslar \u00fczr\u0259 m\u0259sul \u015f\u0259xs qismind\u0259 m\u00fc\u0259yy\u0259n edilib.<\/p>\n<p><a href=\"https:\/\/azertag.az\/xeber\/Ramin_Memmedov_Azerbaycanin_Qarabag_bolgesinde_yasayan_ermeni_sakinlerle_temaslar_uzre_mesul_sexs_qisminde_mueyyen_edilib-2511911\" target=\"_blank\" rel=\"noopener\">AZ\u018fRTAC<\/a>\u00a0x\u0259b\u0259r verir ki, bu m\u0259qs\u0259dl\u0259 mart\u0131n 1-d\u0259 Ramin M\u0259mm\u0259dov Xocal\u0131 \u015f\u0259h\u0259rind\u0259, Az\u0259rbaycan Respublikas\u0131 \u0259razisind\u0259 m\u00fcv\u0259qq\u0259ti yerl\u0259\u015fdirilmi\u015f Rusiya Federasiyas\u0131 s\u00fclhm\u0259raml\u0131 kontingentinin q\u0259rargah\u0131nda Az\u0259rbaycan Respublikas\u0131n\u0131n Qaraba\u011f b\u00f6lg\u0259sind\u0259 ya\u015fayan erm\u0259ni sakinl\u0259rin t\u0259msil\u00e7il\u0259ri il\u0259 g\u00f6r\u00fc\u015f\u00fcb.<\/p>\n<div class=\"AdviadNativeVideo\"><\/div>\n<p>G\u00f6r\u00fc\u015fd\u0259 Ekologiya v\u0259 T\u0259bii S\u0259rv\u0259tl\u0259r Nazirliyi, \u0130qtisadiyyat Nazirliyi yan\u0131nda \u018fmlak M\u0259s\u0259l\u0259l\u0259ri D\u00f6vl\u0259t Xidm\u0259ti v\u0259 \u201cAzerGold\u201d Qapal\u0131 S\u0259hmdar C\u0259miyy\u0259tinin m\u00fct\u0259x\u0259ssisl\u0259rind\u0259n ibar\u0259t t\u0259bii s\u0259rv\u0259tl\u0259rin qanunsuz istismar\u0131n\u0131 ara\u015fd\u0131ran monitorinq qrupunun r\u0259hb\u0259ri M\u0259sim M\u0259mm\u0259dov d\u0259 i\u015ftirak edib.<\/p>\n<p>G\u00f6r\u00fc\u015f zaman\u0131 Az\u0259rbaycan Respublikas\u0131n\u0131n Konstitusiyas\u0131na v\u0259 qanunlar\u0131na uy\u011fun olaraq Qaraba\u011f b\u00f6lg\u0259sind\u0259 ya\u015fayan erm\u0259ni sakinl\u0259rin Az\u0259rbaycan Respublikas\u0131na reinteqrasiyas\u0131na dair ilkin m\u00fczakir\u0259l\u0259r apar\u0131l\u0131b.<\/p>\n<p>Az\u0259rbaycan Respublikas\u0131n\u0131n Qaraba\u011f b\u00f6lg\u0259sind\u0259 ya\u015fayan erm\u0259ni sakinl\u0259r il\u0259 t\u0259maslar davam etdiril\u0259c\u0259k.<\/p>\n<p>\u0130ctimaiyy\u0259t\u0259 \u0259lav\u0259 m\u0259lumat veril\u0259c\u0259k.<\/p>\n","protected":false},"excerpt":{"rendered":"<p>Milli M\u0259clisin deputat\u0131 Ramin M\u0259mm\u0259dov Az\u0259rbaycan Respublikas\u0131n\u0131n Qaraba\u011f b\u00f6lg\u0259sind\u0259 ya\u015fayan erm\u0259ni sakinl\u0259r il\u0259 t\u0259maslar \u00fczr\u0259 m\u0259sul \u015f\u0259xs qismind\u0259 m\u00fc\u0259yy\u0259n edilib. AZ\u018fRTAC\u00a0x\u0259b\u0259r verir ki, bu m\u0259qs\u0259dl\u0259 mart\u0131n 1-d\u0259 Ramin M\u0259mm\u0259dov Xocal\u0131 \u015f\u0259h\u0259rind\u0259, Az\u0259rbaycan Respublikas\u0131 \u0259razisind\u0259 m\u00fcv\u0259qq\u0259ti yerl\u0259\u015fdirilmi\u015f Rusiya Federasiyas\u0131 s\u00fclhm\u0259raml\u0131 kontingentinin q\u0259rargah\u0131nda Az\u0259rbaycan Respublikas\u0131n\u0131n Qaraba\u011f b\u00f6lg\u0259sind\u0259 ya\u015fayan erm\u0259ni sakinl\u0259rin t\u0259msil\u00e7il\u0259ri il\u0259 g\u00f6r\u00fc\u015f\u00fcb. G\u00f6r\u00fc\u015fd\u0259 Ekologiya v\u0259 T\u0259bii S\u0259rv\u0259tl\u0259r Nazirliyi, \u0130qtisadiyyat Nazirliyi yan\u0131nda \u018fmlak M\u0259s\u0259l\u0259l\u0259ri D\u00f6vl\u0259t Xidm\u0259ti v\u0259 \u201cAzerGold\u201d Qapal\u0131 S\u0259hmdar C\u0259miyy\u0259tinin m\u00fct\u0259x\u0259ssisl\u0259rind\u0259n ibar\u0259t t\u0259bii s\u0259rv\u0259tl\u0259rin qanunsuz istismar\u0131n\u0131 ara\u015fd\u0131ran monitorinq qrupunun r\u0259hb\u0259ri M\u0259sim M\u0259mm\u0259dov d\u0259 i\u015ftirak edib. G\u00f6r\u00fc\u015f zaman\u0131 Az\u0259rbaycan Respublikas\u0131n\u0131n Konstitusiyas\u0131na v\u0259&hellip;<\/p>\n","protected":false},"author":2,"featured_media":571022,"comment_status":"closed","ping_status":"closed","sticky":false,"template":"","format":"standard","meta":{"om_disable_all_campaigns":false,"_monsterinsights_skip_tracking":false,"_monsterinsights_sitenote_active":false,"_monsterinsights_sitenote_note":"","_monsterinsights_sitenote_category":0},"categories":[4],"tags":[],"aioseo_notices":[],"gutentor_comment":0,"rttpg_featured_image_url":{"full":["https:\/\/arantv.az\/wp-content\/uploads\/2023\/03\/FotoJet-3.jpg",620,413,false],"landscape":["https:\/\/arantv.az\/wp-content\/uploads\/2023\/03\/FotoJet-3.jpg",620,413,false],"portraits":["https:\/\/arantv.az\/wp-content\/uploads\/2023\/03\/FotoJet-3.jpg",620,413,false],"thumbnail":["https:\/\/arantv.az\/wp-content\/uploads\/2023\/03\/FotoJet-3-500x280.jpg",500,280,true],"medium":["https:\/\/arantv.az\/wp-content\/uploads\/2023\/03\/FotoJet-3-548x365.jpg",548,365,true],"large":["https:\/\/arantv.az\/wp-content\/uploads\/2023\/03\/FotoJet-3.jpg",620,413,false],"1536x1536":["https:\/\/arantv.az\/wp-content\/uploads\/2023\/03\/FotoJet-3.jpg",620,413,false],"2048x2048":["https:\/\/arantv.az\/wp-content\/uploads\/2023\/03\/FotoJet-3.jpg",620,413,false],"post-thumbnail":["https:\/\/arantv.az\/wp-content\/uploads\/2023\/03\/FotoJet-3-240x172.jpg",240,172,true],"advps-thumb-one":["https:\/\/arantv.az\/wp-content\/uploads\/2023\/03\/FotoJet-3.jpg",620,413,false]},"rttpg_author":{"display_name":"V\u00fcsal Rafiqo\u011flu","author_link":"https:\/\/arantv.az\/?author=2"},"rttpg_comment":0,"rttpg_category":"<a href=\"https:\/\/arantv.az\/?cat=4\" rel=\"category\">Siyas\u0259t<\/a>","rttpg_excerpt":"Milli M\u0259clisin deputat\u0131 Ramin M\u0259mm\u0259dov Az\u0259rbaycan Respublikas\u0131n\u0131n Qaraba\u011f b\u00f6lg\u0259sind\u0259 ya\u015fayan erm\u0259ni sakinl\u0259r il\u0259 t\u0259maslar \u00fczr\u0259 m\u0259sul \u015f\u0259xs qismind\u0259 m\u00fc\u0259yy\u0259n edilib. AZ\u018fRTAC\u00a0x\u0259b\u0259r verir ki, bu m\u0259qs\u0259dl\u0259 mart\u0131n 1-d\u0259 Ramin M\u0259mm\u0259dov Xocal\u0131 \u015f\u0259h\u0259rind\u0259, Az\u0259rbaycan Respublikas\u0131 \u0259razisind\u0259 m\u00fcv\u0259qq\u0259ti yerl\u0259\u015fdirilmi\u015f Rusiya Federasiyas\u0131 s\u00fclhm\u0259raml\u0131 kontingentinin q\u0259rargah\u0131nda Az\u0259rbaycan Respublikas\u0131n\u0131n Qaraba\u011f b\u00f6lg\u0259sind\u0259 ya\u015fayan erm\u0259ni sakinl\u0259rin t\u0259msil\u00e7il\u0259ri il\u0259 g\u00f6r\u00fc\u015f\u00fcb. G\u00f6r\u00fc\u015fd\u0259 Ekologiya v\u0259 T\u0259bii&hellip;","_links":{"self":[{"href":"https:\/\/arantv.az\/index.php?rest_route=\/wp\/v2\/posts\/571021"}],"collection":[{"href":"https:\/\/arantv.az\/index.php?rest_route=\/wp\/v2\/posts"}],"about":[{"href":"https:\/\/arantv.az\/index.php?rest_route=\/wp\/v2\/types\/post"}],"author":[{"embeddable":true,"href":"https:\/\/arantv.az\/index.php?rest_route=\/wp\/v2\/users\/2"}],"replies":[{"embeddable":true,"href":"https:\/\/arantv.az\/index.php?rest_route=%2Fwp%2Fv2%2Fcomments&post=571021"}],"version-history":[{"count":0,"href":"https:\/\/arantv.az\/index.php?rest_route=\/wp\/v2\/posts\/571021\/revisions"}],"wp:featuredmedia":[{"embeddable":true,"href":"https:\/\/arantv.az\/index.php?rest_route=\/wp\/v2\/media\/571022"}],"wp:attachment":[{"href":"https:\/\/arantv.az\/index.php?rest_route=%2Fwp%2Fv2%2Fmedia&parent=571021"}],"wp:term":[{"taxonomy":"category","embeddable":true,"href":"https:\/\/arantv.az\/index.php?rest_route=%2Fwp%2Fv2%2Fcategories&post=571021"},{"taxonomy":"post_tag","embeddable":true,"href":"https:\/\/arantv.az\/index.php?rest_route=%2Fwp%2Fv2%2Ftags&post=571021"}],"curies":[{"name":"wp","href":"https:\/\/api.w.org\/{rel}","templated":true}]}}