{"id":571027,"date":"2023-03-01T12:06:54","date_gmt":"2023-03-01T09:06:54","guid":{"rendered":"https:\/\/arantv.az\/?p=571027"},"modified":"2023-03-01T12:06:54","modified_gmt":"2023-03-01T09:06:54","slug":"az%c9%99rbaycan-prezidenti-beyn%c9%99lxalq-miqrasiya-t%c9%99skilatinin-bas-direktorunu-q%c9%99bul-edib-yenil%c9%99nib-foto","status":"publish","type":"post","link":"https:\/\/arantv.az\/?p=571027","title":{"rendered":"Az\u0259rbaycan Prezidenti Beyn\u0259lxalq Miqrasiya T\u0259\u015fkilat\u0131n\u0131n Ba\u015f direktorunu q\u0259bul edib &#8211; YEN\u0130L\u018fN\u0130B + FOTO"},"content":{"rendered":"<p>Az\u0259rbaycan Respublikas\u0131n\u0131n Prezidenti\u00a0<strong>\u0130lham \u018fliyev<\/strong>\u00a0mart\u0131n 1-d\u0259 Beyn\u0259lxalq Miqrasiya T\u0259\u015fkilat\u0131n\u0131n Ba\u015f direktoru Antonio Vitorinonu q\u0259bul edib.<\/p>\n<p>AZ\u018fRTAC x\u0259b\u0259r verir ki, Antonio Vitorino Qo\u015fulmama H\u0259r\u0259kat\u0131n\u0131n COVID-19-a qar\u015f\u0131 m\u00fcbariz\u0259 \u00fczr\u0259 T\u0259mas Qrupunun Zirv\u0259 g\u00f6r\u00fc\u015f\u00fcn\u0259 d\u0259v\u0259t edildiyin\u0259 g\u00f6r\u0259 t\u0259\u015f\u0259kk\u00fcr\u00fcn\u00fc bildirib, bu sammitin haz\u0131rda beyn\u0259lxalq g\u00fcnd\u0259likd\u0259 duran m\u0259s\u0259l\u0259l\u0259rin m\u00fczakir\u0259si bax\u0131m\u0131ndan \u00e7ox yax\u015f\u0131 f\u00fcrs\u0259t yaratd\u0131\u011f\u0131n\u0131 deyib.<\/p>\n<div class=\"AdviadNativeVideo\"><\/div>\n<p>Az\u0259rbaycan il\u0259 Beyn\u0259lxalq Miqrasiya T\u0259\u015fkilat\u0131 aras\u0131nda \u00e7ox s\u0131x \u0259laq\u0259l\u0259rin oldu\u011funu vur\u011fulayan d\u00f6vl\u0259timizin ba\u015f\u00e7\u0131s\u0131 Qo\u015fulmama H\u0259r\u0259kat\u0131n\u0131n Bak\u0131da ke\u00e7iril\u0259c\u0259k sammitind\u0259 i\u015ftirak etdiyin\u0259 g\u00f6r\u0259 Antonio Vitorinoya minn\u0259tdarl\u0131\u011f\u0131n\u0131 ifad\u0259 edib. Prezident \u0130lham \u018fliyev Qo\u015fulmama H\u0259r\u0259kat\u0131na s\u0259drlik d\u00f6vr\u00fcnd\u0259 \u00f6lk\u0259mizin bu H\u0259r\u0259kat\u0131n daha da t\u0259sisatlanmas\u0131 istiqam\u0259tind\u0259 bir s\u0131ra t\u0259\u015f\u0259bb\u00fcsl\u0259rl\u0259 \u00e7\u0131x\u0131\u015f etdiyini bildirib.<\/p>\n<p>\u00d6lk\u0259mizl\u0259 r\u0259hb\u0259rlik etdiyi t\u0259\u015fkilat\u0131n s\u0259m\u0259r\u0259li \u0259m\u0259kda\u015fl\u0131\u011f\u0131na g\u00f6r\u0259 t\u0259\u015f\u0259kk\u00fcr\u00fcn\u00fc ifad\u0259 ed\u0259n Antonio Vitorino Az\u0259rbaycan Respublikas\u0131n\u0131n i\u015f\u011faldan azad edilmi\u015f \u0259razil\u0259rin\u0259 B\u00f6y\u00fck Qay\u0131d\u0131\u015fa dair Birinci D\u00f6vl\u0259t Proqram\u0131n\u0131n \u0259h\u0259miyy\u0259tini vur\u011fulay\u0131b. Qeyd edib ki, Beyn\u0259lxalq Miqrasiya T\u0259\u015fkilat\u0131 \u00f6z t\u0259cr\u00fcb\u0259sind\u0259n \u00e7\u0131x\u0131\u015f ed\u0259r\u0259k bu proses\u0259 d\u0259st\u0259k ver\u0259 bil\u0259r. O, h\u0259m\u00e7inin deyib ki, bu t\u0259\u015fkilat yarand\u0131\u011f\u0131 g\u00fcnd\u0259n b\u0259ri d\u00fcnyan\u0131n m\u00fcxt\u0259lif \u00f6lk\u0259l\u0259rind\u0259 m\u0259cburi k\u00f6\u00e7k\u00fcnl\u0259rin v\u0259 qa\u00e7q\u0131nlar\u0131n qay\u0131tmas\u0131 \u00fczr\u0259 \u00e7ox geni\u015f t\u0259cr\u00fcb\u0259y\u0259 malikdir v\u0259 bu t\u0259cr\u00fcb\u0259ni Az\u0259rbaycan t\u0259r\u0259fi il\u0259 b\u00f6l\u00fc\u015fm\u0259y\u0259 haz\u0131rd\u0131r.<\/p>\n<p>Antonio Vitorino \u00f6lk\u0259mizd\u0259 Beyn\u0259lxalq Miqrasiya T\u0259\u015fkilat\u0131n\u0131n regional t\u0259lim m\u0259rk\u0259zinin yarad\u0131lmas\u0131n\u0131n vacibliyini qeyd edib, bu m\u0259rk\u0259zin h\u0259m Az\u0259rbaycanda, h\u0259m d\u0259 region \u00f6lk\u0259l\u0259rind\u0259 imkanlar\u0131n art\u0131r\u0131lmas\u0131na v\u0259 pe\u015f\u0259kar kadrlar\u0131n haz\u0131rlanmas\u0131na t\u00f6hf\u0259 ver\u0259c\u0259yini deyib.<\/p>\n<p>Qonaq Az\u0259rbaycan\u0131n qa\u00e7q\u0131nlar\u0131n m\u00fcdafi\u0259si v\u0259 beyn\u0259lxalq miqrasiya \u00fczr\u0259 m\u0259\u015fv\u0259r\u0259t\u00e7i proses olan 2023-2024-c\u00fc ill\u0259r \u00fczr\u0259 Almat\u0131 prosesin\u0259 s\u0259drliyini qeyd ed\u0259r\u0259k, miqrasiya il\u0259 ba\u011fl\u0131 davaml\u0131 dialoqun v\u0259 m\u0259lumat m\u00fcbadil\u0259sinin m\u00fczakir\u0259si bax\u0131m\u0131ndan bu platforman\u0131n \u0259h\u0259miyy\u0259tini vur\u011fulay\u0131b.<\/p>\n<p>G\u00f6r\u00fc\u015fd\u0259 az\u0259rbaycanl\u0131 m\u00fct\u0259x\u0259ssisl\u0259rin Beyn\u0259lxalq Miqrasiya T\u0259\u015fkilat\u0131nda v\u0259 BMT-nin dig\u0259r strukturlar\u0131nda t\u0259msil\u00e7iliyinin art\u0131r\u0131lmas\u0131n\u0131n vacibliyi bildirilib.<\/p>\n<p>Antonio Vitorino Az\u0259rbaycan\u0131n yeni donor \u00f6lk\u0259 kimi t\u0259\u015fkilat\u0131n b\u00fcdc\u0259sin\u0259 verdiyi maliyy\u0259 t\u00f6hf\u0259l\u0259rinin d\u0259 y\u00fcks\u0259k qiym\u0259tl\u0259ndirildiyini diqq\u0259t\u0259 \u00e7atd\u0131r\u0131b.<\/p>\n<p><strong>11:05<\/strong><\/p>\n<p>Az\u0259rbaycan Respublikas\u0131n\u0131n Prezidenti\u00a0<strong>\u0130lham \u018fliyev<\/strong>\u00a0mart\u0131n 1-d\u0259 Beyn\u0259lxalq Miqrasiya T\u0259\u015fkilat\u0131n\u0131n Ba\u015f direktoru Antonio Vitorinonu q\u0259bul edib.<\/p>\n<p>Bununla ba\u011fl\u0131\u00a0<a href=\"https:\/\/azertag.az\/xeber\/Prezident_Ilham_Aliyev_Beynelxalq_Miqrasiya_Teskilatinin_Bas_direktorunu_qebul_edib_YENILANACAK-2511602\" target=\"_blank\" rel=\"noopener\">AZ\u018fRTAC<\/a>\u00a0m\u0259lumat yay\u0131b.<\/p>\n<p>&nbsp;<\/p>\n<div class=\"gallery\">\n<div class=\"gallery-i\"><img src=\"https:\/\/cdn.oxu.az\/uploads\/W1siZiIsIjIwMjMvMDMvMDEvMTEvMDgvNDEvOTgxOWE1OTAtN2IyNy00ODRmLTgwOGItZWE2NGU4N2EwZTBlLzE2Nzc2NTQ0ODUxNjMyMTQxODIyXzEwMDB4NjY5LmpwZyJdLFsicCIsImVuY29kZSIsImpwZyIsIi1xdWFsaXR5IDgwIl0sWyJwIiwidGh1bWIiLCI1OTB4NTkwXHUwMDNlIl1d?sha=c60d5639fcea42f4\" alt=\"\" \/><\/div>\n<\/div>\n","protected":false},"excerpt":{"rendered":"<p>Az\u0259rbaycan Respublikas\u0131n\u0131n Prezidenti\u00a0\u0130lham \u018fliyev\u00a0mart\u0131n 1-d\u0259 Beyn\u0259lxalq Miqrasiya T\u0259\u015fkilat\u0131n\u0131n Ba\u015f direktoru Antonio Vitorinonu q\u0259bul edib. AZ\u018fRTAC x\u0259b\u0259r verir ki, Antonio Vitorino Qo\u015fulmama H\u0259r\u0259kat\u0131n\u0131n COVID-19-a qar\u015f\u0131 m\u00fcbariz\u0259 \u00fczr\u0259 T\u0259mas Qrupunun Zirv\u0259 g\u00f6r\u00fc\u015f\u00fcn\u0259 d\u0259v\u0259t edildiyin\u0259 g\u00f6r\u0259 t\u0259\u015f\u0259kk\u00fcr\u00fcn\u00fc bildirib, bu sammitin haz\u0131rda beyn\u0259lxalq g\u00fcnd\u0259likd\u0259 duran m\u0259s\u0259l\u0259l\u0259rin m\u00fczakir\u0259si bax\u0131m\u0131ndan \u00e7ox yax\u015f\u0131 f\u00fcrs\u0259t yaratd\u0131\u011f\u0131n\u0131 deyib. Az\u0259rbaycan il\u0259 Beyn\u0259lxalq Miqrasiya T\u0259\u015fkilat\u0131 aras\u0131nda \u00e7ox s\u0131x \u0259laq\u0259l\u0259rin oldu\u011funu vur\u011fulayan d\u00f6vl\u0259timizin ba\u015f\u00e7\u0131s\u0131 Qo\u015fulmama H\u0259r\u0259kat\u0131n\u0131n Bak\u0131da ke\u00e7iril\u0259c\u0259k sammitind\u0259 i\u015ftirak etdiyin\u0259 g\u00f6r\u0259 Antonio Vitorinoya minn\u0259tdarl\u0131\u011f\u0131n\u0131 ifad\u0259 edib. Prezident \u0130lham \u018fliyev Qo\u015fulmama H\u0259r\u0259kat\u0131na s\u0259drlik d\u00f6vr\u00fcnd\u0259 \u00f6lk\u0259mizin bu H\u0259r\u0259kat\u0131n daha da t\u0259sisatlanmas\u0131 istiqam\u0259tind\u0259 bir&hellip;<\/p>\n","protected":false},"author":2,"featured_media":571028,"comment_status":"closed","ping_status":"closed","sticky":false,"template":"","format":"standard","meta":{"om_disable_all_campaigns":false,"_monsterinsights_skip_tracking":false,"_monsterinsights_sitenote_active":false,"_monsterinsights_sitenote_note":"","_monsterinsights_sitenote_category":0},"categories":[4],"tags":[],"aioseo_notices":[],"gutentor_comment":0,"rttpg_featured_image_url":{"full":["https:\/\/arantv.az\/wp-content\/uploads\/2023\/03\/16776544863295525518_1000x669-1.jpg",620,413,false],"landscape":["https:\/\/arantv.az\/wp-content\/uploads\/2023\/03\/16776544863295525518_1000x669-1.jpg",620,413,false],"portraits":["https:\/\/arantv.az\/wp-content\/uploads\/2023\/03\/16776544863295525518_1000x669-1.jpg",620,413,false],"thumbnail":["https:\/\/arantv.az\/wp-content\/uploads\/2023\/03\/16776544863295525518_1000x669-1-500x280.jpg",500,280,true],"medium":["https:\/\/arantv.az\/wp-content\/uploads\/2023\/03\/16776544863295525518_1000x669-1-548x365.jpg",548,365,true],"large":["https:\/\/arantv.az\/wp-content\/uploads\/2023\/03\/16776544863295525518_1000x669-1.jpg",620,413,false],"1536x1536":["https:\/\/arantv.az\/wp-content\/uploads\/2023\/03\/16776544863295525518_1000x669-1.jpg",620,413,false],"2048x2048":["https:\/\/arantv.az\/wp-content\/uploads\/2023\/03\/16776544863295525518_1000x669-1.jpg",620,413,false],"post-thumbnail":["https:\/\/arantv.az\/wp-content\/uploads\/2023\/03\/16776544863295525518_1000x669-1-240x172.jpg",240,172,true],"advps-thumb-one":["https:\/\/arantv.az\/wp-content\/uploads\/2023\/03\/16776544863295525518_1000x669-1.jpg",620,413,false]},"rttpg_author":{"display_name":"V\u00fcsal Rafiqo\u011flu","author_link":"https:\/\/arantv.az\/?author=2"},"rttpg_comment":0,"rttpg_category":"<a href=\"https:\/\/arantv.az\/?cat=4\" rel=\"category\">Siyas\u0259t<\/a>","rttpg_excerpt":"Az\u0259rbaycan Respublikas\u0131n\u0131n Prezidenti\u00a0\u0130lham \u018fliyev\u00a0mart\u0131n 1-d\u0259 Beyn\u0259lxalq Miqrasiya T\u0259\u015fkilat\u0131n\u0131n Ba\u015f direktoru Antonio Vitorinonu q\u0259bul edib. AZ\u018fRTAC x\u0259b\u0259r verir ki, Antonio Vitorino Qo\u015fulmama H\u0259r\u0259kat\u0131n\u0131n COVID-19-a qar\u015f\u0131 m\u00fcbariz\u0259 \u00fczr\u0259 T\u0259mas Qrupunun Zirv\u0259 g\u00f6r\u00fc\u015f\u00fcn\u0259 d\u0259v\u0259t edildiyin\u0259 g\u00f6r\u0259 t\u0259\u015f\u0259kk\u00fcr\u00fcn\u00fc bildirib, bu sammitin haz\u0131rda beyn\u0259lxalq g\u00fcnd\u0259likd\u0259 duran m\u0259s\u0259l\u0259l\u0259rin m\u00fczakir\u0259si bax\u0131m\u0131ndan \u00e7ox yax\u015f\u0131 f\u00fcrs\u0259t yaratd\u0131\u011f\u0131n\u0131 deyib. Az\u0259rbaycan il\u0259 Beyn\u0259lxalq Miqrasiya T\u0259\u015fkilat\u0131 aras\u0131nda&hellip;","_links":{"self":[{"href":"https:\/\/arantv.az\/index.php?rest_route=\/wp\/v2\/posts\/571027"}],"collection":[{"href":"https:\/\/arantv.az\/index.php?rest_route=\/wp\/v2\/posts"}],"about":[{"href":"https:\/\/arantv.az\/index.php?rest_route=\/wp\/v2\/types\/post"}],"author":[{"embeddable":true,"href":"https:\/\/arantv.az\/index.php?rest_route=\/wp\/v2\/users\/2"}],"replies":[{"embeddable":true,"href":"https:\/\/arantv.az\/index.php?rest_route=%2Fwp%2Fv2%2Fcomments&post=571027"}],"version-history":[{"count":0,"href":"https:\/\/arantv.az\/index.php?rest_route=\/wp\/v2\/posts\/571027\/revisions"}],"wp:featuredmedia":[{"embeddable":true,"href":"https:\/\/arantv.az\/index.php?rest_route=\/wp\/v2\/media\/571028"}],"wp:attachment":[{"href":"https:\/\/arantv.az\/index.php?rest_route=%2Fwp%2Fv2%2Fmedia&parent=571027"}],"wp:term":[{"taxonomy":"category","embeddable":true,"href":"https:\/\/arantv.az\/index.php?rest_route=%2Fwp%2Fv2%2Fcategories&post=571027"},{"taxonomy":"post_tag","embeddable":true,"href":"https:\/\/arantv.az\/index.php?rest_route=%2Fwp%2Fv2%2Ftags&post=571027"}],"curies":[{"name":"wp","href":"https:\/\/api.w.org\/{rel}","templated":true}]}}