{"id":571033,"date":"2023-03-01T12:12:40","date_gmt":"2023-03-01T09:12:40","guid":{"rendered":"https:\/\/arantv.az\/?p=571033"},"modified":"2023-03-01T12:12:40","modified_gmt":"2023-03-01T09:12:40","slug":"moldovada-olk%c9%99-dili-rumin-dilin%c9%99-d%c9%99yisdiril%c9%99c%c9%99k","status":"publish","type":"post","link":"https:\/\/arantv.az\/?p=571033","title":{"rendered":"Moldovada \u00f6lk\u0259 dili rum\u0131n dilin\u0259 d\u0259yi\u015fdiril\u0259c\u0259k"},"content":{"rendered":"<p>Moldova Elml\u0259r Akademiyas\u0131 hakim PAS partiyas\u0131n\u0131n d\u00f6vl\u0259t dili il\u0259 ba\u011fl\u0131 \u00f6lk\u0259 Konstitusiyas\u0131na d\u0259yi\u015fiklik edilm\u0259si t\u0259klifini d\u0259st\u0259kl\u0259yib. Art\u0131q Moldova dilinin ad\u0131 d\u0259yi\u015fdiril\u0259r\u0259k rum\u0131n dili olacaq.<\/p>\n<p>Akademiyan\u0131n \u0259m\u0259kda\u015flar\u0131n\u0131n fikrinc\u0259, bu add\u0131m Moldovan\u0131n b\u00fct\u00fcn d\u00fcnyada imicini yax\u015f\u0131la\u015fd\u0131racaq. Bu, h\u0259m d\u0259 onillikl\u0259r boyu davam ed\u0259n sonsuz dil m\u00fcbahis\u0259l\u0259rini dayand\u0131rma\u011fa imkan ver\u0259c\u0259k.<\/p>\n<div class=\"AdviadNativeVideo\"><\/div>\n<p>PAS fraksiyas\u0131 Moldova parlamentin\u0259 m\u00fcvafiq qanunvericilik layih\u0259sini t\u0259qdim edib. Deputatlardan Konstitusiya M\u0259hk\u0259m\u0259sinin 2013-c\u00fc il tarixli q\u0259rar\u0131n\u0131n icras\u0131 \u00fc\u00e7\u00fcn s\u0259s verm\u0259l\u0259ri ist\u0259nil\u0259c\u0259k. Q\u0259rara \u0259sas\u0259n, Moldova Konstitusiyas\u0131nda \u201cMoldova dili\u201d anlay\u0131\u015f\u0131 \u201crum\u0131n dili\u201d il\u0259 \u0259v\u0259z olunmal\u0131d\u0131r.<\/p>\n<p>Qeyd ed\u0259k ki, lat\u0131n \u0259lifbas\u0131na \u0259saslanan Moldova dili rum\u0131n dili il\u0259 tamamil\u0259 eynidir.<\/p>\n<p>Haz\u0131rda \u00f6lk\u0259nin b\u00fct\u00fcn m\u0259kt\u0259b v\u0259 universitetl\u0259rind\u0259 rum\u0131n dili ke\u00e7ilir, istisna Dnestryan\u0131 b\u00f6lg\u0259dir, burada kiril \u0259lifbas\u0131na \u0259saslanan Moldova dili t\u0259dris olunur.<\/p>\n<p>M\u0259nb\u0259: Gazeta.ru<\/p>\n","protected":false},"excerpt":{"rendered":"<p>Moldova Elml\u0259r Akademiyas\u0131 hakim PAS partiyas\u0131n\u0131n d\u00f6vl\u0259t dili il\u0259 ba\u011fl\u0131 \u00f6lk\u0259 Konstitusiyas\u0131na d\u0259yi\u015fiklik edilm\u0259si t\u0259klifini d\u0259st\u0259kl\u0259yib. Art\u0131q Moldova dilinin ad\u0131 d\u0259yi\u015fdiril\u0259r\u0259k rum\u0131n dili olacaq. Akademiyan\u0131n \u0259m\u0259kda\u015flar\u0131n\u0131n fikrinc\u0259, bu add\u0131m Moldovan\u0131n b\u00fct\u00fcn d\u00fcnyada imicini yax\u015f\u0131la\u015fd\u0131racaq. Bu, h\u0259m d\u0259 onillikl\u0259r boyu davam ed\u0259n sonsuz dil m\u00fcbahis\u0259l\u0259rini dayand\u0131rma\u011fa imkan ver\u0259c\u0259k. PAS fraksiyas\u0131 Moldova parlamentin\u0259 m\u00fcvafiq qanunvericilik layih\u0259sini t\u0259qdim edib. Deputatlardan Konstitusiya M\u0259hk\u0259m\u0259sinin 2013-c\u00fc il tarixli q\u0259rar\u0131n\u0131n icras\u0131 \u00fc\u00e7\u00fcn s\u0259s verm\u0259l\u0259ri ist\u0259nil\u0259c\u0259k. Q\u0259rara \u0259sas\u0259n, Moldova Konstitusiyas\u0131nda \u201cMoldova dili\u201d anlay\u0131\u015f\u0131 \u201crum\u0131n dili\u201d il\u0259 \u0259v\u0259z olunmal\u0131d\u0131r. Qeyd ed\u0259k ki, lat\u0131n \u0259lifbas\u0131na \u0259saslanan Moldova dili rum\u0131n dili&hellip;<\/p>\n","protected":false},"author":2,"featured_media":571034,"comment_status":"closed","ping_status":"closed","sticky":false,"template":"","format":"standard","meta":{"om_disable_all_campaigns":false,"_monsterinsights_skip_tracking":false,"_monsterinsights_sitenote_active":false,"_monsterinsights_sitenote_note":"","_monsterinsights_sitenote_category":0},"categories":[7],"tags":[],"aioseo_notices":[],"gutentor_comment":0,"rttpg_featured_image_url":{"full":["https:\/\/arantv.az\/wp-content\/uploads\/2023\/03\/RIA_2778971-pic4_zoom-1500x1500-10367.jpg",620,413,false],"landscape":["https:\/\/arantv.az\/wp-content\/uploads\/2023\/03\/RIA_2778971-pic4_zoom-1500x1500-10367.jpg",620,413,false],"portraits":["https:\/\/arantv.az\/wp-content\/uploads\/2023\/03\/RIA_2778971-pic4_zoom-1500x1500-10367.jpg",620,413,false],"thumbnail":["https:\/\/arantv.az\/wp-content\/uploads\/2023\/03\/RIA_2778971-pic4_zoom-1500x1500-10367-500x280.jpg",500,280,true],"medium":["https:\/\/arantv.az\/wp-content\/uploads\/2023\/03\/RIA_2778971-pic4_zoom-1500x1500-10367-548x365.jpg",548,365,true],"large":["https:\/\/arantv.az\/wp-content\/uploads\/2023\/03\/RIA_2778971-pic4_zoom-1500x1500-10367.jpg",620,413,false],"1536x1536":["https:\/\/arantv.az\/wp-content\/uploads\/2023\/03\/RIA_2778971-pic4_zoom-1500x1500-10367.jpg",620,413,false],"2048x2048":["https:\/\/arantv.az\/wp-content\/uploads\/2023\/03\/RIA_2778971-pic4_zoom-1500x1500-10367.jpg",620,413,false],"post-thumbnail":["https:\/\/arantv.az\/wp-content\/uploads\/2023\/03\/RIA_2778971-pic4_zoom-1500x1500-10367-240x172.jpg",240,172,true],"advps-thumb-one":["https:\/\/arantv.az\/wp-content\/uploads\/2023\/03\/RIA_2778971-pic4_zoom-1500x1500-10367.jpg",620,413,false]},"rttpg_author":{"display_name":"V\u00fcsal Rafiqo\u011flu","author_link":"https:\/\/arantv.az\/?author=2"},"rttpg_comment":0,"rttpg_category":"<a href=\"https:\/\/arantv.az\/?cat=7\" rel=\"category\">D\u00fcnya<\/a>","rttpg_excerpt":"Moldova Elml\u0259r Akademiyas\u0131 hakim PAS partiyas\u0131n\u0131n d\u00f6vl\u0259t dili il\u0259 ba\u011fl\u0131 \u00f6lk\u0259 Konstitusiyas\u0131na d\u0259yi\u015fiklik edilm\u0259si t\u0259klifini d\u0259st\u0259kl\u0259yib. Art\u0131q Moldova dilinin ad\u0131 d\u0259yi\u015fdiril\u0259r\u0259k rum\u0131n dili olacaq. Akademiyan\u0131n \u0259m\u0259kda\u015flar\u0131n\u0131n fikrinc\u0259, bu add\u0131m Moldovan\u0131n b\u00fct\u00fcn d\u00fcnyada imicini yax\u015f\u0131la\u015fd\u0131racaq. Bu, h\u0259m d\u0259 onillikl\u0259r boyu davam ed\u0259n sonsuz dil m\u00fcbahis\u0259l\u0259rini dayand\u0131rma\u011fa imkan ver\u0259c\u0259k. PAS fraksiyas\u0131 Moldova parlamentin\u0259 m\u00fcvafiq qanunvericilik layih\u0259sini t\u0259qdim&hellip;","_links":{"self":[{"href":"https:\/\/arantv.az\/index.php?rest_route=\/wp\/v2\/posts\/571033"}],"collection":[{"href":"https:\/\/arantv.az\/index.php?rest_route=\/wp\/v2\/posts"}],"about":[{"href":"https:\/\/arantv.az\/index.php?rest_route=\/wp\/v2\/types\/post"}],"author":[{"embeddable":true,"href":"https:\/\/arantv.az\/index.php?rest_route=\/wp\/v2\/users\/2"}],"replies":[{"embeddable":true,"href":"https:\/\/arantv.az\/index.php?rest_route=%2Fwp%2Fv2%2Fcomments&post=571033"}],"version-history":[{"count":0,"href":"https:\/\/arantv.az\/index.php?rest_route=\/wp\/v2\/posts\/571033\/revisions"}],"wp:featuredmedia":[{"embeddable":true,"href":"https:\/\/arantv.az\/index.php?rest_route=\/wp\/v2\/media\/571034"}],"wp:attachment":[{"href":"https:\/\/arantv.az\/index.php?rest_route=%2Fwp%2Fv2%2Fmedia&parent=571033"}],"wp:term":[{"taxonomy":"category","embeddable":true,"href":"https:\/\/arantv.az\/index.php?rest_route=%2Fwp%2Fv2%2Fcategories&post=571033"},{"taxonomy":"post_tag","embeddable":true,"href":"https:\/\/arantv.az\/index.php?rest_route=%2Fwp%2Fv2%2Ftags&post=571033"}],"curies":[{"name":"wp","href":"https:\/\/api.w.org\/{rel}","templated":true}]}}