{"id":571044,"date":"2023-03-01T12:19:10","date_gmt":"2023-03-01T09:19:10","guid":{"rendered":"https:\/\/arantv.az\/?p=571044"},"modified":"2023-03-01T12:19:10","modified_gmt":"2023-03-01T09:19:10","slug":"ulu-ond%c9%99r-heyd%c9%99r-%c9%99liyevin-100-illik-yubileyi-il%c9%99-bagli-agac%c9%99km%c9%99-aksiyasi-kecirilib","status":"publish","type":"post","link":"https:\/\/arantv.az\/?p=571044","title":{"rendered":"Ulu \u00f6nd\u0259r Heyd\u0259r \u018fliyevin 100 illik yubileyi il\u0259 ba\u011fl\u0131 a\u011fac\u0259km\u0259 aksiyas\u0131 ke\u00e7irilib"},"content":{"rendered":"<p>M\u00fcst\u0259qil Az\u0259rbaycan\u0131n memar\u0131 v\u0259 qurucusu, \u00fcmummilli lider Heyd\u0259r \u018fliyevin anadan olmas\u0131n\u0131n 100 illiyi \u00e7\u0259r\u00e7iv\u0259sind\u0259 Ekologiya v\u0259 T\u0259bii S\u0259rv\u0259tl\u0259r Nazirliyi v\u0259 Qeyri-H\u00f6kum\u0259t T\u0259\u015fkilatlar\u0131na D\u00f6vl\u0259t D\u0259st\u0259yi Agentliyinin birg\u0259 t\u0259\u015fkilat\u00e7\u0131l\u0131\u011f\u0131 il\u0259 Bak\u0131n\u0131n M\u00fc\u015ffiqabad q\u0259s\u0259b\u0259sind\u0259 a\u011fac\u0259km\u0259 aksiyas\u0131 ke\u00e7irilib.<\/p>\n<div class=\"AdviadNativeVideo\"><\/div>\n<p>Aksiyada Prezident Administrasiyas\u0131n\u0131n Qeyri-h\u00f6kum\u0259t t\u0259\u015fkilatlar\u0131 il\u0259 i\u015f sektorunun m\u00fcdiri V\u00fcsal Quliyev, ekologiya v\u0259 t\u0259bii s\u0259rv\u0259tl\u0259r naziri Muxtar Babayev, Qeyri-h\u00f6kum\u0259t T\u0259\u015fkilatlar\u0131na D\u00f6vl\u0259t D\u0259st\u0259yi Agentliyinin \u0130cra\u00e7\u0131 direktoru Ayg\u00fcn \u018fliyeva, Prezident Administrasiyas\u0131n\u0131n m\u0259sul \u0259m\u0259kda\u015flar\u0131, agentliyin, Ekologiya v\u0259 T\u0259bii S\u0259rv\u0259tl\u0259r Nazirliyinin kollektivi, 300-d\u0259n \u00e7ox qeyri-h\u00f6kum\u0259t t\u0259\u015fkilatlar\u0131, media n\u00fcmay\u0259nd\u0259l\u0259ri i\u015ftirak edibl\u0259r.<\/p>\n<p>Aksiyan\u0131n ke\u00e7irilm\u0259sind\u0259 \u0259sas m\u0259qs\u0259d \u00f6lk\u0259d\u0259 ekologiyan\u0131n qorunmas\u0131 v\u0259 \u0259traf m\u00fchitin sa\u011flamla\u015fd\u0131r\u0131lmas\u0131na h\u0259r zaman b\u00f6y\u00fck \u0259h\u0259miyy\u0259t vermi\u015f ulu \u00f6nd\u0259r Heyd\u0259r \u018fliyevin \u0259ziz xatir\u0259sini yad etm\u0259k, \u00fcmummilli liderin ya\u015f\u0131lla\u015fd\u0131rma \u0259n\u0259n\u0259l\u0259ri irsini davam etdirm\u0259k, insanlar aras\u0131nda ekoloji m\u0259d\u0259niyy\u0259ti, t\u0259bi\u0259t\u0259 olan qay\u011f\u0131 hissini t\u0259bli\u011f etm\u0259kd\u0259n ibar\u0259t olub.<\/p>\n<p>Qeyd olunub ki, dahi r\u0259hb\u0259r Heyd\u0259r \u018fliyevin \u0259sas\u0131n\u0131 qoydu\u011fu ekoloji siyas\u0259t haz\u0131rda onun layiqli davam\u00e7\u0131s\u0131 Az\u0259rbaycan Respublikas\u0131n\u0131n Prezidenti\u00a0<strong>\u0130lham \u018fliyev<\/strong>\u00a0t\u0259r\u0259find\u0259n u\u011furla davam etdiril\u0259r\u0259k \u00f6lk\u0259mizd\u0259 \u0259traf m\u00fchitin m\u00fchafiz\u0259si v\u0259 ekoloji t\u0259hl\u00fck\u0259sizliyin t\u0259min edilm\u0259si istiqam\u0259tind\u0259 ard\u0131c\u0131l t\u0259dbirl\u0259r h\u0259yata ke\u00e7irilir.<\/p>\n<p>Aksiya zaman\u0131 Bak\u0131 v\u0259 Ab\u015feron \u015f\u0259h\u0259rinin iqlimin\u0259 uy\u011fun olaraq 3 hektar \u0259raziy\u0259 2000-d\u0259n \u00e7ox Eldar \u015fam\u0131, zeytun a\u011faclar\u0131 \u0259kilib, \u0259razid\u0259 olan bitkil\u0259r\u0259 qulluq g\u00f6st\u0259rilib, ya\u015f\u0131ll\u0131q zonas\u0131nda t\u0259mizlik i\u015fl\u0259ri apar\u0131l\u0131b.<\/p>\n","protected":false},"excerpt":{"rendered":"<p>M\u00fcst\u0259qil Az\u0259rbaycan\u0131n memar\u0131 v\u0259 qurucusu, \u00fcmummilli lider Heyd\u0259r \u018fliyevin anadan olmas\u0131n\u0131n 100 illiyi \u00e7\u0259r\u00e7iv\u0259sind\u0259 Ekologiya v\u0259 T\u0259bii S\u0259rv\u0259tl\u0259r Nazirliyi v\u0259 Qeyri-H\u00f6kum\u0259t T\u0259\u015fkilatlar\u0131na D\u00f6vl\u0259t D\u0259st\u0259yi Agentliyinin birg\u0259 t\u0259\u015fkilat\u00e7\u0131l\u0131\u011f\u0131 il\u0259 Bak\u0131n\u0131n M\u00fc\u015ffiqabad q\u0259s\u0259b\u0259sind\u0259 a\u011fac\u0259km\u0259 aksiyas\u0131 ke\u00e7irilib. Aksiyada Prezident Administrasiyas\u0131n\u0131n Qeyri-h\u00f6kum\u0259t t\u0259\u015fkilatlar\u0131 il\u0259 i\u015f sektorunun m\u00fcdiri V\u00fcsal Quliyev, ekologiya v\u0259 t\u0259bii s\u0259rv\u0259tl\u0259r naziri Muxtar Babayev, Qeyri-h\u00f6kum\u0259t T\u0259\u015fkilatlar\u0131na D\u00f6vl\u0259t D\u0259st\u0259yi Agentliyinin \u0130cra\u00e7\u0131 direktoru Ayg\u00fcn \u018fliyeva, Prezident Administrasiyas\u0131n\u0131n m\u0259sul \u0259m\u0259kda\u015flar\u0131, agentliyin, Ekologiya v\u0259 T\u0259bii S\u0259rv\u0259tl\u0259r Nazirliyinin kollektivi, 300-d\u0259n \u00e7ox qeyri-h\u00f6kum\u0259t t\u0259\u015fkilatlar\u0131, media n\u00fcmay\u0259nd\u0259l\u0259ri i\u015ftirak edibl\u0259r. Aksiyan\u0131n ke\u00e7irilm\u0259sind\u0259 \u0259sas m\u0259qs\u0259d \u00f6lk\u0259d\u0259 ekologiyan\u0131n qorunmas\u0131 v\u0259 \u0259traf m\u00fchitin&hellip;<\/p>\n","protected":false},"author":2,"featured_media":571045,"comment_status":"closed","ping_status":"closed","sticky":false,"template":"","format":"standard","meta":{"om_disable_all_campaigns":false,"_monsterinsights_skip_tracking":false,"_monsterinsights_sitenote_active":false,"_monsterinsights_sitenote_note":"","_monsterinsights_sitenote_category":0},"categories":[4],"tags":[],"aioseo_notices":[],"gutentor_comment":0,"rttpg_featured_image_url":{"full":["https:\/\/arantv.az\/wp-content\/uploads\/2023\/03\/7616f5ea-e771-4343-bcfe-be56ac0f5731.jpg",620,413,false],"landscape":["https:\/\/arantv.az\/wp-content\/uploads\/2023\/03\/7616f5ea-e771-4343-bcfe-be56ac0f5731.jpg",620,413,false],"portraits":["https:\/\/arantv.az\/wp-content\/uploads\/2023\/03\/7616f5ea-e771-4343-bcfe-be56ac0f5731.jpg",620,413,false],"thumbnail":["https:\/\/arantv.az\/wp-content\/uploads\/2023\/03\/7616f5ea-e771-4343-bcfe-be56ac0f5731-500x280.jpg",500,280,true],"medium":["https:\/\/arantv.az\/wp-content\/uploads\/2023\/03\/7616f5ea-e771-4343-bcfe-be56ac0f5731-548x365.jpg",548,365,true],"large":["https:\/\/arantv.az\/wp-content\/uploads\/2023\/03\/7616f5ea-e771-4343-bcfe-be56ac0f5731.jpg",620,413,false],"1536x1536":["https:\/\/arantv.az\/wp-content\/uploads\/2023\/03\/7616f5ea-e771-4343-bcfe-be56ac0f5731.jpg",620,413,false],"2048x2048":["https:\/\/arantv.az\/wp-content\/uploads\/2023\/03\/7616f5ea-e771-4343-bcfe-be56ac0f5731.jpg",620,413,false],"post-thumbnail":["https:\/\/arantv.az\/wp-content\/uploads\/2023\/03\/7616f5ea-e771-4343-bcfe-be56ac0f5731-240x172.jpg",240,172,true],"advps-thumb-one":["https:\/\/arantv.az\/wp-content\/uploads\/2023\/03\/7616f5ea-e771-4343-bcfe-be56ac0f5731.jpg",620,413,false]},"rttpg_author":{"display_name":"V\u00fcsal Rafiqo\u011flu","author_link":"https:\/\/arantv.az\/?author=2"},"rttpg_comment":0,"rttpg_category":"<a href=\"https:\/\/arantv.az\/?cat=4\" rel=\"category\">Siyas\u0259t<\/a>","rttpg_excerpt":"M\u00fcst\u0259qil Az\u0259rbaycan\u0131n memar\u0131 v\u0259 qurucusu, \u00fcmummilli lider Heyd\u0259r \u018fliyevin anadan olmas\u0131n\u0131n 100 illiyi \u00e7\u0259r\u00e7iv\u0259sind\u0259 Ekologiya v\u0259 T\u0259bii S\u0259rv\u0259tl\u0259r Nazirliyi v\u0259 Qeyri-H\u00f6kum\u0259t T\u0259\u015fkilatlar\u0131na D\u00f6vl\u0259t D\u0259st\u0259yi Agentliyinin birg\u0259 t\u0259\u015fkilat\u00e7\u0131l\u0131\u011f\u0131 il\u0259 Bak\u0131n\u0131n M\u00fc\u015ffiqabad q\u0259s\u0259b\u0259sind\u0259 a\u011fac\u0259km\u0259 aksiyas\u0131 ke\u00e7irilib. Aksiyada Prezident Administrasiyas\u0131n\u0131n Qeyri-h\u00f6kum\u0259t t\u0259\u015fkilatlar\u0131 il\u0259 i\u015f sektorunun m\u00fcdiri V\u00fcsal Quliyev, ekologiya v\u0259 t\u0259bii s\u0259rv\u0259tl\u0259r naziri Muxtar Babayev, Qeyri-h\u00f6kum\u0259t T\u0259\u015fkilatlar\u0131na D\u00f6vl\u0259t&hellip;","_links":{"self":[{"href":"https:\/\/arantv.az\/index.php?rest_route=\/wp\/v2\/posts\/571044"}],"collection":[{"href":"https:\/\/arantv.az\/index.php?rest_route=\/wp\/v2\/posts"}],"about":[{"href":"https:\/\/arantv.az\/index.php?rest_route=\/wp\/v2\/types\/post"}],"author":[{"embeddable":true,"href":"https:\/\/arantv.az\/index.php?rest_route=\/wp\/v2\/users\/2"}],"replies":[{"embeddable":true,"href":"https:\/\/arantv.az\/index.php?rest_route=%2Fwp%2Fv2%2Fcomments&post=571044"}],"version-history":[{"count":0,"href":"https:\/\/arantv.az\/index.php?rest_route=\/wp\/v2\/posts\/571044\/revisions"}],"wp:featuredmedia":[{"embeddable":true,"href":"https:\/\/arantv.az\/index.php?rest_route=\/wp\/v2\/media\/571045"}],"wp:attachment":[{"href":"https:\/\/arantv.az\/index.php?rest_route=%2Fwp%2Fv2%2Fmedia&parent=571044"}],"wp:term":[{"taxonomy":"category","embeddable":true,"href":"https:\/\/arantv.az\/index.php?rest_route=%2Fwp%2Fv2%2Fcategories&post=571044"},{"taxonomy":"post_tag","embeddable":true,"href":"https:\/\/arantv.az\/index.php?rest_route=%2Fwp%2Fv2%2Ftags&post=571044"}],"curies":[{"name":"wp","href":"https:\/\/api.w.org\/{rel}","templated":true}]}}