{"id":571054,"date":"2023-03-01T13:32:57","date_gmt":"2023-03-01T10:32:57","guid":{"rendered":"https:\/\/arantv.az\/?p=571054"},"modified":"2023-03-01T13:32:57","modified_gmt":"2023-03-01T10:32:57","slug":"elmi-t%c9%99dqiqat-pediatriya-institutuna-direktor-t%c9%99yin-edilib","status":"publish","type":"post","link":"https:\/\/arantv.az\/?p=571054","title":{"rendered":"Elmi-T\u0259dqiqat Pediatriya \u0130nstitutuna direktor t\u0259yin edilib"},"content":{"rendered":"<p>S\u0259hiyy\u0259 Nazirliyinin K.F\u0259r\u0259cova ad\u0131na Elmi-T\u0259dqiqat Pediatriya \u0130nstitutuna direktor t\u0259yin edilib.<\/p>\n<p><strong>ARANTV.AZ <\/strong>\u00a0x\u0259b\u0259r verir ki, bu bar\u0259d\u0259 S\u0259hiyy\u0259 naziri Teymur Musayevin m\u00fcvafiq \u0259mrin\u0259 \u0259sas\u0259n L\u0259tif Zeyniyev Elmi-T\u0259dqiqat Pediatriya \u0130nstitutunun direktoru v\u0259zif\u0259sin\u0259 t\u0259yin olunub.<\/p>\n<div class=\"AdviadNativeVideo\"><\/div>\n<p>L\u0259tif Zeyniyev Az\u0259rbaycan Tibb Universitetinin Pediatriya fak\u00fclt\u0259sini 2003-c\u00fc ild\u0259 f\u0259rql\u0259nm\u0259 diplomu il\u0259 bitirib.<\/p>\n<p>2003-2004-c\u00fc ill\u0259rd\u0259 M.Na\u011f\u0131yev ad\u0131na T\u0259cili v\u0259 T\u0259xir\u0259sal\u0131nmaz Tibbi Yard\u0131m X\u0259st\u0259xanas\u0131nda \u201cU\u015faq c\u0259rrahiyy\u0259si\u201d ixtisas\u0131 \u00fczr\u0259 internatura ke\u00e7ib.<\/p>\n<p>2004-2007-ci ill\u0259rd\u0259 Az\u0259rbaycan Tibb Universitetinin \u201cU\u015faq c\u0259rrahl\u0131\u011f\u0131\u201d kafedras\u0131nda \u0259yani aspirantura t\u0259hsili al\u0131b.<\/p>\n<p>2008-2014-c\u00fc ill\u0259rd\u0259 Az\u0259rbaycan Tibb Universitetinin \u201cU\u015faq c\u0259rrahl\u0131\u011f\u0131\u201d kafedras\u0131nda assistent kimi \u00e7al\u0131\u015f\u0131b.<\/p>\n<p>2010-cu ild\u0259 Az\u0259rbaycan Respublikas\u0131 Prezidenti yan\u0131nda Ali Attestasiya Komissiyas\u0131n\u0131n q\u0259rar\u0131 il\u0259 \u201cTibb \u00fczr\u0259 f\u0259ls\u0259f\u0259 doktoru\u201d alimlik d\u0259r\u0259c\u0259sini al\u0131b.<\/p>\n<p>2014-2023-c\u00fc ill\u0259rd\u0259 Almaniyan\u0131n Hannover, D\u00fcsseldorf v\u0259 \u015etutqart \u015f\u0259h\u0259rl\u0259rind\u0259 u\u015faq c\u0259rrah\u0131 olaraq assistent &#8211; h\u0259kim, m\u00fct\u0259x\u0259ssis &#8211; h\u0259kim, ba\u015f m\u00fct\u0259x\u0259ssis &#8211; h\u0259kim, idar\u0259edici ba\u015f m\u00fct\u0259x\u0259ssis &#8211; h\u0259kim v\u0259zif\u0259l\u0259rind\u0259 f\u0259aliyy\u0259t g\u00f6st\u0259rib.<\/p>\n","protected":false},"excerpt":{"rendered":"<p>S\u0259hiyy\u0259 Nazirliyinin K.F\u0259r\u0259cova ad\u0131na Elmi-T\u0259dqiqat Pediatriya \u0130nstitutuna direktor t\u0259yin edilib. ARANTV.AZ \u00a0x\u0259b\u0259r verir ki, bu bar\u0259d\u0259 S\u0259hiyy\u0259 naziri Teymur Musayevin m\u00fcvafiq \u0259mrin\u0259 \u0259sas\u0259n L\u0259tif Zeyniyev Elmi-T\u0259dqiqat Pediatriya \u0130nstitutunun direktoru v\u0259zif\u0259sin\u0259 t\u0259yin olunub. L\u0259tif Zeyniyev Az\u0259rbaycan Tibb Universitetinin Pediatriya fak\u00fclt\u0259sini 2003-c\u00fc ild\u0259 f\u0259rql\u0259nm\u0259 diplomu il\u0259 bitirib. 2003-2004-c\u00fc ill\u0259rd\u0259 M.Na\u011f\u0131yev ad\u0131na T\u0259cili v\u0259 T\u0259xir\u0259sal\u0131nmaz Tibbi Yard\u0131m X\u0259st\u0259xanas\u0131nda \u201cU\u015faq c\u0259rrahiyy\u0259si\u201d ixtisas\u0131 \u00fczr\u0259 internatura ke\u00e7ib. 2004-2007-ci ill\u0259rd\u0259 Az\u0259rbaycan Tibb Universitetinin \u201cU\u015faq c\u0259rrahl\u0131\u011f\u0131\u201d kafedras\u0131nda \u0259yani aspirantura t\u0259hsili al\u0131b. 2008-2014-c\u00fc ill\u0259rd\u0259 Az\u0259rbaycan Tibb Universitetinin \u201cU\u015faq c\u0259rrahl\u0131\u011f\u0131\u201d kafedras\u0131nda assistent kimi \u00e7al\u0131\u015f\u0131b. 2010-cu ild\u0259 Az\u0259rbaycan Respublikas\u0131 Prezidenti yan\u0131nda&hellip;<\/p>\n","protected":false},"author":2,"featured_media":571055,"comment_status":"closed","ping_status":"closed","sticky":false,"template":"","format":"standard","meta":{"om_disable_all_campaigns":false,"_monsterinsights_skip_tracking":false,"_monsterinsights_sitenote_active":false,"_monsterinsights_sitenote_note":"","_monsterinsights_sitenote_category":0},"categories":[1],"tags":[],"aioseo_notices":[],"gutentor_comment":0,"rttpg_featured_image_url":{"full":["https:\/\/arantv.az\/wp-content\/uploads\/2023\/03\/FotoJet-24.jpg",620,413,false],"landscape":["https:\/\/arantv.az\/wp-content\/uploads\/2023\/03\/FotoJet-24.jpg",620,413,false],"portraits":["https:\/\/arantv.az\/wp-content\/uploads\/2023\/03\/FotoJet-24.jpg",620,413,false],"thumbnail":["https:\/\/arantv.az\/wp-content\/uploads\/2023\/03\/FotoJet-24-500x280.jpg",500,280,true],"medium":["https:\/\/arantv.az\/wp-content\/uploads\/2023\/03\/FotoJet-24-548x365.jpg",548,365,true],"large":["https:\/\/arantv.az\/wp-content\/uploads\/2023\/03\/FotoJet-24.jpg",620,413,false],"1536x1536":["https:\/\/arantv.az\/wp-content\/uploads\/2023\/03\/FotoJet-24.jpg",620,413,false],"2048x2048":["https:\/\/arantv.az\/wp-content\/uploads\/2023\/03\/FotoJet-24.jpg",620,413,false],"post-thumbnail":["https:\/\/arantv.az\/wp-content\/uploads\/2023\/03\/FotoJet-24-240x172.jpg",240,172,true],"advps-thumb-one":["https:\/\/arantv.az\/wp-content\/uploads\/2023\/03\/FotoJet-24.jpg",620,413,false]},"rttpg_author":{"display_name":"V\u00fcsal Rafiqo\u011flu","author_link":"https:\/\/arantv.az\/?author=2"},"rttpg_comment":0,"rttpg_category":"<a href=\"https:\/\/arantv.az\/?cat=1\" rel=\"category\">C\u0259miyy\u0259t<\/a>","rttpg_excerpt":"S\u0259hiyy\u0259 Nazirliyinin K.F\u0259r\u0259cova ad\u0131na Elmi-T\u0259dqiqat Pediatriya \u0130nstitutuna direktor t\u0259yin edilib. ARANTV.AZ \u00a0x\u0259b\u0259r verir ki, bu bar\u0259d\u0259 S\u0259hiyy\u0259 naziri Teymur Musayevin m\u00fcvafiq \u0259mrin\u0259 \u0259sas\u0259n L\u0259tif Zeyniyev Elmi-T\u0259dqiqat Pediatriya \u0130nstitutunun direktoru v\u0259zif\u0259sin\u0259 t\u0259yin olunub. L\u0259tif Zeyniyev Az\u0259rbaycan Tibb Universitetinin Pediatriya fak\u00fclt\u0259sini 2003-c\u00fc ild\u0259 f\u0259rql\u0259nm\u0259 diplomu il\u0259 bitirib. 2003-2004-c\u00fc ill\u0259rd\u0259 M.Na\u011f\u0131yev ad\u0131na T\u0259cili v\u0259 T\u0259xir\u0259sal\u0131nmaz Tibbi Yard\u0131m X\u0259st\u0259xanas\u0131nda&hellip;","_links":{"self":[{"href":"https:\/\/arantv.az\/index.php?rest_route=\/wp\/v2\/posts\/571054"}],"collection":[{"href":"https:\/\/arantv.az\/index.php?rest_route=\/wp\/v2\/posts"}],"about":[{"href":"https:\/\/arantv.az\/index.php?rest_route=\/wp\/v2\/types\/post"}],"author":[{"embeddable":true,"href":"https:\/\/arantv.az\/index.php?rest_route=\/wp\/v2\/users\/2"}],"replies":[{"embeddable":true,"href":"https:\/\/arantv.az\/index.php?rest_route=%2Fwp%2Fv2%2Fcomments&post=571054"}],"version-history":[{"count":0,"href":"https:\/\/arantv.az\/index.php?rest_route=\/wp\/v2\/posts\/571054\/revisions"}],"wp:featuredmedia":[{"embeddable":true,"href":"https:\/\/arantv.az\/index.php?rest_route=\/wp\/v2\/media\/571055"}],"wp:attachment":[{"href":"https:\/\/arantv.az\/index.php?rest_route=%2Fwp%2Fv2%2Fmedia&parent=571054"}],"wp:term":[{"taxonomy":"category","embeddable":true,"href":"https:\/\/arantv.az\/index.php?rest_route=%2Fwp%2Fv2%2Fcategories&post=571054"},{"taxonomy":"post_tag","embeddable":true,"href":"https:\/\/arantv.az\/index.php?rest_route=%2Fwp%2Fv2%2Ftags&post=571054"}],"curies":[{"name":"wp","href":"https:\/\/api.w.org\/{rel}","templated":true}]}}