{"id":571057,"date":"2023-03-01T13:33:34","date_gmt":"2023-03-01T10:33:34","guid":{"rendered":"https:\/\/arantv.az\/?p=571057"},"modified":"2023-03-01T13:33:34","modified_gmt":"2023-03-01T10:33:34","slug":"federasiyadan-qalatasaraya-siyasi-suar-x%c9%99b%c9%99rdarligi","status":"publish","type":"post","link":"https:\/\/arantv.az\/?p=571057","title":{"rendered":"Federasiyadan \u201cQalatasaray\u201da \u201csiyasi \u015f\u00fcar\u201d X\u018fB\u018fRDARLI\u011eI"},"content":{"rendered":"<p>\u201cQalatasaray\u201d T\u00fcrkiy\u0259d\u0259 ba\u015f ver\u0259n ard\u0131c\u0131l z\u0259lz\u0259l\u0259l\u0259rd\u0259n \u0259ziyy\u0259t \u00e7\u0259k\u0259n v\u0259t\u0259nda\u015flara yard\u0131m \u00fc\u00e7\u00fcn \u201cAdana Demirspor\u201dla yolda\u015fl\u0131q oyunu ke\u00e7ir\u0259c\u0259k. Mart\u0131n 4-d\u0259 t\u0259\u015fkil olunacaq mat\u00e7dan \u0259ld\u0259 edil\u0259c\u0259k b\u00fct\u00fcn g\u0259lir z\u0259lz\u0259l\u0259 qurbanlar\u0131na ba\u011f\u0131\u015flanacaq.<\/p>\n<p>\u0130stanbul klubu \u00f6z meydan\u0131nda ke\u00e7ir\u0259c\u0259yi s\u00f6z\u00fcged\u0259n qar\u015f\u0131la\u015fmaya ciddi haz\u0131rl\u0131q g\u00f6r\u00fcr. Ancaq oyun \u0259r\u0259f\u0259sind\u0259 \u201csar\u0131-q\u0131rm\u0131z\u0131lar\u201d probleml\u0259 \u00fczl\u0259\u015fibl\u0259r.<\/p>\n<div class=\"AdviadNativeVideo\"><\/div>\n<p>M\u0259lumata g\u00f6r\u0259, \u201cQalatasaray\u201d\u0131n bir qrup azarke\u015fi mat\u00e7da siyasi \u015f\u00fcarlar s\u0259sl\u0259ndirm\u0259k niyy\u0259tind\u0259dir. T\u00fcrkiy\u0259 Futbol Federasiyas\u0131 bununla \u0259laq\u0259dar kluba x\u0259b\u0259rdarl\u0131q edib. \u00d6lk\u0259 futbol qurumundan bildirilib ki, \u0259g\u0259r bel\u0259 hal ya\u015fanarsa, komanda m\u00f6vs\u00fcm\u00fcn qalan hiss\u0259sini azarke\u015fsiz ke\u00e7irm\u0259li olacaq.<\/p>\n<p>Klub m\u0259s\u0259l\u0259 il\u0259 ba\u011fl\u0131 ehtiyat t\u0259dbirl\u0259rin\u0259 ba\u015flay\u0131b. \u201cQalatasaray\u201d i\u015fl\u0259rin onlar \u00fc\u00e7\u00fcn yax\u015f\u0131 getdiyi d\u00f6vrd\u0259 h\u0259r hans\u0131 c\u0259za il\u0259 \u00fczl\u0259\u015fm\u0259k ist\u0259mir. Bu s\u0259b\u0259bd\u0259n art\u0131q azarke\u015f qruplar\u0131n\u0131n r\u0259hb\u0259rl\u0259ri il\u0259 g\u00f6r\u00fc\u015fl\u0259r planla\u015fd\u0131r\u0131l\u0131b. Onlardan daha ehtiyatl\u0131 davranmalar\u0131, kluba problem yaratmamalar\u0131 ist\u0259nil\u0259c\u0259k.<\/p>\n<p>Xat\u0131rladaq ki, daha \u0259vv\u0259l ox\u015far hala g\u00f6r\u0259 \u201cF\u0259n\u0259rba\u011f\u00e7a\u201d azarke\u015fl\u0259rinin Super Liqan\u0131n XXIV turunda ke\u00e7iril\u0259c\u0259k \u201cKayserispor\u201dla\u00a0s\u0259f\u0259r mat\u00e7\u0131nda tribunada olmalar\u0131na qada\u011fa qoyulub.<\/p>\n<p>M\u0259nb\u0259: fotospor.com<\/p>\n","protected":false},"excerpt":{"rendered":"<p>\u201cQalatasaray\u201d T\u00fcrkiy\u0259d\u0259 ba\u015f ver\u0259n ard\u0131c\u0131l z\u0259lz\u0259l\u0259l\u0259rd\u0259n \u0259ziyy\u0259t \u00e7\u0259k\u0259n v\u0259t\u0259nda\u015flara yard\u0131m \u00fc\u00e7\u00fcn \u201cAdana Demirspor\u201dla yolda\u015fl\u0131q oyunu ke\u00e7ir\u0259c\u0259k. Mart\u0131n 4-d\u0259 t\u0259\u015fkil olunacaq mat\u00e7dan \u0259ld\u0259 edil\u0259c\u0259k b\u00fct\u00fcn g\u0259lir z\u0259lz\u0259l\u0259 qurbanlar\u0131na ba\u011f\u0131\u015flanacaq. \u0130stanbul klubu \u00f6z meydan\u0131nda ke\u00e7ir\u0259c\u0259yi s\u00f6z\u00fcged\u0259n qar\u015f\u0131la\u015fmaya ciddi haz\u0131rl\u0131q g\u00f6r\u00fcr. Ancaq oyun \u0259r\u0259f\u0259sind\u0259 \u201csar\u0131-q\u0131rm\u0131z\u0131lar\u201d probleml\u0259 \u00fczl\u0259\u015fibl\u0259r. M\u0259lumata g\u00f6r\u0259, \u201cQalatasaray\u201d\u0131n bir qrup azarke\u015fi mat\u00e7da siyasi \u015f\u00fcarlar s\u0259sl\u0259ndirm\u0259k niyy\u0259tind\u0259dir. T\u00fcrkiy\u0259 Futbol Federasiyas\u0131 bununla \u0259laq\u0259dar kluba x\u0259b\u0259rdarl\u0131q edib. \u00d6lk\u0259 futbol qurumundan bildirilib ki, \u0259g\u0259r bel\u0259 hal ya\u015fanarsa, komanda m\u00f6vs\u00fcm\u00fcn qalan hiss\u0259sini azarke\u015fsiz ke\u00e7irm\u0259li olacaq. Klub m\u0259s\u0259l\u0259 il\u0259 ba\u011fl\u0131 ehtiyat t\u0259dbirl\u0259rin\u0259 ba\u015flay\u0131b. \u201cQalatasaray\u201d i\u015fl\u0259rin onlar \u00fc\u00e7\u00fcn&hellip;<\/p>\n","protected":false},"author":2,"featured_media":571058,"comment_status":"closed","ping_status":"closed","sticky":false,"template":"","format":"standard","meta":{"om_disable_all_campaigns":false,"_monsterinsights_skip_tracking":false,"_monsterinsights_sitenote_active":false,"_monsterinsights_sitenote_note":"","_monsterinsights_sitenote_category":0},"categories":[6],"tags":[],"aioseo_notices":[],"gutentor_comment":0,"rttpg_featured_image_url":{"full":["https:\/\/arantv.az\/wp-content\/uploads\/2023\/03\/gifge.jpg",620,413,false],"landscape":["https:\/\/arantv.az\/wp-content\/uploads\/2023\/03\/gifge.jpg",620,413,false],"portraits":["https:\/\/arantv.az\/wp-content\/uploads\/2023\/03\/gifge.jpg",620,413,false],"thumbnail":["https:\/\/arantv.az\/wp-content\/uploads\/2023\/03\/gifge-500x280.jpg",500,280,true],"medium":["https:\/\/arantv.az\/wp-content\/uploads\/2023\/03\/gifge-548x365.jpg",548,365,true],"large":["https:\/\/arantv.az\/wp-content\/uploads\/2023\/03\/gifge.jpg",620,413,false],"1536x1536":["https:\/\/arantv.az\/wp-content\/uploads\/2023\/03\/gifge.jpg",620,413,false],"2048x2048":["https:\/\/arantv.az\/wp-content\/uploads\/2023\/03\/gifge.jpg",620,413,false],"post-thumbnail":["https:\/\/arantv.az\/wp-content\/uploads\/2023\/03\/gifge-240x172.jpg",240,172,true],"advps-thumb-one":["https:\/\/arantv.az\/wp-content\/uploads\/2023\/03\/gifge.jpg",620,413,false]},"rttpg_author":{"display_name":"V\u00fcsal Rafiqo\u011flu","author_link":"https:\/\/arantv.az\/?author=2"},"rttpg_comment":0,"rttpg_category":"<a href=\"https:\/\/arantv.az\/?cat=6\" rel=\"category\">\u0130dman<\/a>","rttpg_excerpt":"\u201cQalatasaray\u201d T\u00fcrkiy\u0259d\u0259 ba\u015f ver\u0259n ard\u0131c\u0131l z\u0259lz\u0259l\u0259l\u0259rd\u0259n \u0259ziyy\u0259t \u00e7\u0259k\u0259n v\u0259t\u0259nda\u015flara yard\u0131m \u00fc\u00e7\u00fcn \u201cAdana Demirspor\u201dla yolda\u015fl\u0131q oyunu ke\u00e7ir\u0259c\u0259k. Mart\u0131n 4-d\u0259 t\u0259\u015fkil olunacaq mat\u00e7dan \u0259ld\u0259 edil\u0259c\u0259k b\u00fct\u00fcn g\u0259lir z\u0259lz\u0259l\u0259 qurbanlar\u0131na ba\u011f\u0131\u015flanacaq. \u0130stanbul klubu \u00f6z meydan\u0131nda ke\u00e7ir\u0259c\u0259yi s\u00f6z\u00fcged\u0259n qar\u015f\u0131la\u015fmaya ciddi haz\u0131rl\u0131q g\u00f6r\u00fcr. Ancaq oyun \u0259r\u0259f\u0259sind\u0259 \u201csar\u0131-q\u0131rm\u0131z\u0131lar\u201d probleml\u0259 \u00fczl\u0259\u015fibl\u0259r. M\u0259lumata g\u00f6r\u0259, \u201cQalatasaray\u201d\u0131n bir qrup azarke\u015fi mat\u00e7da siyasi \u015f\u00fcarlar s\u0259sl\u0259ndirm\u0259k niyy\u0259tind\u0259dir.&hellip;","_links":{"self":[{"href":"https:\/\/arantv.az\/index.php?rest_route=\/wp\/v2\/posts\/571057"}],"collection":[{"href":"https:\/\/arantv.az\/index.php?rest_route=\/wp\/v2\/posts"}],"about":[{"href":"https:\/\/arantv.az\/index.php?rest_route=\/wp\/v2\/types\/post"}],"author":[{"embeddable":true,"href":"https:\/\/arantv.az\/index.php?rest_route=\/wp\/v2\/users\/2"}],"replies":[{"embeddable":true,"href":"https:\/\/arantv.az\/index.php?rest_route=%2Fwp%2Fv2%2Fcomments&post=571057"}],"version-history":[{"count":0,"href":"https:\/\/arantv.az\/index.php?rest_route=\/wp\/v2\/posts\/571057\/revisions"}],"wp:featuredmedia":[{"embeddable":true,"href":"https:\/\/arantv.az\/index.php?rest_route=\/wp\/v2\/media\/571058"}],"wp:attachment":[{"href":"https:\/\/arantv.az\/index.php?rest_route=%2Fwp%2Fv2%2Fmedia&parent=571057"}],"wp:term":[{"taxonomy":"category","embeddable":true,"href":"https:\/\/arantv.az\/index.php?rest_route=%2Fwp%2Fv2%2Fcategories&post=571057"},{"taxonomy":"post_tag","embeddable":true,"href":"https:\/\/arantv.az\/index.php?rest_route=%2Fwp%2Fv2%2Ftags&post=571057"}],"curies":[{"name":"wp","href":"https:\/\/api.w.org\/{rel}","templated":true}]}}