{"id":571060,"date":"2023-03-01T13:34:09","date_gmt":"2023-03-01T10:34:09","guid":{"rendered":"https:\/\/arantv.az\/?p=571060"},"modified":"2023-03-01T13:34:09","modified_gmt":"2023-03-01T10:34:09","slug":"az%c9%99rbaycan-xilasedicil%c9%99rinin-bir-qrupu-turkiy%c9%99d%c9%99n-v%c9%99t%c9%99n%c9%99-yola-salinib-yenil%c9%99nib-foto","status":"publish","type":"post","link":"https:\/\/arantv.az\/?p=571060","title":{"rendered":"Az\u0259rbaycan xilasedicil\u0259rinin bir qrupu T\u00fcrkiy\u0259d\u0259n V\u0259t\u0259n\u0259 yola sal\u0131n\u0131b &#8211; YEN\u0130L\u018fN\u0130B + FOTO"},"content":{"rendered":"<p>T\u00fcrkiy\u0259nin Kahramanmara\u015f \u015f\u0259h\u0259rind\u0259 ba\u015f vermi\u015f z\u0259lz\u0259l\u0259 il\u0259 \u0259laq\u0259l\u0259r qarda\u015f \u00f6lk\u0259y\u0259 ged\u0259n Az\u0259rbaycan\u0131n 760 n\u0259f\u0259rlik axtar\u0131\u015f-xilasetm\u0259 hey\u0259tind\u0259n 238 n\u0259f\u0259ri Bak\u0131ya yola sal\u0131n\u0131b.<\/p>\n<p>F\u00f6vq\u0259lad\u0259 hallar nazirinin m\u00fcavini general-leytenant Etibar Mirz\u0259yev agentliy\u0259 a\u00e7\u0131qlamas\u0131nda bildirib ki, z\u0259lz\u0259l\u0259d\u0259n d\u0259rhal sonra Az\u0259rbaycan Prezidentinin g\u00f6st\u0259ri\u015fi il\u0259 760 n\u0259f\u0259rd\u0259n ibar\u0259t xilasetm\u0259 qrupu yarad\u0131l\u0131b.<\/p>\n<div class=\"AdviadNativeVideo\"><\/div>\n<p>Onun s\u00f6zl\u0259rin\u0259 g\u00f6r\u0259, z\u0259lz\u0259l\u0259nin ilk g\u00fcn\u00fcnd\u0259n etibar\u0259n az\u0259rbaycanl\u0131 xilasedicil\u0259r \u00fc\u00e7 n\u00f6vb\u0259li \u015f\u0259kild\u0259 i\u015fl\u0259rini davam etdiribl\u0259r:<\/p>\n<p>\u201cAxtar\u0131\u015f-xilasetm\u0259 i\u015fl\u0259ri \u00e7\u0259r\u00e7iv\u0259sind\u0259 qruplar\u0131m\u0131z 17-si u\u015faq olmaqla 53 n\u0259f\u0259ri da\u011f\u0131nt\u0131lar alt\u0131ndan sa\u011f \u00e7\u0131xar\u0131b, 174-\u00fc u\u015faq olmaqla 755 meyit tap\u0131blar. Bundan ba\u015fqa, Kahramanmara\u015fda iki s\u0259hra x\u0259st\u0259xanam\u0131z var, 2 mind\u0259n \u00e7ox insan orada m\u00fcalic\u0259 olundu. Bura g\u0259l\u0259rk\u0259n qar\u015f\u0131la\u015fd\u0131\u011f\u0131m\u0131z m\u0259nz\u0259r\u0259 d\u0259h\u015f\u0259tli idi. T\u00fcrkiy\u0259 xalq\u0131 q\u0259hr\u0259man xalqd\u0131r\u201d.<\/p>\n<p>&nbsp;<\/p>\n<div class=\"gallery\">\n<div class=\"gallery-i\"><img src=\"https:\/\/cdn.oxu.az\/uploads\/W1siZiIsIjIwMjMvMDMvMDEvMTQvMjUvMjIvZTdkYTBhNGUtZDkzNi00N2NjLThhZTEtMTFlYTUzN2YxNGJiLzA0Yzk1YTg0LTA1MzctM2ZlZC1hMWU1LWUyYjNiMTc1NjliZC5qcGciXSxbInAiLCJlbmNvZGUiLCJqcGciLCItcXVhbGl0eSA4MCJdLFsicCIsInRodW1iIiwiNTkweDU5MFx1MDAzZSJdXQ?sha=12eeac9e1dde844b\" alt=\"\" \/><\/p>\n<div class=\"gallery-i-caption\"><\/div>\n<\/div>\n<\/div>\n<p>M\u0259nb\u0259: \u201cAnadolu\u201d<\/p>\n<p><strong>14:05<\/strong><\/p>\n<p>T\u00fcrkiy\u0259d\u0259 ba\u015f vermi\u015f g\u00fccl\u00fc z\u0259lz\u0259l\u0259nin f\u0259sadlar\u0131n\u0131n aradan qald\u0131r\u0131lmas\u0131 v\u0259 axtar\u0131\u015f-xilasetm\u0259 \u0259m\u0259liyyatlar\u0131na d\u0259st\u0259k m\u0259qs\u0259di il\u0259 bu \u00f6lk\u0259y\u0259 ged\u0259n F\u00f6vq\u0259lad\u0259 Hallar Nazirliyinin \u015f\u0259xsi hey\u0259tinin bir hiss\u0259si Az\u0259rbaycana qay\u0131d\u0131r.<\/p>\n<p>Bu bar\u0259d\u0259\u00a0Oxu.Az-\u0131n sor\u011fusuna cavab olaraq F\u00f6vq\u0259lad\u0259 Hallar Nazirliyind\u0259n bildirilib.<\/p>\n<p>Qurumdan qeyd edilib ki, nazirliyin \u00e7evik xilasetm\u0259 d\u0259st\u0259sinin bir qisminin yax\u0131n saatlarda \u00f6lk\u0259miz\u0259 qay\u0131tmas\u0131 g\u00f6zl\u0259nilir.<\/p>\n<p>Qeyd ed\u0259k ki,\u00a0Az\u0259rbaycan Respublikas\u0131n\u0131n Prezidenti\u00a0<strong>\u0130lham \u018fliyevin<\/strong>\u00a0<a href=\"https:\/\/oxu.az\/politics\/692660\" target=\"_blank\" rel=\"noopener\">tap\u015f\u0131r\u0131\u011f\u0131na<\/a>\u00a0\u0259sas\u0259n, T\u00fcrkiy\u0259d\u0259 ba\u015f vermi\u015f z\u0259lz\u0259l\u0259nin n\u0259tic\u0259l\u0259rinin aradan qald\u0131r\u0131lmas\u0131 m\u0259qs\u0259di il\u0259 F\u00f6vq\u0259lad\u0259 Hallar Nazirliyinin 760\u00a0n\u0259f\u0259rd\u0259n ibar\u0259t \u00e7evik xilasedici q\u00fcvv\u0259l\u0259ri oraya yollan\u0131b.<\/p>\n<p>Eyni zamanda, Az\u0259rbaycan t\u0259r\u0259find\u0259n T\u00fcrkiy\u0259 humanitar yard\u0131mlar da g\u00f6nd\u0259rilib.<\/p>\n","protected":false},"excerpt":{"rendered":"<p>T\u00fcrkiy\u0259nin Kahramanmara\u015f \u015f\u0259h\u0259rind\u0259 ba\u015f vermi\u015f z\u0259lz\u0259l\u0259 il\u0259 \u0259laq\u0259l\u0259r qarda\u015f \u00f6lk\u0259y\u0259 ged\u0259n Az\u0259rbaycan\u0131n 760 n\u0259f\u0259rlik axtar\u0131\u015f-xilasetm\u0259 hey\u0259tind\u0259n 238 n\u0259f\u0259ri Bak\u0131ya yola sal\u0131n\u0131b. F\u00f6vq\u0259lad\u0259 hallar nazirinin m\u00fcavini general-leytenant Etibar Mirz\u0259yev agentliy\u0259 a\u00e7\u0131qlamas\u0131nda bildirib ki, z\u0259lz\u0259l\u0259d\u0259n d\u0259rhal sonra Az\u0259rbaycan Prezidentinin g\u00f6st\u0259ri\u015fi il\u0259 760 n\u0259f\u0259rd\u0259n ibar\u0259t xilasetm\u0259 qrupu yarad\u0131l\u0131b. Onun s\u00f6zl\u0259rin\u0259 g\u00f6r\u0259, z\u0259lz\u0259l\u0259nin ilk g\u00fcn\u00fcnd\u0259n etibar\u0259n az\u0259rbaycanl\u0131 xilasedicil\u0259r \u00fc\u00e7 n\u00f6vb\u0259li \u015f\u0259kild\u0259 i\u015fl\u0259rini davam etdiribl\u0259r: \u201cAxtar\u0131\u015f-xilasetm\u0259 i\u015fl\u0259ri \u00e7\u0259r\u00e7iv\u0259sind\u0259 qruplar\u0131m\u0131z 17-si u\u015faq olmaqla 53 n\u0259f\u0259ri da\u011f\u0131nt\u0131lar alt\u0131ndan sa\u011f \u00e7\u0131xar\u0131b, 174-\u00fc u\u015faq olmaqla 755 meyit tap\u0131blar. Bundan ba\u015fqa, Kahramanmara\u015fda iki s\u0259hra x\u0259st\u0259xanam\u0131z var, 2 mind\u0259n \u00e7ox insan&hellip;<\/p>\n","protected":false},"author":2,"featured_media":571061,"comment_status":"closed","ping_status":"closed","sticky":false,"template":"","format":"standard","meta":{"om_disable_all_campaigns":false,"_monsterinsights_skip_tracking":false,"_monsterinsights_sitenote_active":false,"_monsterinsights_sitenote_note":"","_monsterinsights_sitenote_category":0},"categories":[4],"tags":[],"aioseo_notices":[],"gutentor_comment":0,"rttpg_featured_image_url":{"full":["https:\/\/arantv.az\/wp-content\/uploads\/2023\/03\/8dbbcdda-08e8-347f-8154-4f608ccb729d_850.jpg",620,413,false],"landscape":["https:\/\/arantv.az\/wp-content\/uploads\/2023\/03\/8dbbcdda-08e8-347f-8154-4f608ccb729d_850.jpg",620,413,false],"portraits":["https:\/\/arantv.az\/wp-content\/uploads\/2023\/03\/8dbbcdda-08e8-347f-8154-4f608ccb729d_850.jpg",620,413,false],"thumbnail":["https:\/\/arantv.az\/wp-content\/uploads\/2023\/03\/8dbbcdda-08e8-347f-8154-4f608ccb729d_850-500x280.jpg",500,280,true],"medium":["https:\/\/arantv.az\/wp-content\/uploads\/2023\/03\/8dbbcdda-08e8-347f-8154-4f608ccb729d_850-548x365.jpg",548,365,true],"large":["https:\/\/arantv.az\/wp-content\/uploads\/2023\/03\/8dbbcdda-08e8-347f-8154-4f608ccb729d_850.jpg",620,413,false],"1536x1536":["https:\/\/arantv.az\/wp-content\/uploads\/2023\/03\/8dbbcdda-08e8-347f-8154-4f608ccb729d_850.jpg",620,413,false],"2048x2048":["https:\/\/arantv.az\/wp-content\/uploads\/2023\/03\/8dbbcdda-08e8-347f-8154-4f608ccb729d_850.jpg",620,413,false],"post-thumbnail":["https:\/\/arantv.az\/wp-content\/uploads\/2023\/03\/8dbbcdda-08e8-347f-8154-4f608ccb729d_850-240x172.jpg",240,172,true],"advps-thumb-one":["https:\/\/arantv.az\/wp-content\/uploads\/2023\/03\/8dbbcdda-08e8-347f-8154-4f608ccb729d_850.jpg",620,413,false]},"rttpg_author":{"display_name":"V\u00fcsal Rafiqo\u011flu","author_link":"https:\/\/arantv.az\/?author=2"},"rttpg_comment":0,"rttpg_category":"<a href=\"https:\/\/arantv.az\/?cat=4\" rel=\"category\">Siyas\u0259t<\/a>","rttpg_excerpt":"T\u00fcrkiy\u0259nin Kahramanmara\u015f \u015f\u0259h\u0259rind\u0259 ba\u015f vermi\u015f z\u0259lz\u0259l\u0259 il\u0259 \u0259laq\u0259l\u0259r qarda\u015f \u00f6lk\u0259y\u0259 ged\u0259n Az\u0259rbaycan\u0131n 760 n\u0259f\u0259rlik axtar\u0131\u015f-xilasetm\u0259 hey\u0259tind\u0259n 238 n\u0259f\u0259ri Bak\u0131ya yola sal\u0131n\u0131b. F\u00f6vq\u0259lad\u0259 hallar nazirinin m\u00fcavini general-leytenant Etibar Mirz\u0259yev agentliy\u0259 a\u00e7\u0131qlamas\u0131nda bildirib ki, z\u0259lz\u0259l\u0259d\u0259n d\u0259rhal sonra Az\u0259rbaycan Prezidentinin g\u00f6st\u0259ri\u015fi il\u0259 760 n\u0259f\u0259rd\u0259n ibar\u0259t xilasetm\u0259 qrupu yarad\u0131l\u0131b. Onun s\u00f6zl\u0259rin\u0259 g\u00f6r\u0259, z\u0259lz\u0259l\u0259nin ilk g\u00fcn\u00fcnd\u0259n etibar\u0259n az\u0259rbaycanl\u0131 xilasedicil\u0259r \u00fc\u00e7&hellip;","_links":{"self":[{"href":"https:\/\/arantv.az\/index.php?rest_route=\/wp\/v2\/posts\/571060"}],"collection":[{"href":"https:\/\/arantv.az\/index.php?rest_route=\/wp\/v2\/posts"}],"about":[{"href":"https:\/\/arantv.az\/index.php?rest_route=\/wp\/v2\/types\/post"}],"author":[{"embeddable":true,"href":"https:\/\/arantv.az\/index.php?rest_route=\/wp\/v2\/users\/2"}],"replies":[{"embeddable":true,"href":"https:\/\/arantv.az\/index.php?rest_route=%2Fwp%2Fv2%2Fcomments&post=571060"}],"version-history":[{"count":0,"href":"https:\/\/arantv.az\/index.php?rest_route=\/wp\/v2\/posts\/571060\/revisions"}],"wp:featuredmedia":[{"embeddable":true,"href":"https:\/\/arantv.az\/index.php?rest_route=\/wp\/v2\/media\/571061"}],"wp:attachment":[{"href":"https:\/\/arantv.az\/index.php?rest_route=%2Fwp%2Fv2%2Fmedia&parent=571060"}],"wp:term":[{"taxonomy":"category","embeddable":true,"href":"https:\/\/arantv.az\/index.php?rest_route=%2Fwp%2Fv2%2Fcategories&post=571060"},{"taxonomy":"post_tag","embeddable":true,"href":"https:\/\/arantv.az\/index.php?rest_route=%2Fwp%2Fv2%2Ftags&post=571060"}],"curies":[{"name":"wp","href":"https:\/\/api.w.org\/{rel}","templated":true}]}}