{"id":571069,"date":"2023-03-01T13:35:41","date_gmt":"2023-03-01T10:35:41","guid":{"rendered":"https:\/\/arantv.az\/?p=571069"},"modified":"2023-03-01T13:35:41","modified_gmt":"2023-03-01T10:35:41","slug":"iran-hokum%c9%99ti-az%c9%99rbaycansunasliq-m%c9%99rk%c9%99zini-baglayib-foto","status":"publish","type":"post","link":"https:\/\/arantv.az\/?p=571069","title":{"rendered":"\u0130ran h\u00f6kum\u0259ti Az\u0259rbaycan\u015f\u00fcnasl\u0131q M\u0259rk\u0259zini ba\u011flay\u0131b &#8211; FOTO"},"content":{"rendered":"<p>Tehran rejimi T\u0259briz Universitetinin Az\u0259rbaycan\u015f\u00fcnasl\u0131q M\u0259rk\u0259zinin f\u0259aliyy\u0259tinin dayand\u0131r\u0131lmas\u0131na q\u0259rar verib.<\/p>\n<p>Bu bar\u0259d\u0259 \u201cAzad \u0130ran\u201d \u201cTelegram\u201d kanal\u0131 m\u0259lumat yay\u0131b.<\/p>\n<div class=\"AdviadNativeVideo\"><\/div>\n<p>M\u0259lumata g\u00f6r\u0259, Tehran rejimi h\u0259m\u00e7inin m\u0259rk\u0259zin \u00fczvl\u0259rin\u0259 qar\u015f\u0131 t\u0259zyiql\u0259ri d\u0259 art\u0131r\u0131b.<\/p>\n<p>Bununla ba\u011fl\u0131 m\u0259rk\u0259zin sosial media hesab\u0131nda payla\u015f\u0131m edilib. Bildirilib ki, m\u0259rk\u0259zin T\u0259brizd\u0259n olan iki \u00fczv\u00fc &#8211; t\u0259l\u0259b\u0259 h\u0259r\u0259kat\u0131 f\u0259allar\u0131 Hadi Heyd\u0259ri Azad v\u0259 \u0130brahim \u018fhm\u0259dpur &#8211; fevral\u0131n 27-d\u0259 h\u0259bs olunub.<\/p>\n<p>\u201cT\u0259briz Universitetinin h\u0259r yeri Az\u0259rbaycan\u015f\u00fcnasl\u0131q M\u0259rk\u0259zidir\u201d, &#8211; dey\u0259 payla\u015f\u0131mda vur\u011fulan\u0131b.<\/p>\n<div><iframe loading=\"lazy\" id=\"telegram-post-AzadIranTelegram-16997\" src=\"https:\/\/t.me\/AzadIranTelegram\/16997?embed=1\" width=\"100%\" height=\"\" frameborder=\"0\" scrolling=\"no\" data-mce-fragment=\"1\"><\/iframe><\/div>\n<p>&nbsp;<\/p>\n","protected":false},"excerpt":{"rendered":"<p>Tehran rejimi T\u0259briz Universitetinin Az\u0259rbaycan\u015f\u00fcnasl\u0131q M\u0259rk\u0259zinin f\u0259aliyy\u0259tinin dayand\u0131r\u0131lmas\u0131na q\u0259rar verib. Bu bar\u0259d\u0259 \u201cAzad \u0130ran\u201d \u201cTelegram\u201d kanal\u0131 m\u0259lumat yay\u0131b. M\u0259lumata g\u00f6r\u0259, Tehran rejimi h\u0259m\u00e7inin m\u0259rk\u0259zin \u00fczvl\u0259rin\u0259 qar\u015f\u0131 t\u0259zyiql\u0259ri d\u0259 art\u0131r\u0131b. Bununla ba\u011fl\u0131 m\u0259rk\u0259zin sosial media hesab\u0131nda payla\u015f\u0131m edilib. Bildirilib ki, m\u0259rk\u0259zin T\u0259brizd\u0259n olan iki \u00fczv\u00fc &#8211; t\u0259l\u0259b\u0259 h\u0259r\u0259kat\u0131 f\u0259allar\u0131 Hadi Heyd\u0259ri Azad v\u0259 \u0130brahim \u018fhm\u0259dpur &#8211; fevral\u0131n 27-d\u0259 h\u0259bs olunub. \u201cT\u0259briz Universitetinin h\u0259r yeri Az\u0259rbaycan\u015f\u00fcnasl\u0131q M\u0259rk\u0259zidir\u201d, &#8211; dey\u0259 payla\u015f\u0131mda vur\u011fulan\u0131b. &nbsp;<\/p>\n","protected":false},"author":2,"featured_media":571070,"comment_status":"closed","ping_status":"closed","sticky":false,"template":"","format":"standard","meta":{"om_disable_all_campaigns":false,"_monsterinsights_skip_tracking":false,"_monsterinsights_sitenote_active":false,"_monsterinsights_sitenote_note":"","_monsterinsights_sitenote_category":0},"categories":[19],"tags":[],"aioseo_notices":[],"gutentor_comment":0,"rttpg_featured_image_url":{"full":["https:\/\/arantv.az\/wp-content\/uploads\/2023\/03\/FotoJet-2023-03-01T125720.299.jpg",620,413,false],"landscape":["https:\/\/arantv.az\/wp-content\/uploads\/2023\/03\/FotoJet-2023-03-01T125720.299.jpg",620,413,false],"portraits":["https:\/\/arantv.az\/wp-content\/uploads\/2023\/03\/FotoJet-2023-03-01T125720.299.jpg",620,413,false],"thumbnail":["https:\/\/arantv.az\/wp-content\/uploads\/2023\/03\/FotoJet-2023-03-01T125720.299-500x280.jpg",500,280,true],"medium":["https:\/\/arantv.az\/wp-content\/uploads\/2023\/03\/FotoJet-2023-03-01T125720.299-548x365.jpg",548,365,true],"large":["https:\/\/arantv.az\/wp-content\/uploads\/2023\/03\/FotoJet-2023-03-01T125720.299.jpg",620,413,false],"1536x1536":["https:\/\/arantv.az\/wp-content\/uploads\/2023\/03\/FotoJet-2023-03-01T125720.299.jpg",620,413,false],"2048x2048":["https:\/\/arantv.az\/wp-content\/uploads\/2023\/03\/FotoJet-2023-03-01T125720.299.jpg",620,413,false],"post-thumbnail":["https:\/\/arantv.az\/wp-content\/uploads\/2023\/03\/FotoJet-2023-03-01T125720.299-240x172.jpg",240,172,true],"advps-thumb-one":["https:\/\/arantv.az\/wp-content\/uploads\/2023\/03\/FotoJet-2023-03-01T125720.299.jpg",620,413,false]},"rttpg_author":{"display_name":"V\u00fcsal Rafiqo\u011flu","author_link":"https:\/\/arantv.az\/?author=2"},"rttpg_comment":0,"rttpg_category":"<a href=\"https:\/\/arantv.az\/?cat=19\" rel=\"category\">G\u00fcnd\u0259m<\/a>","rttpg_excerpt":"Tehran rejimi T\u0259briz Universitetinin Az\u0259rbaycan\u015f\u00fcnasl\u0131q M\u0259rk\u0259zinin f\u0259aliyy\u0259tinin dayand\u0131r\u0131lmas\u0131na q\u0259rar verib. Bu bar\u0259d\u0259 \u201cAzad \u0130ran\u201d \u201cTelegram\u201d kanal\u0131 m\u0259lumat yay\u0131b. M\u0259lumata g\u00f6r\u0259, Tehran rejimi h\u0259m\u00e7inin m\u0259rk\u0259zin \u00fczvl\u0259rin\u0259 qar\u015f\u0131 t\u0259zyiql\u0259ri d\u0259 art\u0131r\u0131b. Bununla ba\u011fl\u0131 m\u0259rk\u0259zin sosial media hesab\u0131nda payla\u015f\u0131m edilib. Bildirilib ki, m\u0259rk\u0259zin T\u0259brizd\u0259n olan iki \u00fczv\u00fc &#8211; t\u0259l\u0259b\u0259 h\u0259r\u0259kat\u0131 f\u0259allar\u0131 Hadi Heyd\u0259ri Azad v\u0259 \u0130brahim \u018fhm\u0259dpur &#8211;&hellip;","_links":{"self":[{"href":"https:\/\/arantv.az\/index.php?rest_route=\/wp\/v2\/posts\/571069"}],"collection":[{"href":"https:\/\/arantv.az\/index.php?rest_route=\/wp\/v2\/posts"}],"about":[{"href":"https:\/\/arantv.az\/index.php?rest_route=\/wp\/v2\/types\/post"}],"author":[{"embeddable":true,"href":"https:\/\/arantv.az\/index.php?rest_route=\/wp\/v2\/users\/2"}],"replies":[{"embeddable":true,"href":"https:\/\/arantv.az\/index.php?rest_route=%2Fwp%2Fv2%2Fcomments&post=571069"}],"version-history":[{"count":0,"href":"https:\/\/arantv.az\/index.php?rest_route=\/wp\/v2\/posts\/571069\/revisions"}],"wp:featuredmedia":[{"embeddable":true,"href":"https:\/\/arantv.az\/index.php?rest_route=\/wp\/v2\/media\/571070"}],"wp:attachment":[{"href":"https:\/\/arantv.az\/index.php?rest_route=%2Fwp%2Fv2%2Fmedia&parent=571069"}],"wp:term":[{"taxonomy":"category","embeddable":true,"href":"https:\/\/arantv.az\/index.php?rest_route=%2Fwp%2Fv2%2Fcategories&post=571069"},{"taxonomy":"post_tag","embeddable":true,"href":"https:\/\/arantv.az\/index.php?rest_route=%2Fwp%2Fv2%2Ftags&post=571069"}],"curies":[{"name":"wp","href":"https:\/\/api.w.org\/{rel}","templated":true}]}}