{"id":571072,"date":"2023-03-01T13:36:25","date_gmt":"2023-03-01T10:36:25","guid":{"rendered":"https:\/\/arantv.az\/?p=571072"},"modified":"2023-03-01T13:36:25","modified_gmt":"2023-03-01T10:36:25","slug":"az%c9%99rbaycan-cor%c9%99yin-qiym%c9%99tinin-asagi-oldugu-olk%c9%99l%c9%99r-siyahisina-daxil-olub-foto","status":"publish","type":"post","link":"https:\/\/arantv.az\/?p=571072","title":{"rendered":"Az\u0259rbaycan \u00e7\u00f6r\u0259yin qiym\u0259tinin a\u015fa\u011f\u0131 oldu\u011fu \u00f6lk\u0259l\u0259r siyah\u0131s\u0131na daxil olub &#8211; FOTO"},"content":{"rendered":"<p>Az\u0259rbaycan \u00e7\u00f6r\u0259yin qiym\u0259tinin a\u015fa\u011f\u0131 oldu\u011fu \u00f6lk\u0259l\u0259r siyah\u0131s\u0131na daxil olub.<\/p>\n<div class=\"AdviadNativeVideo\"><\/div>\n<p>Bu bar\u0259d\u0259 Energyprom.kz sayt\u0131nda\u00a0m\u0259lumat verib.<\/p>\n<p>Saytda \u00e7\u00f6r\u0259yin qiym\u0259tinin a\u015fa\u011f\u0131 oldu\u011fu \u00f6lk\u0259l\u0259rin siyah\u0131s\u0131 d\u0259rc olunub. Az\u0259rbaycan 24 fevral \u00a02023-c\u00fc il tarixin\u0259 olan g\u00f6st\u0259riciy\u0259 g\u00f6r\u0259, bu siyah\u0131da 6-c\u0131 yerd\u0259 q\u0259rarla\u015f\u0131b.<\/p>\n<p>&nbsp;<\/p>\n<div class=\"gallery\">\n<div class=\"gallery-i\"><img src=\"https:\/\/cdn.oxu.az\/uploads\/W1siZiIsIjIwMjMvMDMvMDEvMTIvMTQvMDQvMWU5MTU2M2MtYjJlNy00MThjLWEyMGQtMTdkNmI4N2I3NjRjLzMzMjUwODU1M185NDkwMTA5MTk4NDU1NzlfNzM1MzY1ODIyMDg0NDc4NzUyOF9uLnBuZyJdLFsicCIsImVuY29kZSIsImpwZyIsIi1xdWFsaXR5IDgwIl0sWyJwIiwidGh1bWIiLCI1OTB4NTkwXHUwMDNlIl1d?sha=990f19adc3f76e45\" alt=\"\" \/><\/div>\n<\/div>\n","protected":false},"excerpt":{"rendered":"<p>Az\u0259rbaycan \u00e7\u00f6r\u0259yin qiym\u0259tinin a\u015fa\u011f\u0131 oldu\u011fu \u00f6lk\u0259l\u0259r siyah\u0131s\u0131na daxil olub. Bu bar\u0259d\u0259 Energyprom.kz sayt\u0131nda\u00a0m\u0259lumat verib. Saytda \u00e7\u00f6r\u0259yin qiym\u0259tinin a\u015fa\u011f\u0131 oldu\u011fu \u00f6lk\u0259l\u0259rin siyah\u0131s\u0131 d\u0259rc olunub. Az\u0259rbaycan 24 fevral \u00a02023-c\u00fc il tarixin\u0259 olan g\u00f6st\u0259riciy\u0259 g\u00f6r\u0259, bu siyah\u0131da 6-c\u0131 yerd\u0259 q\u0259rarla\u015f\u0131b. &nbsp;<\/p>\n","protected":false},"author":2,"featured_media":571073,"comment_status":"closed","ping_status":"closed","sticky":false,"template":"","format":"standard","meta":{"om_disable_all_campaigns":false,"_monsterinsights_skip_tracking":false,"_monsterinsights_sitenote_active":false,"_monsterinsights_sitenote_note":"","_monsterinsights_sitenote_category":0},"categories":[1],"tags":[],"aioseo_notices":[],"gutentor_comment":0,"rttpg_featured_image_url":{"full":["https:\/\/arantv.az\/wp-content\/uploads\/2023\/03\/FotoJet-2023-03-01T121337.730.jpg",620,413,false],"landscape":["https:\/\/arantv.az\/wp-content\/uploads\/2023\/03\/FotoJet-2023-03-01T121337.730.jpg",620,413,false],"portraits":["https:\/\/arantv.az\/wp-content\/uploads\/2023\/03\/FotoJet-2023-03-01T121337.730.jpg",620,413,false],"thumbnail":["https:\/\/arantv.az\/wp-content\/uploads\/2023\/03\/FotoJet-2023-03-01T121337.730-500x280.jpg",500,280,true],"medium":["https:\/\/arantv.az\/wp-content\/uploads\/2023\/03\/FotoJet-2023-03-01T121337.730-548x365.jpg",548,365,true],"large":["https:\/\/arantv.az\/wp-content\/uploads\/2023\/03\/FotoJet-2023-03-01T121337.730.jpg",620,413,false],"1536x1536":["https:\/\/arantv.az\/wp-content\/uploads\/2023\/03\/FotoJet-2023-03-01T121337.730.jpg",620,413,false],"2048x2048":["https:\/\/arantv.az\/wp-content\/uploads\/2023\/03\/FotoJet-2023-03-01T121337.730.jpg",620,413,false],"post-thumbnail":["https:\/\/arantv.az\/wp-content\/uploads\/2023\/03\/FotoJet-2023-03-01T121337.730-240x172.jpg",240,172,true],"advps-thumb-one":["https:\/\/arantv.az\/wp-content\/uploads\/2023\/03\/FotoJet-2023-03-01T121337.730.jpg",620,413,false]},"rttpg_author":{"display_name":"V\u00fcsal Rafiqo\u011flu","author_link":"https:\/\/arantv.az\/?author=2"},"rttpg_comment":0,"rttpg_category":"<a href=\"https:\/\/arantv.az\/?cat=1\" rel=\"category\">C\u0259miyy\u0259t<\/a>","rttpg_excerpt":"Az\u0259rbaycan \u00e7\u00f6r\u0259yin qiym\u0259tinin a\u015fa\u011f\u0131 oldu\u011fu \u00f6lk\u0259l\u0259r siyah\u0131s\u0131na daxil olub. Bu bar\u0259d\u0259 Energyprom.kz sayt\u0131nda\u00a0m\u0259lumat verib. Saytda \u00e7\u00f6r\u0259yin qiym\u0259tinin a\u015fa\u011f\u0131 oldu\u011fu \u00f6lk\u0259l\u0259rin siyah\u0131s\u0131 d\u0259rc olunub. Az\u0259rbaycan 24 fevral \u00a02023-c\u00fc il tarixin\u0259 olan g\u00f6st\u0259riciy\u0259 g\u00f6r\u0259, bu siyah\u0131da 6-c\u0131 yerd\u0259 q\u0259rarla\u015f\u0131b. &nbsp;","_links":{"self":[{"href":"https:\/\/arantv.az\/index.php?rest_route=\/wp\/v2\/posts\/571072"}],"collection":[{"href":"https:\/\/arantv.az\/index.php?rest_route=\/wp\/v2\/posts"}],"about":[{"href":"https:\/\/arantv.az\/index.php?rest_route=\/wp\/v2\/types\/post"}],"author":[{"embeddable":true,"href":"https:\/\/arantv.az\/index.php?rest_route=\/wp\/v2\/users\/2"}],"replies":[{"embeddable":true,"href":"https:\/\/arantv.az\/index.php?rest_route=%2Fwp%2Fv2%2Fcomments&post=571072"}],"version-history":[{"count":0,"href":"https:\/\/arantv.az\/index.php?rest_route=\/wp\/v2\/posts\/571072\/revisions"}],"wp:featuredmedia":[{"embeddable":true,"href":"https:\/\/arantv.az\/index.php?rest_route=\/wp\/v2\/media\/571073"}],"wp:attachment":[{"href":"https:\/\/arantv.az\/index.php?rest_route=%2Fwp%2Fv2%2Fmedia&parent=571072"}],"wp:term":[{"taxonomy":"category","embeddable":true,"href":"https:\/\/arantv.az\/index.php?rest_route=%2Fwp%2Fv2%2Fcategories&post=571072"},{"taxonomy":"post_tag","embeddable":true,"href":"https:\/\/arantv.az\/index.php?rest_route=%2Fwp%2Fv2%2Ftags&post=571072"}],"curies":[{"name":"wp","href":"https:\/\/api.w.org\/{rel}","templated":true}]}}