{"id":571079,"date":"2023-03-01T13:37:46","date_gmt":"2023-03-01T10:37:46","guid":{"rendered":"https:\/\/arantv.az\/?p=571079"},"modified":"2023-03-01T13:37:46","modified_gmt":"2023-03-01T10:37:46","slug":"ilham-%c9%99liyev-bosniya-v%c9%99-herseqovinaya-r%c9%99smi-s%c9%99f%c9%99r%c9%99-d%c9%99v%c9%99t-olundu","status":"publish","type":"post","link":"https:\/\/arantv.az\/?p=571079","title":{"rendered":"\u0130lham \u018fliyev Bosniya v\u0259 Herseqovinaya r\u0259smi s\u0259f\u0259r\u0259 d\u0259v\u0259t olundu"},"content":{"rendered":"<p>\u201cBosniya v\u0259 Herseqovina il\u0259 Az\u0259rbaycan aras\u0131nda iqtisadiyyat, ticar\u0259t, investisiya, enerji v\u0259 dig\u0259r sah\u0259l\u0259rd\u0259 \u0259m\u0259kda\u015fl\u0131q \u00fc\u00e7\u00fcn b\u00f6y\u00fck imkanlar m\u00f6vcuddur\u201d.<\/p>\n<p><a href=\"https:\/\/azertag.az\/xeber\/Jelka_Tsviyanovich_Bosniya_ve_Herseqovina_ile_Azerbaycan_arasinda_emekdasliq_uchun_boyuk_imkanlar_var-2512073\" target=\"_blank\" rel=\"noopener\">AZ\u018fRTAC<\/a>\u00a0x\u0259b\u0259r verir ki, bu fikri Bosniya v\u0259 Herseqovinan\u0131n R\u0259yas\u0259t Hey\u0259tinin S\u0259dri xan\u0131m Jelka Tsviyanovi\u00e7 Az\u0259rbaycan Prezidenti\u00a0<strong>\u0130lham \u018fliyev<\/strong>\u00a0il\u0259 g\u00f6r\u00fc\u015fd\u0259 s\u00f6yl\u0259yib.<\/p>\n<p>Qonaq Az\u0259rbaycanda olmas\u0131ndan m\u0259mnunlu\u011funu bildirib, Bak\u0131n\u0131n g\u00f6z\u0259lliyinin onu heyran etdiyini deyib. M\u00fcnasib\u0259tl\u0259rimizin y\u00fcks\u0259k s\u0259viyy\u0259d\u0259 oldu\u011funu qeyd ed\u0259n Jelka Tsviyanovi\u00e7 COVID-19 d\u00f6vr\u00fcnd\u0259 v\u0259 Bosniya v\u0259 Herseqovinada ba\u015f vermi\u015f da\u015fq\u0131nlar zaman\u0131 Az\u0259rbaycan\u0131n onun \u00f6lk\u0259sin\u0259 g\u00f6st\u0259rdiyi d\u0259st\u0259yin y\u00fcks\u0259k qiym\u0259tl\u0259ndirildiyini vur\u011fulay\u0131b.<\/p>\n<p>Bosniya v\u0259 Herseqovinan\u0131n R\u0259yas\u0259t Hey\u0259tinin S\u0259dri Az\u0259rbaycan Prezidentini \u00f6lk\u0259sin\u0259 r\u0259smi s\u0259f\u0259r\u0259 d\u0259v\u0259t edib.<\/p>\n","protected":false},"excerpt":{"rendered":"<p>\u201cBosniya v\u0259 Herseqovina il\u0259 Az\u0259rbaycan aras\u0131nda iqtisadiyyat, ticar\u0259t, investisiya, enerji v\u0259 dig\u0259r sah\u0259l\u0259rd\u0259 \u0259m\u0259kda\u015fl\u0131q \u00fc\u00e7\u00fcn b\u00f6y\u00fck imkanlar m\u00f6vcuddur\u201d. AZ\u018fRTAC\u00a0x\u0259b\u0259r verir ki, bu fikri Bosniya v\u0259 Herseqovinan\u0131n R\u0259yas\u0259t Hey\u0259tinin S\u0259dri xan\u0131m Jelka Tsviyanovi\u00e7 Az\u0259rbaycan Prezidenti\u00a0\u0130lham \u018fliyev\u00a0il\u0259 g\u00f6r\u00fc\u015fd\u0259 s\u00f6yl\u0259yib. Qonaq Az\u0259rbaycanda olmas\u0131ndan m\u0259mnunlu\u011funu bildirib, Bak\u0131n\u0131n g\u00f6z\u0259lliyinin onu heyran etdiyini deyib. M\u00fcnasib\u0259tl\u0259rimizin y\u00fcks\u0259k s\u0259viyy\u0259d\u0259 oldu\u011funu qeyd ed\u0259n Jelka Tsviyanovi\u00e7 COVID-19 d\u00f6vr\u00fcnd\u0259 v\u0259 Bosniya v\u0259 Herseqovinada ba\u015f vermi\u015f da\u015fq\u0131nlar zaman\u0131 Az\u0259rbaycan\u0131n onun \u00f6lk\u0259sin\u0259 g\u00f6st\u0259rdiyi d\u0259st\u0259yin y\u00fcks\u0259k qiym\u0259tl\u0259ndirildiyini vur\u011fulay\u0131b. Bosniya v\u0259 Herseqovinan\u0131n R\u0259yas\u0259t Hey\u0259tinin S\u0259dri Az\u0259rbaycan Prezidentini \u00f6lk\u0259sin\u0259 r\u0259smi s\u0259f\u0259r\u0259 d\u0259v\u0259t edib.<\/p>\n","protected":false},"author":2,"featured_media":571080,"comment_status":"closed","ping_status":"closed","sticky":false,"template":"","format":"standard","meta":{"om_disable_all_campaigns":false,"_monsterinsights_skip_tracking":false,"_monsterinsights_sitenote_active":false,"_monsterinsights_sitenote_note":"","_monsterinsights_sitenote_category":0},"categories":[4],"tags":[],"aioseo_notices":[],"gutentor_comment":0,"rttpg_featured_image_url":{"full":["https:\/\/arantv.az\/wp-content\/uploads\/2023\/03\/16776649744656240433_1200x630.jpg",620,413,false],"landscape":["https:\/\/arantv.az\/wp-content\/uploads\/2023\/03\/16776649744656240433_1200x630.jpg",620,413,false],"portraits":["https:\/\/arantv.az\/wp-content\/uploads\/2023\/03\/16776649744656240433_1200x630.jpg",620,413,false],"thumbnail":["https:\/\/arantv.az\/wp-content\/uploads\/2023\/03\/16776649744656240433_1200x630-500x280.jpg",500,280,true],"medium":["https:\/\/arantv.az\/wp-content\/uploads\/2023\/03\/16776649744656240433_1200x630-548x365.jpg",548,365,true],"large":["https:\/\/arantv.az\/wp-content\/uploads\/2023\/03\/16776649744656240433_1200x630.jpg",620,413,false],"1536x1536":["https:\/\/arantv.az\/wp-content\/uploads\/2023\/03\/16776649744656240433_1200x630.jpg",620,413,false],"2048x2048":["https:\/\/arantv.az\/wp-content\/uploads\/2023\/03\/16776649744656240433_1200x630.jpg",620,413,false],"post-thumbnail":["https:\/\/arantv.az\/wp-content\/uploads\/2023\/03\/16776649744656240433_1200x630-240x172.jpg",240,172,true],"advps-thumb-one":["https:\/\/arantv.az\/wp-content\/uploads\/2023\/03\/16776649744656240433_1200x630.jpg",620,413,false]},"rttpg_author":{"display_name":"V\u00fcsal Rafiqo\u011flu","author_link":"https:\/\/arantv.az\/?author=2"},"rttpg_comment":0,"rttpg_category":"<a href=\"https:\/\/arantv.az\/?cat=4\" rel=\"category\">Siyas\u0259t<\/a>","rttpg_excerpt":"\u201cBosniya v\u0259 Herseqovina il\u0259 Az\u0259rbaycan aras\u0131nda iqtisadiyyat, ticar\u0259t, investisiya, enerji v\u0259 dig\u0259r sah\u0259l\u0259rd\u0259 \u0259m\u0259kda\u015fl\u0131q \u00fc\u00e7\u00fcn b\u00f6y\u00fck imkanlar m\u00f6vcuddur\u201d. AZ\u018fRTAC\u00a0x\u0259b\u0259r verir ki, bu fikri Bosniya v\u0259 Herseqovinan\u0131n R\u0259yas\u0259t Hey\u0259tinin S\u0259dri xan\u0131m Jelka Tsviyanovi\u00e7 Az\u0259rbaycan Prezidenti\u00a0\u0130lham \u018fliyev\u00a0il\u0259 g\u00f6r\u00fc\u015fd\u0259 s\u00f6yl\u0259yib. Qonaq Az\u0259rbaycanda olmas\u0131ndan m\u0259mnunlu\u011funu bildirib, Bak\u0131n\u0131n g\u00f6z\u0259lliyinin onu heyran etdiyini deyib. M\u00fcnasib\u0259tl\u0259rimizin y\u00fcks\u0259k s\u0259viyy\u0259d\u0259 oldu\u011funu qeyd ed\u0259n Jelka&hellip;","_links":{"self":[{"href":"https:\/\/arantv.az\/index.php?rest_route=\/wp\/v2\/posts\/571079"}],"collection":[{"href":"https:\/\/arantv.az\/index.php?rest_route=\/wp\/v2\/posts"}],"about":[{"href":"https:\/\/arantv.az\/index.php?rest_route=\/wp\/v2\/types\/post"}],"author":[{"embeddable":true,"href":"https:\/\/arantv.az\/index.php?rest_route=\/wp\/v2\/users\/2"}],"replies":[{"embeddable":true,"href":"https:\/\/arantv.az\/index.php?rest_route=%2Fwp%2Fv2%2Fcomments&post=571079"}],"version-history":[{"count":0,"href":"https:\/\/arantv.az\/index.php?rest_route=\/wp\/v2\/posts\/571079\/revisions"}],"wp:featuredmedia":[{"embeddable":true,"href":"https:\/\/arantv.az\/index.php?rest_route=\/wp\/v2\/media\/571080"}],"wp:attachment":[{"href":"https:\/\/arantv.az\/index.php?rest_route=%2Fwp%2Fv2%2Fmedia&parent=571079"}],"wp:term":[{"taxonomy":"category","embeddable":true,"href":"https:\/\/arantv.az\/index.php?rest_route=%2Fwp%2Fv2%2Fcategories&post=571079"},{"taxonomy":"post_tag","embeddable":true,"href":"https:\/\/arantv.az\/index.php?rest_route=%2Fwp%2Fv2%2Ftags&post=571079"}],"curies":[{"name":"wp","href":"https:\/\/api.w.org\/{rel}","templated":true}]}}