{"id":571082,"date":"2023-03-01T13:38:25","date_gmt":"2023-03-01T10:38:25","guid":{"rendered":"https:\/\/arantv.az\/?p=571082"},"modified":"2023-03-01T13:38:25","modified_gmt":"2023-03-01T10:38:25","slug":"ramin-m%c9%99mm%c9%99dov-kimdir-dosye-foto","status":"publish","type":"post","link":"https:\/\/arantv.az\/?p=571082","title":{"rendered":"Ramin M\u0259mm\u0259dov kimdir? &#8211; DOSYE + FOTO"},"content":{"rendered":"<p>Bu g\u00fcn Milli M\u0259clisin deputat\u0131 Ramin M\u0259mm\u0259dov Az\u0259rbaycan Respublikas\u0131n\u0131n Qaraba\u011f b\u00f6lg\u0259sind\u0259 ya\u015fayan erm\u0259ni sakinl\u0259r il\u0259 t\u0259maslar \u00fczr\u0259 m\u0259sul \u015f\u0259xs qismind\u0259\u00a0<a href=\"https:\/\/oxu.az\/politics\/702079\" target=\"_blank\" rel=\"noopener\"><strong>m\u00fc\u0259yy\u0259n<\/strong><\/a>\u00a0edilib.<\/p>\n<p><strong>ARANTV.AZ <\/strong>\u00a0m\u0259sul \u015f\u0259xsin dosyesini t\u0259qdim edir.<\/p>\n<div class=\"AdviadNativeVideo\"><\/div>\n<p>Ramin \u018fl\u0259m\u015fah o\u011flu M\u0259mm\u0259dov 17 fevral 1979-cu il tarixind\u0259 A\u011fd\u0259r\u0259 \u015f\u0259h\u0259rind\u0259 do\u011fulub. O, Bak\u0131 D\u00f6vl\u0259t Universitetinin Beyn\u0259lxalq h\u00fcquq v\u0259 beyn\u0259lxalq m\u00fcnasib\u0259tl\u0259r fak\u00fclt\u0259sini bitirib. Ard\u0131nca o, Beyn\u0259lxalq m\u00fcnasib\u0259tl\u0259r ixtisas\u0131 \u00fczr\u0259 magistr pill\u0259sini bitirib.<\/p>\n<p>Ramin M\u0259mm\u0259dov 2001-ci ild\u0259n Az\u0259rbaycan Respublikas\u0131n\u0131n M\u0259d\u0259niyy\u0259t Nazirliyind\u0259 m\u00fct\u0259x\u0259ssis, 2002-ci ild\u0259n Xarici \u00d6lk\u0259l\u0259rd\u0259 Ya\u015fayan Az\u0259rbaycanl\u0131larla \u0130\u015f \u00fczr\u0259 D\u00f6vl\u0259t Komit\u0259sind\u0259 m\u00fct\u0259x\u0259ssis, s\u0259drin k\u00f6m\u0259k\u00e7isi, \u015f\u00f6b\u0259 m\u00fcdiri i\u015fl\u0259yib.<\/p>\n<p><img src=\"https:\/\/cdn.oxu.az\/uploads\/W1siZiIsIjIwMjMvMDMvMDEvMTMvNDcvMDAvZjcwMzI3MTYtNmEyYi00M2EwLWEyMzItNTkyNDJhMDcwNjA5L0ZvdG9KZXQgKDkpICgxKSAoMSkuanBnIl0sWyJwIiwiZW5jb2RlIiwianBnIiwiLXF1YWxpdHkgODAiXSxbInAiLCJ0aHVtYiIsIjU5MHg1OTBcdTAwM2UiXV0?sha=defe4bf0311b17dd\" \/><\/p>\n<p>Deputat 2009-16-c\u0131 ill\u0259rd\u0259 Diasporla \u0130\u015f \u00fczr\u0259 D\u00f6vl\u0259t Komit\u0259sind\u0259 s\u0259drin k\u00f6m\u0259k\u00e7isi, aparat r\u0259hb\u0259rinin m\u00fcavini v\u0259zif\u0259l\u0259rind\u0259 \u00e7al\u0131\u015f\u0131b. R.M\u0259mm\u0259dov deputat se\u00e7ildiyi \u00fc\u00e7\u00fcn Az\u0259rbaycan Prezidenti\u00a0<strong>\u0130lham \u018fliyev<\/strong>in 9 mart 2020-ci il s\u0259r\u0259ncam\u0131 il\u0259 Diasporla \u0130\u015f \u00fczr\u0259 D\u00f6vl\u0259t Komit\u0259sinin s\u0259dr m\u00fcavini v\u0259zif\u0259sind\u0259n azad olunub.<\/p>\n<p>Haz\u0131rda R.M\u0259mm\u0259dov Milli M\u0259clisin Ail\u0259, qad\u0131n v\u0259 u\u015faq m\u0259s\u0259l\u0259l\u0259ri komit\u0259sinin, Beyn\u0259lxalq m\u00fcnasib\u0259tl\u0259r v\u0259 parlamentl\u0259raras\u0131 \u0259laq\u0259l\u0259r komit\u0259sinin \u00fczv\u00fcd\u00fcr.<\/p>\n<p>O, h\u0259m\u00e7inin Az\u0259rbaycan-Tailand parlamentl\u0259raras\u0131 \u0259laq\u0259l\u0259r \u00fczr\u0259 i\u015f\u00e7i qrupunun r\u0259hb\u0259ri, \u00c7in, Fransa, \u0130srail, \u0130taliya, Koreya parlamentl\u0259ri il\u0259 \u0259laq\u0259l\u0259r \u00fczr\u0259 i\u015f\u00e7i qruplar\u0131n\u0131n \u00fczv\u00fcd\u00fcr. Ramin M\u0259mm\u0259dov Qara d\u0259niz \u0130qtisadi \u018fm\u0259kda\u015fl\u0131q T\u0259\u015fkilat\u0131n\u0131n Parlament Assambleyas\u0131nda Az\u0259rbaycan n\u00fcmay\u0259nd\u0259 hey\u0259tinin, Avropa \u0130ttifaq\u0131-Az\u0259rbaycan parlament \u0259m\u0259kda\u015fl\u0131\u011f\u0131 komit\u0259sinin d\u0259 \u00fczv\u00fcd\u00fcr.<\/p>\n<p>Deputat \u201cD\u00f6vl\u0259t qullu\u011funda f\u0259rql\u0259nm\u0259y\u0259 g\u00f6r\u0259\u201d v\u0259 \u201cT\u0259r\u0259qqi\u201d medallar\u0131 il\u0259 t\u0259ltif olunub.<\/p>\n<p>\u0130ngilis v\u0259 rus dill\u0259rini bilir. Evlidir, bir \u00f6vlad\u0131 var.<\/p>\n","protected":false},"excerpt":{"rendered":"<p>Bu g\u00fcn Milli M\u0259clisin deputat\u0131 Ramin M\u0259mm\u0259dov Az\u0259rbaycan Respublikas\u0131n\u0131n Qaraba\u011f b\u00f6lg\u0259sind\u0259 ya\u015fayan erm\u0259ni sakinl\u0259r il\u0259 t\u0259maslar \u00fczr\u0259 m\u0259sul \u015f\u0259xs qismind\u0259\u00a0m\u00fc\u0259yy\u0259n\u00a0edilib. ARANTV.AZ \u00a0m\u0259sul \u015f\u0259xsin dosyesini t\u0259qdim edir. Ramin \u018fl\u0259m\u015fah o\u011flu M\u0259mm\u0259dov 17 fevral 1979-cu il tarixind\u0259 A\u011fd\u0259r\u0259 \u015f\u0259h\u0259rind\u0259 do\u011fulub. O, Bak\u0131 D\u00f6vl\u0259t Universitetinin Beyn\u0259lxalq h\u00fcquq v\u0259 beyn\u0259lxalq m\u00fcnasib\u0259tl\u0259r fak\u00fclt\u0259sini bitirib. Ard\u0131nca o, Beyn\u0259lxalq m\u00fcnasib\u0259tl\u0259r ixtisas\u0131 \u00fczr\u0259 magistr pill\u0259sini bitirib. Ramin M\u0259mm\u0259dov 2001-ci ild\u0259n Az\u0259rbaycan Respublikas\u0131n\u0131n M\u0259d\u0259niyy\u0259t Nazirliyind\u0259 m\u00fct\u0259x\u0259ssis, 2002-ci ild\u0259n Xarici \u00d6lk\u0259l\u0259rd\u0259 Ya\u015fayan Az\u0259rbaycanl\u0131larla \u0130\u015f \u00fczr\u0259 D\u00f6vl\u0259t Komit\u0259sind\u0259 m\u00fct\u0259x\u0259ssis, s\u0259drin k\u00f6m\u0259k\u00e7isi, \u015f\u00f6b\u0259 m\u00fcdiri i\u015fl\u0259yib. Deputat 2009-16-c\u0131 ill\u0259rd\u0259 Diasporla \u0130\u015f \u00fczr\u0259 D\u00f6vl\u0259t&hellip;<\/p>\n","protected":false},"author":2,"featured_media":571083,"comment_status":"closed","ping_status":"closed","sticky":false,"template":"","format":"standard","meta":{"om_disable_all_campaigns":false,"_monsterinsights_skip_tracking":false,"_monsterinsights_sitenote_active":false,"_monsterinsights_sitenote_note":"","_monsterinsights_sitenote_category":0},"categories":[4],"tags":[],"aioseo_notices":[],"gutentor_comment":0,"rttpg_featured_image_url":{"full":["https:\/\/arantv.az\/wp-content\/uploads\/2023\/03\/FotoJet-2023-03-01T134019.460.jpg",620,413,false],"landscape":["https:\/\/arantv.az\/wp-content\/uploads\/2023\/03\/FotoJet-2023-03-01T134019.460.jpg",620,413,false],"portraits":["https:\/\/arantv.az\/wp-content\/uploads\/2023\/03\/FotoJet-2023-03-01T134019.460.jpg",620,413,false],"thumbnail":["https:\/\/arantv.az\/wp-content\/uploads\/2023\/03\/FotoJet-2023-03-01T134019.460-500x280.jpg",500,280,true],"medium":["https:\/\/arantv.az\/wp-content\/uploads\/2023\/03\/FotoJet-2023-03-01T134019.460-548x365.jpg",548,365,true],"large":["https:\/\/arantv.az\/wp-content\/uploads\/2023\/03\/FotoJet-2023-03-01T134019.460.jpg",620,413,false],"1536x1536":["https:\/\/arantv.az\/wp-content\/uploads\/2023\/03\/FotoJet-2023-03-01T134019.460.jpg",620,413,false],"2048x2048":["https:\/\/arantv.az\/wp-content\/uploads\/2023\/03\/FotoJet-2023-03-01T134019.460.jpg",620,413,false],"post-thumbnail":["https:\/\/arantv.az\/wp-content\/uploads\/2023\/03\/FotoJet-2023-03-01T134019.460-240x172.jpg",240,172,true],"advps-thumb-one":["https:\/\/arantv.az\/wp-content\/uploads\/2023\/03\/FotoJet-2023-03-01T134019.460.jpg",620,413,false]},"rttpg_author":{"display_name":"V\u00fcsal Rafiqo\u011flu","author_link":"https:\/\/arantv.az\/?author=2"},"rttpg_comment":0,"rttpg_category":"<a href=\"https:\/\/arantv.az\/?cat=4\" rel=\"category\">Siyas\u0259t<\/a>","rttpg_excerpt":"Bu g\u00fcn Milli M\u0259clisin deputat\u0131 Ramin M\u0259mm\u0259dov Az\u0259rbaycan Respublikas\u0131n\u0131n Qaraba\u011f b\u00f6lg\u0259sind\u0259 ya\u015fayan erm\u0259ni sakinl\u0259r il\u0259 t\u0259maslar \u00fczr\u0259 m\u0259sul \u015f\u0259xs qismind\u0259\u00a0m\u00fc\u0259yy\u0259n\u00a0edilib. ARANTV.AZ \u00a0m\u0259sul \u015f\u0259xsin dosyesini t\u0259qdim edir. Ramin \u018fl\u0259m\u015fah o\u011flu M\u0259mm\u0259dov 17 fevral 1979-cu il tarixind\u0259 A\u011fd\u0259r\u0259 \u015f\u0259h\u0259rind\u0259 do\u011fulub. O, Bak\u0131 D\u00f6vl\u0259t Universitetinin Beyn\u0259lxalq h\u00fcquq v\u0259 beyn\u0259lxalq m\u00fcnasib\u0259tl\u0259r fak\u00fclt\u0259sini bitirib. Ard\u0131nca o, Beyn\u0259lxalq m\u00fcnasib\u0259tl\u0259r ixtisas\u0131 \u00fczr\u0259&hellip;","_links":{"self":[{"href":"https:\/\/arantv.az\/index.php?rest_route=\/wp\/v2\/posts\/571082"}],"collection":[{"href":"https:\/\/arantv.az\/index.php?rest_route=\/wp\/v2\/posts"}],"about":[{"href":"https:\/\/arantv.az\/index.php?rest_route=\/wp\/v2\/types\/post"}],"author":[{"embeddable":true,"href":"https:\/\/arantv.az\/index.php?rest_route=\/wp\/v2\/users\/2"}],"replies":[{"embeddable":true,"href":"https:\/\/arantv.az\/index.php?rest_route=%2Fwp%2Fv2%2Fcomments&post=571082"}],"version-history":[{"count":0,"href":"https:\/\/arantv.az\/index.php?rest_route=\/wp\/v2\/posts\/571082\/revisions"}],"wp:featuredmedia":[{"embeddable":true,"href":"https:\/\/arantv.az\/index.php?rest_route=\/wp\/v2\/media\/571083"}],"wp:attachment":[{"href":"https:\/\/arantv.az\/index.php?rest_route=%2Fwp%2Fv2%2Fmedia&parent=571082"}],"wp:term":[{"taxonomy":"category","embeddable":true,"href":"https:\/\/arantv.az\/index.php?rest_route=%2Fwp%2Fv2%2Fcategories&post=571082"},{"taxonomy":"post_tag","embeddable":true,"href":"https:\/\/arantv.az\/index.php?rest_route=%2Fwp%2Fv2%2Ftags&post=571082"}],"curies":[{"name":"wp","href":"https:\/\/api.w.org\/{rel}","templated":true}]}}