{"id":571092,"date":"2023-03-01T13:40:08","date_gmt":"2023-03-01T10:40:08","guid":{"rendered":"https:\/\/arantv.az\/?p=571092"},"modified":"2023-03-01T13:40:08","modified_gmt":"2023-03-01T10:40:08","slug":"beyn%c9%99lxalq-miqrasiya-t%c9%99skilati-boyuk-qayidis-proqramina-d%c9%99st%c9%99k-verm%c9%99y%c9%99-hazirdir","status":"publish","type":"post","link":"https:\/\/arantv.az\/?p=571092","title":{"rendered":"Beyn\u0259lxalq Miqrasiya T\u0259\u015fkilat\u0131 B\u00f6y\u00fck Qay\u0131d\u0131\u015f Proqram\u0131na d\u0259st\u0259k verm\u0259y\u0259 haz\u0131rd\u0131r"},"content":{"rendered":"<p>\u201cBeyn\u0259lxalq Miqrasiya T\u0259\u015fkilat\u0131 \u00f6z t\u0259cr\u00fcb\u0259sind\u0259n \u00e7\u0131x\u0131\u015f ed\u0259r\u0259k Az\u0259rbaycan\u0131n i\u015f\u011faldan azad edilmi\u015f \u0259razil\u0259rin\u0259 B\u00f6y\u00fck Qay\u0131d\u0131\u015fa dair Birinci D\u00f6vl\u0259t Proqram\u0131na d\u0259st\u0259k ver\u0259 bil\u0259r\u201d.<\/p>\n<div class=\"AdviadNativeVideo\"><\/div>\n<p><a href=\"https:\/\/azertag.az\/xeber\/Beynelxalq_Miqrasiya_Teskilati_Boyuk_Qayidis_Proqramina_destek_vermeye_hazirdir-2512055\" target=\"_blank\" rel=\"noopener\">AZ\u018fRTAC<\/a>\u00a0x\u0259b\u0259r verir ki, bu bar\u0259d\u0259 Beyn\u0259lxalq Miqrasiya T\u0259\u015fkilat\u0131n\u0131n Ba\u015f direktoru Antonio Vitorino Az\u0259rbaycan Prezidenti\u00a0<strong>\u0130lham \u018fliyev<\/strong>\u00a0il\u0259 g\u00f6r\u00fc\u015fd\u0259 bildirib.<\/p>\n<p>R\u0259hb\u0259rlik etdiyi t\u0259\u015fkilat\u0131n yarand\u0131\u011f\u0131 g\u00fcnd\u0259n b\u0259ri d\u00fcnyan\u0131n m\u00fcxt\u0259lif \u00f6lk\u0259l\u0259rind\u0259 m\u0259cburi k\u00f6\u00e7k\u00fcnl\u0259rin v\u0259 qa\u00e7q\u0131nlar\u0131n qay\u0131tmas\u0131 \u00fczr\u0259 \u00e7ox geni\u015f t\u0259cr\u00fcb\u0259y\u0259 malik oldu\u011funu qeyd ed\u0259n Antonio Vitorino deyib ki, bu t\u0259cr\u00fcb\u0259ni Az\u0259rbaycan t\u0259r\u0259fi il\u0259 b\u00f6l\u00fc\u015fm\u0259y\u0259 haz\u0131rd\u0131rlar.<\/p>\n<p>Qonaq \u00f6lk\u0259mizd\u0259 Beyn\u0259lxalq Miqrasiya T\u0259\u015fkilat\u0131n\u0131n regional t\u0259lim m\u0259rk\u0259zinin yarad\u0131lmas\u0131n\u0131n vacibliyini vur\u011fulay\u0131b. Onun s\u00f6zl\u0259rin\u0259 g\u00f6r\u0259, bu m\u0259rk\u0259z h\u0259m Az\u0259rbaycanda, h\u0259m d\u0259 region \u00f6lk\u0259l\u0259rind\u0259 imkanlar\u0131n art\u0131r\u0131lmas\u0131na v\u0259 pe\u015f\u0259kar kadrlar\u0131n haz\u0131rlanmas\u0131na t\u00f6hf\u0259 ver\u0259c\u0259k.<\/p>\n","protected":false},"excerpt":{"rendered":"<p>\u201cBeyn\u0259lxalq Miqrasiya T\u0259\u015fkilat\u0131 \u00f6z t\u0259cr\u00fcb\u0259sind\u0259n \u00e7\u0131x\u0131\u015f ed\u0259r\u0259k Az\u0259rbaycan\u0131n i\u015f\u011faldan azad edilmi\u015f \u0259razil\u0259rin\u0259 B\u00f6y\u00fck Qay\u0131d\u0131\u015fa dair Birinci D\u00f6vl\u0259t Proqram\u0131na d\u0259st\u0259k ver\u0259 bil\u0259r\u201d. AZ\u018fRTAC\u00a0x\u0259b\u0259r verir ki, bu bar\u0259d\u0259 Beyn\u0259lxalq Miqrasiya T\u0259\u015fkilat\u0131n\u0131n Ba\u015f direktoru Antonio Vitorino Az\u0259rbaycan Prezidenti\u00a0\u0130lham \u018fliyev\u00a0il\u0259 g\u00f6r\u00fc\u015fd\u0259 bildirib. R\u0259hb\u0259rlik etdiyi t\u0259\u015fkilat\u0131n yarand\u0131\u011f\u0131 g\u00fcnd\u0259n b\u0259ri d\u00fcnyan\u0131n m\u00fcxt\u0259lif \u00f6lk\u0259l\u0259rind\u0259 m\u0259cburi k\u00f6\u00e7k\u00fcnl\u0259rin v\u0259 qa\u00e7q\u0131nlar\u0131n qay\u0131tmas\u0131 \u00fczr\u0259 \u00e7ox geni\u015f t\u0259cr\u00fcb\u0259y\u0259 malik oldu\u011funu qeyd ed\u0259n Antonio Vitorino deyib ki, bu t\u0259cr\u00fcb\u0259ni Az\u0259rbaycan t\u0259r\u0259fi il\u0259 b\u00f6l\u00fc\u015fm\u0259y\u0259 haz\u0131rd\u0131rlar. Qonaq \u00f6lk\u0259mizd\u0259 Beyn\u0259lxalq Miqrasiya T\u0259\u015fkilat\u0131n\u0131n regional t\u0259lim m\u0259rk\u0259zinin yarad\u0131lmas\u0131n\u0131n vacibliyini vur\u011fulay\u0131b. Onun s\u00f6zl\u0259rin\u0259 g\u00f6r\u0259, bu m\u0259rk\u0259z h\u0259m Az\u0259rbaycanda, h\u0259m&hellip;<\/p>\n","protected":false},"author":2,"featured_media":571093,"comment_status":"closed","ping_status":"closed","sticky":false,"template":"","format":"standard","meta":{"om_disable_all_campaigns":false,"_monsterinsights_skip_tracking":false,"_monsterinsights_sitenote_active":false,"_monsterinsights_sitenote_note":"","_monsterinsights_sitenote_category":0},"categories":[4],"tags":[],"aioseo_notices":[],"gutentor_comment":0,"rttpg_featured_image_url":{"full":["https:\/\/arantv.az\/wp-content\/uploads\/2023\/03\/image.jpg",620,413,false],"landscape":["https:\/\/arantv.az\/wp-content\/uploads\/2023\/03\/image.jpg",620,413,false],"portraits":["https:\/\/arantv.az\/wp-content\/uploads\/2023\/03\/image.jpg",620,413,false],"thumbnail":["https:\/\/arantv.az\/wp-content\/uploads\/2023\/03\/image-500x280.jpg",500,280,true],"medium":["https:\/\/arantv.az\/wp-content\/uploads\/2023\/03\/image-548x365.jpg",548,365,true],"large":["https:\/\/arantv.az\/wp-content\/uploads\/2023\/03\/image.jpg",620,413,false],"1536x1536":["https:\/\/arantv.az\/wp-content\/uploads\/2023\/03\/image.jpg",620,413,false],"2048x2048":["https:\/\/arantv.az\/wp-content\/uploads\/2023\/03\/image.jpg",620,413,false],"post-thumbnail":["https:\/\/arantv.az\/wp-content\/uploads\/2023\/03\/image-240x172.jpg",240,172,true],"advps-thumb-one":["https:\/\/arantv.az\/wp-content\/uploads\/2023\/03\/image.jpg",620,413,false]},"rttpg_author":{"display_name":"V\u00fcsal Rafiqo\u011flu","author_link":"https:\/\/arantv.az\/?author=2"},"rttpg_comment":0,"rttpg_category":"<a href=\"https:\/\/arantv.az\/?cat=4\" rel=\"category\">Siyas\u0259t<\/a>","rttpg_excerpt":"\u201cBeyn\u0259lxalq Miqrasiya T\u0259\u015fkilat\u0131 \u00f6z t\u0259cr\u00fcb\u0259sind\u0259n \u00e7\u0131x\u0131\u015f ed\u0259r\u0259k Az\u0259rbaycan\u0131n i\u015f\u011faldan azad edilmi\u015f \u0259razil\u0259rin\u0259 B\u00f6y\u00fck Qay\u0131d\u0131\u015fa dair Birinci D\u00f6vl\u0259t Proqram\u0131na d\u0259st\u0259k ver\u0259 bil\u0259r\u201d. AZ\u018fRTAC\u00a0x\u0259b\u0259r verir ki, bu bar\u0259d\u0259 Beyn\u0259lxalq Miqrasiya T\u0259\u015fkilat\u0131n\u0131n Ba\u015f direktoru Antonio Vitorino Az\u0259rbaycan Prezidenti\u00a0\u0130lham \u018fliyev\u00a0il\u0259 g\u00f6r\u00fc\u015fd\u0259 bildirib. R\u0259hb\u0259rlik etdiyi t\u0259\u015fkilat\u0131n yarand\u0131\u011f\u0131 g\u00fcnd\u0259n b\u0259ri d\u00fcnyan\u0131n m\u00fcxt\u0259lif \u00f6lk\u0259l\u0259rind\u0259 m\u0259cburi k\u00f6\u00e7k\u00fcnl\u0259rin v\u0259 qa\u00e7q\u0131nlar\u0131n qay\u0131tmas\u0131 \u00fczr\u0259 \u00e7ox geni\u015f&hellip;","_links":{"self":[{"href":"https:\/\/arantv.az\/index.php?rest_route=\/wp\/v2\/posts\/571092"}],"collection":[{"href":"https:\/\/arantv.az\/index.php?rest_route=\/wp\/v2\/posts"}],"about":[{"href":"https:\/\/arantv.az\/index.php?rest_route=\/wp\/v2\/types\/post"}],"author":[{"embeddable":true,"href":"https:\/\/arantv.az\/index.php?rest_route=\/wp\/v2\/users\/2"}],"replies":[{"embeddable":true,"href":"https:\/\/arantv.az\/index.php?rest_route=%2Fwp%2Fv2%2Fcomments&post=571092"}],"version-history":[{"count":0,"href":"https:\/\/arantv.az\/index.php?rest_route=\/wp\/v2\/posts\/571092\/revisions"}],"wp:featuredmedia":[{"embeddable":true,"href":"https:\/\/arantv.az\/index.php?rest_route=\/wp\/v2\/media\/571093"}],"wp:attachment":[{"href":"https:\/\/arantv.az\/index.php?rest_route=%2Fwp%2Fv2%2Fmedia&parent=571092"}],"wp:term":[{"taxonomy":"category","embeddable":true,"href":"https:\/\/arantv.az\/index.php?rest_route=%2Fwp%2Fv2%2Fcategories&post=571092"},{"taxonomy":"post_tag","embeddable":true,"href":"https:\/\/arantv.az\/index.php?rest_route=%2Fwp%2Fv2%2Ftags&post=571092"}],"curies":[{"name":"wp","href":"https:\/\/api.w.org\/{rel}","templated":true}]}}