{"id":571095,"date":"2023-03-01T13:40:45","date_gmt":"2023-03-01T10:40:45","guid":{"rendered":"https:\/\/arantv.az\/?p=571095"},"modified":"2023-03-01T13:40:45","modified_gmt":"2023-03-01T10:40:45","slug":"agcab%c9%99did%c9%99-m%c9%99d%c9%99niyy%c9%99t-mu%c9%99ssis%c9%99l%c9%99rinin-r%c9%99hb%c9%99rl%c9%99ri-c%c9%99zalandirildilar","status":"publish","type":"post","link":"https:\/\/arantv.az\/?p=571095","title":{"rendered":"A\u011fcab\u0259did\u0259 m\u0259d\u0259niyy\u0259t m\u00fc\u0259ssis\u0259l\u0259rinin r\u0259hb\u0259rl\u0259ri c\u0259zaland\u0131r\u0131ld\u0131lar"},"content":{"rendered":"<p>M\u0259d\u0259niyy\u0259t Nazirliyinin A\u011fcab\u0259di Regional M\u0259d\u0259niyy\u0259t \u0130dar\u0259sinin tabeliyind\u0259 f\u0259aliyy\u0259t g\u00f6st\u0259r\u0259n be\u015f m\u00fc\u0259ssis\u0259sinin r\u0259hb\u0259rin\u0259 t\u00f6hm\u0259t verilib.<\/p>\n<div class=\"AdviadNativeVideo\"><\/div>\n<p>\u201cReport\u201dun m\u0259lumat\u0131na g\u00f6r\u0259, bununla ba\u011fl\u0131 idar\u0259 r\u0259isi Qabil H\u0259s\u0259nov \u0259mr imzalay\u0131b.<\/p>\n<p>\u018fmrl\u0259 Yaqub M\u0259mm\u0259dov ad\u0131na A\u011fcab\u0259di Rayon M\u0259d\u0259niyy\u0259t M\u0259rk\u0259zinin direktoru Od\u0259r A\u011fayev\u0259, A\u011fcab\u0259di rayon K\u0259hrizli k\u0259nd u\u015faq musiqi m\u0259kt\u0259binin direktor v\u0259zif\u0259sini m\u00fcv\u0259qq\u0259ti icra ed\u0259n Elvin M\u0259mm\u0259dova, A\u011fcab\u0259di rayon Boyat k\u0259nd u\u015faq musiqi m\u0259kt\u0259binin direktor v\u0259zif\u0259sini m\u00fcv\u0259qq\u0259ti icra ed\u0259n \u015eahnaz \u018fhm\u0259dovaya, La\u00e7\u0131n Rayon M\u0259d\u0259niyy\u0259t M\u0259rk\u0259zinin direktoru Sad\u0131x Axundova, La\u00e7\u0131n rayon \u015e\u0259mk\u0259nd k\u0259nd u\u015faq musiqi m\u0259kt\u0259binin direktor v\u0259zif\u0259sini m\u00fcv\u0259qq\u0259ti icra ed\u0259n Q\u0259m\u0259r H\u00fcseynovaya t\u00f6hm\u0259t verilib.<\/p>\n<p>Onlara t\u00f6hm\u0259t verilm\u0259sin\u0259 s\u0259b\u0259b is\u0259 \u201c\u018fm\u0259k v\u0259 M\u0259\u015f\u011fulluq\u201d altsistemind\u0259 (\u018fMAS) \u0259m\u0259kda\u015flar\u0131n \u0259m\u0259k m\u00fcqavil\u0259si bildiri\u015fl\u0259rinin icras\u0131na vaxt\u0131nda v\u0259 d\u00fczg\u00fcn qaydada yerin\u0259 yetirilm\u0259sin\u0259 n\u0259zar\u0259t, eyni zamanda i\u015fd\u0259n azad edilmi\u015f \u0259m\u0259kda\u015flar\u0131n xitam \u0259mrl\u0259ri haqq\u0131nda m\u0259lumatlar\u0131 qanunda n\u0259z\u0259rd\u0259 tutulmu\u015f m\u00fcdd\u0259t \u0259rzind\u0259 sistem\u0259 daxil etm\u0259dikl\u0259ri olub.<\/p>\n","protected":false},"excerpt":{"rendered":"<p>M\u0259d\u0259niyy\u0259t Nazirliyinin A\u011fcab\u0259di Regional M\u0259d\u0259niyy\u0259t \u0130dar\u0259sinin tabeliyind\u0259 f\u0259aliyy\u0259t g\u00f6st\u0259r\u0259n be\u015f m\u00fc\u0259ssis\u0259sinin r\u0259hb\u0259rin\u0259 t\u00f6hm\u0259t verilib. \u201cReport\u201dun m\u0259lumat\u0131na g\u00f6r\u0259, bununla ba\u011fl\u0131 idar\u0259 r\u0259isi Qabil H\u0259s\u0259nov \u0259mr imzalay\u0131b. \u018fmrl\u0259 Yaqub M\u0259mm\u0259dov ad\u0131na A\u011fcab\u0259di Rayon M\u0259d\u0259niyy\u0259t M\u0259rk\u0259zinin direktoru Od\u0259r A\u011fayev\u0259, A\u011fcab\u0259di rayon K\u0259hrizli k\u0259nd u\u015faq musiqi m\u0259kt\u0259binin direktor v\u0259zif\u0259sini m\u00fcv\u0259qq\u0259ti icra ed\u0259n Elvin M\u0259mm\u0259dova, A\u011fcab\u0259di rayon Boyat k\u0259nd u\u015faq musiqi m\u0259kt\u0259binin direktor v\u0259zif\u0259sini m\u00fcv\u0259qq\u0259ti icra ed\u0259n \u015eahnaz \u018fhm\u0259dovaya, La\u00e7\u0131n Rayon M\u0259d\u0259niyy\u0259t M\u0259rk\u0259zinin direktoru Sad\u0131x Axundova, La\u00e7\u0131n rayon \u015e\u0259mk\u0259nd k\u0259nd u\u015faq musiqi m\u0259kt\u0259binin direktor v\u0259zif\u0259sini m\u00fcv\u0259qq\u0259ti icra ed\u0259n Q\u0259m\u0259r H\u00fcseynovaya t\u00f6hm\u0259t verilib. Onlara t\u00f6hm\u0259t verilm\u0259sin\u0259&hellip;<\/p>\n","protected":false},"author":2,"featured_media":571096,"comment_status":"closed","ping_status":"closed","sticky":false,"template":"","format":"standard","meta":{"om_disable_all_campaigns":false,"_monsterinsights_skip_tracking":false,"_monsterinsights_sitenote_active":false,"_monsterinsights_sitenote_note":"","_monsterinsights_sitenote_category":0},"categories":[1],"tags":[],"aioseo_notices":[],"gutentor_comment":0,"rttpg_featured_image_url":{"full":["https:\/\/arantv.az\/wp-content\/uploads\/2023\/03\/AZ.jpg",620,413,false],"landscape":["https:\/\/arantv.az\/wp-content\/uploads\/2023\/03\/AZ.jpg",620,413,false],"portraits":["https:\/\/arantv.az\/wp-content\/uploads\/2023\/03\/AZ.jpg",620,413,false],"thumbnail":["https:\/\/arantv.az\/wp-content\/uploads\/2023\/03\/AZ-500x280.jpg",500,280,true],"medium":["https:\/\/arantv.az\/wp-content\/uploads\/2023\/03\/AZ-548x365.jpg",548,365,true],"large":["https:\/\/arantv.az\/wp-content\/uploads\/2023\/03\/AZ.jpg",620,413,false],"1536x1536":["https:\/\/arantv.az\/wp-content\/uploads\/2023\/03\/AZ.jpg",620,413,false],"2048x2048":["https:\/\/arantv.az\/wp-content\/uploads\/2023\/03\/AZ.jpg",620,413,false],"post-thumbnail":["https:\/\/arantv.az\/wp-content\/uploads\/2023\/03\/AZ-240x172.jpg",240,172,true],"advps-thumb-one":["https:\/\/arantv.az\/wp-content\/uploads\/2023\/03\/AZ.jpg",620,413,false]},"rttpg_author":{"display_name":"V\u00fcsal Rafiqo\u011flu","author_link":"https:\/\/arantv.az\/?author=2"},"rttpg_comment":0,"rttpg_category":"<a href=\"https:\/\/arantv.az\/?cat=1\" rel=\"category\">C\u0259miyy\u0259t<\/a>","rttpg_excerpt":"M\u0259d\u0259niyy\u0259t Nazirliyinin A\u011fcab\u0259di Regional M\u0259d\u0259niyy\u0259t \u0130dar\u0259sinin tabeliyind\u0259 f\u0259aliyy\u0259t g\u00f6st\u0259r\u0259n be\u015f m\u00fc\u0259ssis\u0259sinin r\u0259hb\u0259rin\u0259 t\u00f6hm\u0259t verilib. \u201cReport\u201dun m\u0259lumat\u0131na g\u00f6r\u0259, bununla ba\u011fl\u0131 idar\u0259 r\u0259isi Qabil H\u0259s\u0259nov \u0259mr imzalay\u0131b. \u018fmrl\u0259 Yaqub M\u0259mm\u0259dov ad\u0131na A\u011fcab\u0259di Rayon M\u0259d\u0259niyy\u0259t M\u0259rk\u0259zinin direktoru Od\u0259r A\u011fayev\u0259, A\u011fcab\u0259di rayon K\u0259hrizli k\u0259nd u\u015faq musiqi m\u0259kt\u0259binin direktor v\u0259zif\u0259sini m\u00fcv\u0259qq\u0259ti icra ed\u0259n Elvin M\u0259mm\u0259dova, A\u011fcab\u0259di rayon Boyat k\u0259nd u\u015faq&hellip;","_links":{"self":[{"href":"https:\/\/arantv.az\/index.php?rest_route=\/wp\/v2\/posts\/571095"}],"collection":[{"href":"https:\/\/arantv.az\/index.php?rest_route=\/wp\/v2\/posts"}],"about":[{"href":"https:\/\/arantv.az\/index.php?rest_route=\/wp\/v2\/types\/post"}],"author":[{"embeddable":true,"href":"https:\/\/arantv.az\/index.php?rest_route=\/wp\/v2\/users\/2"}],"replies":[{"embeddable":true,"href":"https:\/\/arantv.az\/index.php?rest_route=%2Fwp%2Fv2%2Fcomments&post=571095"}],"version-history":[{"count":0,"href":"https:\/\/arantv.az\/index.php?rest_route=\/wp\/v2\/posts\/571095\/revisions"}],"wp:featuredmedia":[{"embeddable":true,"href":"https:\/\/arantv.az\/index.php?rest_route=\/wp\/v2\/media\/571096"}],"wp:attachment":[{"href":"https:\/\/arantv.az\/index.php?rest_route=%2Fwp%2Fv2%2Fmedia&parent=571095"}],"wp:term":[{"taxonomy":"category","embeddable":true,"href":"https:\/\/arantv.az\/index.php?rest_route=%2Fwp%2Fv2%2Fcategories&post=571095"},{"taxonomy":"post_tag","embeddable":true,"href":"https:\/\/arantv.az\/index.php?rest_route=%2Fwp%2Fv2%2Ftags&post=571095"}],"curies":[{"name":"wp","href":"https:\/\/api.w.org\/{rel}","templated":true}]}}