{"id":571098,"date":"2023-03-01T13:41:21","date_gmt":"2023-03-01T10:41:21","guid":{"rendered":"https:\/\/arantv.az\/?p=571098"},"modified":"2023-03-01T13:42:50","modified_gmt":"2023-03-01T10:42:50","slug":"anar-c%c9%99brayilli-novb%c9%99ti-m%c9%99rh%c9%99l%c9%99d%c9%99-susada-tullanti-sut%c9%99mizl%c9%99yici-qurgunun-insasi-n%c9%99z%c9%99rd%c9%99-tutulur","status":"publish","type":"post","link":"https:\/\/arantv.az\/?p=571098","title":{"rendered":"Anar C\u0259bray\u0131ll\u0131: \u201cN\u00f6vb\u0259ti m\u0259rh\u0259l\u0259d\u0259 \u015eu\u015fada tullant\u0131 sut\u0259mizl\u0259yici qur\u011funun in\u015fas\u0131 n\u0259z\u0259rd\u0259 tutulur\u201d"},"content":{"rendered":"<p>\u201cPrezident, Silahl\u0131 Q\u00fcvv\u0259l\u0259rin Ali Ba\u015f Komandan\u0131\u00a0<strong>\u0130lham \u018fliyev<\/strong>in r\u0259hb\u0259rliyi il\u0259 m\u00fcz\u0259ff\u0259r ordumuzun i\u015f\u011faldan azad etdiyi \u015eu\u015fa \u015f\u0259h\u0259rinin i\u00e7m\u0259li su t\u0259chizat\u0131 sisteml\u0259rinin yenid\u0259n qurulmas\u0131 layih\u0259si u\u011furla davam etdirilir\u201d.<\/p>\n<p>\u201cTrend\u201din m\u0259lumat\u0131na g\u00f6r\u0259, bunu \u015eu\u015fa \u015f\u0259h\u0259rin\u0259 mediatur zaman\u0131 \u201cAz\u0259rsu\u201d ASC-nin m\u0259tbuat xidm\u0259tinin r\u0259hb\u0259ri Anar C\u0259bray\u0131ll\u0131 deyib.<\/p>\n<div class=\"AdviadNativeVideo\"><\/div>\n<p>O bildirib ki, \u015eu\u015fa \u015f\u0259h\u0259ri i\u015f\u011faldan azad edildikd\u0259n q\u0131sa m\u00fcdd\u0259t sonra d\u00f6vl\u0259t ba\u015f\u00e7\u0131s\u0131n\u0131n tap\u015f\u0131r\u0131\u011f\u0131 il\u0259 \u201cAz\u0259rsu\u201d ASC-nin m\u00fct\u0259x\u0259ssisl\u0259rind\u0259n ibar\u0259t qrup \u0259raziy\u0259 ezam olunub:<\/p>\n<p>\u201cM\u00fct\u0259x\u0259ssisl\u0259r t\u0259r\u0259find\u0259n su m\u0259nb\u0259l\u0259ri, magistral x\u0259tl\u0259r, anbarlar v\u0259 paylay\u0131c\u0131 \u015f\u0259b\u0259k\u0259l\u0259rin m\u00f6vcud v\u0259ziyy\u0259ti ara\u015fd\u0131r\u0131l\u0131b. M\u0259lum olub ki, d\u00fc\u015fm\u0259n t\u0259r\u0259f \u015f\u0259h\u0259ri t\u0259rk ed\u0259rk\u0259n \u015eu\u015fan\u0131 i\u00e7m\u0259li su il\u0259 t\u0259min ed\u0259n magistral su k\u0259m\u0259rl\u0259rini d\u0259 s\u0131radan \u00e7\u0131xar\u0131b.<\/p>\n<p>M\u00fcdafi\u0259 Nazirliyinin m\u00fcvafiq b\u00f6lm\u0259l\u0259ri il\u0259 birg\u0259 t\u0259hl\u00fck\u0259sizlik t\u0259dbirl\u0259ri g\u00f6r\u00fclm\u0259kl\u0259 \u015f\u0259h\u0259rin \u0259sas su m\u0259nb\u0259yi olan Ki\u00e7ik Kirs m\u0259nb\u0259yi v\u0259 Ki\u00e7ik Kirs-\u015eu\u015fa magistral su k\u0259m\u0259rinin texniki v\u0259ziyy\u0259ti t\u0259fti\u015f olunub v\u0259 d\u0259rhal b\u0259rpa t\u0259dbirl\u0259rin\u0259 ba\u015flan\u0131l\u0131b. M\u00fcr\u0259kk\u0259b relyef\u0259 malik \u0259razid\u0259, me\u015f\u0259 v\u0259 da\u011f \u015f\u0259raitind\u0259 magistral su k\u0259m\u0259rinin q\u0259zal\u0131 hiss\u0259l\u0259ri t\u0259mir edilib v\u0259 25 noyabr 2020-ci il tarixind\u0259 \u015eu\u015fa \u015f\u0259h\u0259rin\u0259 suyun verili\u015fi t\u0259min olunub. Buna q\u0259d\u0259r t\u0259xir\u0259sal\u0131nmaz t\u0259dbir kimi Da\u015falt\u0131 k\u0259ndind\u0259 sug\u00f6t\u00fcr\u00fcc\u00fc m\u0259nt\u0259q\u0259 yarad\u0131lm\u0131\u015fd\u0131 v\u0259 ma\u015f\u0131nlarla \u015f\u0259h\u0259r\u0259 suyun da\u015f\u0131nmas\u0131 t\u0259min edilirdi.<\/p>\n<p>\u015eu\u015fa \u015f\u0259h\u0259rinin bir m\u0259nb\u0259d\u0259n as\u0131l\u0131l\u0131\u011f\u0131n\u0131 aradan qald\u0131rmaq \u00fc\u00e7\u00fcn Zar\u0131sl\u0131 sug\u00f6t\u00fcr\u00fcc\u00fc qur\u011fusu, 11 km uzunlu\u011funda Zar\u0131sl\u0131-\u015eu\u015fa magistral su k\u0259m\u0259rinin q\u0259zal\u0131 hiss\u0259l\u0259ri b\u0259rpa olunub v\u0259 2020-ci il dekabr\u0131n 20-d\u0259 bu m\u0259nb\u0259d\u0259n \u015f\u0259h\u0259r\u0259 suyun verili\u015fi t\u0259min edilib.<\/p>\n<p>2021-ci ilin sonlar\u0131nda \u015eu\u015fa \u015f\u0259h\u0259rinin i\u00e7m\u0259li su t\u0259chizat\u0131n\u0131n yenid\u0259n qurulmas\u0131 layih\u0259sinin ilkin m\u0259rh\u0259l\u0259si \u00fczr\u0259 i\u015fl\u0259r\u0259 ba\u015flan\u0131l\u0131b. Layih\u0259 \u00e7\u0259r\u00e7iv\u0259sind\u0259 Ki\u00e7ik Kirs-\u015eu\u015fa magistral su k\u0259m\u0259rinin istismara yarars\u0131z 5,3 km-lik hiss\u0259si d\u0259yi\u015fdirilib\u201d.<\/p>\n<p>A.C\u0259bray\u0131ll\u0131 bildirib ki, \u015eu\u015fa \u015f\u0259h\u0259rinin perspektiv inki\u015faf\u0131, h\u0259m\u00e7inin ilin m\u00fc\u0259yy\u0259n d\u00f6vrl\u0259rind\u0259 Ki\u00e7ik Kirs v\u0259 Zar\u0131sl\u0131 m\u0259nb\u0259l\u0259rinin t\u0259l\u0259bat\u0131 \u00f6d\u0259m\u0259y\u0259c\u0259yi n\u0259z\u0259r\u0259 al\u0131naraq alternativ m\u0259nb\u0259nin yarad\u0131lmas\u0131na q\u0259rar verilib:<\/p>\n<p>\u201cLayih\u0259y\u0259 \u0259sas\u0259n, \u015eu\u015fa rayonunun Da\u015falt\u0131 k\u0259ndi yax\u0131nl\u0131\u011f\u0131nda, Zar\u0131sl\u0131 \u00e7ay\u0131n\u0131n m\u0259cras\u0131nda tutumu 25 min kubmetr olan sutoplay\u0131c\u0131 b\u0259nd tikilib. M\u00fcr\u0259kk\u0259b relyefd\u0259 \u00e7ay\u0131n qar\u015f\u0131s\u0131nda b\u0259ndin in\u015fas\u0131 il\u0259 paralel burada toplanan suyun \u015f\u0259h\u0259r\u0259 n\u0259qli m\u0259qs\u0259dil\u0259 y\u00fcks\u0259k t\u0259zyiq\u0259 hesablanm\u0131\u015f m\u00fcasir nasos stansiyas\u0131 v\u0259 polad borularla 2,6 km uzunlu\u011funda k\u0259m\u0259r in\u015fa edilib. Nasos stansiyas\u0131nda h\u0259r birinin m\u0259hsuldarl\u0131\u011f\u0131 saatda 105 kubmetr t\u0259\u015fkil ed\u0259n d\u00f6rd \u0259d\u0259d aqreqat qura\u015fd\u0131r\u0131l\u0131b. Sutoplay\u0131c\u0131 b\u0259ndd\u0259n g\u00f6t\u00fcr\u00fcl\u0259n su nasoslar vasit\u0259sil\u0259 26-27 atmosfer t\u0259zyiql\u0259 \u015eu\u015fa \u015f\u0259h\u0259rind\u0259 yerl\u0259\u015f\u0259n anbarlara n\u0259ql olunur v\u0259 buradan \u00f6z axar\u0131 il\u0259 \u015f\u0259b\u0259k\u0259y\u0259 \u00f6t\u00fcr\u00fcl\u00fcr.<\/p>\n<p>Bununla da \u015f\u0259h\u0259rd\u0259ki obyektl\u0259r, hotell\u0259r v\u0259 dig\u0259r ictimai-ia\u015f\u0259 m\u00fc\u0259ssis\u0259l\u0259ri, ya\u015fay\u0131\u015f olan evl\u0259r v\u0259 d\u00f6vl\u0259t qurumlar\u0131n\u0131n inzibati binalar\u0131 24 saat i\u00e7m\u0259li su il\u0259 t\u0259min edilir.<\/p>\n<p>T\u0259sdiql\u0259nmi\u015f layih\u0259y\u0259 uy\u011fun olaraq \u015eu\u015fa \u015f\u0259h\u0259rinin relyef bax\u0131m\u0131ndan h\u00fcnd\u00fcr n\u00f6qt\u0259l\u0259rind\u0259 iki \u0259d\u0259d m\u0259rk\u0259zi anbar\u0131n tikintisin\u0259 d\u0259 ba\u015flan\u0131l\u0131b. Layih\u0259l\u0259ndirm\u0259 zaman\u0131 \u0259halinin dayan\u0131ql\u0131 i\u00e7m\u0259li su t\u0259chizat\u0131n\u0131n apar\u0131lmas\u0131 \u00fc\u00e7\u00fcn \u015f\u0259h\u0259r s\u0259kkiz m\u00fcxt\u0259lif t\u0259zyiq zonas\u0131na b\u00f6l\u00fcn\u00fcb, bu zonalardan alt\u0131s\u0131 \u00f6z\u00fcax\u0131ml\u0131 rejimd\u0259, 2-si is\u0259 hidrofor nasoslarla su il\u0259 t\u0259min olunacaq.<\/p>\n<p>\u015eu\u015fa \u015f\u0259h\u0259rinin i\u00e7m\u0259li v\u0259 tullant\u0131 su t\u0259chizat\u0131 sisteml\u0259rinin yenid\u0259n qurulmas\u0131n\u0131n n\u00f6vb\u0259ti m\u0259rh\u0259l\u0259sind\u0259 \u015f\u0259h\u0259rdaxili i\u00e7m\u0259li v\u0259 tullant\u0131 su \u015f\u0259b\u0259k\u0259l\u0259rinin tamamil\u0259 yenid\u0259n qurulmas\u0131, tullant\u0131 sut\u0259mizl\u0259yici qur\u011funun in\u015fas\u0131 n\u0259z\u0259rd\u0259 tutulur.<\/p>\n<p>Haz\u0131rda \u201cAz\u0259rsu\u201d ASC t\u0259r\u0259find\u0259n \u015eu\u015fa \u015f\u0259h\u0259rind\u0259 fasil\u0259siz xidm\u0259t t\u0259\u015fkil edilib. Xidm\u0259t briqadalar\u0131 m\u0259nb\u0259l\u0259rd\u0259, magistral k\u0259m\u0259rl\u0259rd\u0259 v\u0259 \u015f\u0259h\u0259rdaxili paylay\u0131c\u0131 \u015f\u0259b\u0259k\u0259l\u0259rd\u0259 yarana bil\u0259c\u0259k probleml\u0259rin operativ h\u0259lli m\u0259qs\u0259dil\u0259 f\u0259aliyy\u0259t g\u00f6st\u0259rir\u201d.<\/p>\n","protected":false},"excerpt":{"rendered":"<p>\u201cPrezident, Silahl\u0131 Q\u00fcvv\u0259l\u0259rin Ali Ba\u015f Komandan\u0131\u00a0\u0130lham \u018fliyevin r\u0259hb\u0259rliyi il\u0259 m\u00fcz\u0259ff\u0259r ordumuzun i\u015f\u011faldan azad etdiyi \u015eu\u015fa \u015f\u0259h\u0259rinin i\u00e7m\u0259li su t\u0259chizat\u0131 sisteml\u0259rinin yenid\u0259n qurulmas\u0131 layih\u0259si u\u011furla davam etdirilir\u201d. \u201cTrend\u201din m\u0259lumat\u0131na g\u00f6r\u0259, bunu \u015eu\u015fa \u015f\u0259h\u0259rin\u0259 mediatur zaman\u0131 \u201cAz\u0259rsu\u201d ASC-nin m\u0259tbuat xidm\u0259tinin r\u0259hb\u0259ri Anar C\u0259bray\u0131ll\u0131 deyib. O bildirib ki, \u015eu\u015fa \u015f\u0259h\u0259ri i\u015f\u011faldan azad edildikd\u0259n q\u0131sa m\u00fcdd\u0259t sonra d\u00f6vl\u0259t ba\u015f\u00e7\u0131s\u0131n\u0131n tap\u015f\u0131r\u0131\u011f\u0131 il\u0259 \u201cAz\u0259rsu\u201d ASC-nin m\u00fct\u0259x\u0259ssisl\u0259rind\u0259n ibar\u0259t qrup \u0259raziy\u0259 ezam olunub: \u201cM\u00fct\u0259x\u0259ssisl\u0259r t\u0259r\u0259find\u0259n su m\u0259nb\u0259l\u0259ri, magistral x\u0259tl\u0259r, anbarlar v\u0259 paylay\u0131c\u0131 \u015f\u0259b\u0259k\u0259l\u0259rin m\u00f6vcud v\u0259ziyy\u0259ti ara\u015fd\u0131r\u0131l\u0131b. M\u0259lum olub ki, d\u00fc\u015fm\u0259n t\u0259r\u0259f \u015f\u0259h\u0259ri t\u0259rk ed\u0259rk\u0259n \u015eu\u015fan\u0131 i\u00e7m\u0259li su il\u0259&hellip;<\/p>\n","protected":false},"author":2,"featured_media":571106,"comment_status":"closed","ping_status":"closed","sticky":false,"template":"","format":"standard","meta":{"om_disable_all_campaigns":false,"_monsterinsights_skip_tracking":false,"_monsterinsights_sitenote_active":false,"_monsterinsights_sitenote_note":"","_monsterinsights_sitenote_category":0},"categories":[4],"tags":[],"aioseo_notices":[],"gutentor_comment":0,"rttpg_featured_image_url":{"full":["https:\/\/arantv.az\/wp-content\/uploads\/2023\/03\/AN.jpg",620,413,false],"landscape":["https:\/\/arantv.az\/wp-content\/uploads\/2023\/03\/AN.jpg",620,413,false],"portraits":["https:\/\/arantv.az\/wp-content\/uploads\/2023\/03\/AN.jpg",620,413,false],"thumbnail":["https:\/\/arantv.az\/wp-content\/uploads\/2023\/03\/AN-500x280.jpg",500,280,true],"medium":["https:\/\/arantv.az\/wp-content\/uploads\/2023\/03\/AN-548x365.jpg",548,365,true],"large":["https:\/\/arantv.az\/wp-content\/uploads\/2023\/03\/AN.jpg",620,413,false],"1536x1536":["https:\/\/arantv.az\/wp-content\/uploads\/2023\/03\/AN.jpg",620,413,false],"2048x2048":["https:\/\/arantv.az\/wp-content\/uploads\/2023\/03\/AN.jpg",620,413,false],"post-thumbnail":["https:\/\/arantv.az\/wp-content\/uploads\/2023\/03\/AN-240x172.jpg",240,172,true],"advps-thumb-one":["https:\/\/arantv.az\/wp-content\/uploads\/2023\/03\/AN.jpg",620,413,false]},"rttpg_author":{"display_name":"V\u00fcsal Rafiqo\u011flu","author_link":"https:\/\/arantv.az\/?author=2"},"rttpg_comment":0,"rttpg_category":"<a href=\"https:\/\/arantv.az\/?cat=4\" rel=\"category\">Siyas\u0259t<\/a>","rttpg_excerpt":"\u201cPrezident, Silahl\u0131 Q\u00fcvv\u0259l\u0259rin Ali Ba\u015f Komandan\u0131\u00a0\u0130lham \u018fliyevin r\u0259hb\u0259rliyi il\u0259 m\u00fcz\u0259ff\u0259r ordumuzun i\u015f\u011faldan azad etdiyi \u015eu\u015fa \u015f\u0259h\u0259rinin i\u00e7m\u0259li su t\u0259chizat\u0131 sisteml\u0259rinin yenid\u0259n qurulmas\u0131 layih\u0259si u\u011furla davam etdirilir\u201d. \u201cTrend\u201din m\u0259lumat\u0131na g\u00f6r\u0259, bunu \u015eu\u015fa \u015f\u0259h\u0259rin\u0259 mediatur zaman\u0131 \u201cAz\u0259rsu\u201d ASC-nin m\u0259tbuat xidm\u0259tinin r\u0259hb\u0259ri Anar C\u0259bray\u0131ll\u0131 deyib. O bildirib ki, \u015eu\u015fa \u015f\u0259h\u0259ri i\u015f\u011faldan azad edildikd\u0259n q\u0131sa m\u00fcdd\u0259t sonra d\u00f6vl\u0259t ba\u015f\u00e7\u0131s\u0131n\u0131n&hellip;","_links":{"self":[{"href":"https:\/\/arantv.az\/index.php?rest_route=\/wp\/v2\/posts\/571098"}],"collection":[{"href":"https:\/\/arantv.az\/index.php?rest_route=\/wp\/v2\/posts"}],"about":[{"href":"https:\/\/arantv.az\/index.php?rest_route=\/wp\/v2\/types\/post"}],"author":[{"embeddable":true,"href":"https:\/\/arantv.az\/index.php?rest_route=\/wp\/v2\/users\/2"}],"replies":[{"embeddable":true,"href":"https:\/\/arantv.az\/index.php?rest_route=%2Fwp%2Fv2%2Fcomments&post=571098"}],"version-history":[{"count":0,"href":"https:\/\/arantv.az\/index.php?rest_route=\/wp\/v2\/posts\/571098\/revisions"}],"wp:featuredmedia":[{"embeddable":true,"href":"https:\/\/arantv.az\/index.php?rest_route=\/wp\/v2\/media\/571106"}],"wp:attachment":[{"href":"https:\/\/arantv.az\/index.php?rest_route=%2Fwp%2Fv2%2Fmedia&parent=571098"}],"wp:term":[{"taxonomy":"category","embeddable":true,"href":"https:\/\/arantv.az\/index.php?rest_route=%2Fwp%2Fv2%2Fcategories&post=571098"},{"taxonomy":"post_tag","embeddable":true,"href":"https:\/\/arantv.az\/index.php?rest_route=%2Fwp%2Fv2%2Ftags&post=571098"}],"curies":[{"name":"wp","href":"https:\/\/api.w.org\/{rel}","templated":true}]}}