{"id":571101,"date":"2023-03-01T13:42:03","date_gmt":"2023-03-01T10:42:03","guid":{"rendered":"https:\/\/arantv.az\/?p=571101"},"modified":"2023-03-01T13:42:03","modified_gmt":"2023-03-01T10:42:03","slug":"ceyhun-bayramov-bmt-nin-insan-huquqlari-surasinin-52-ci-sessiyasinda-cixis-edib","status":"publish","type":"post","link":"https:\/\/arantv.az\/?p=571101","title":{"rendered":"Ceyhun Bayramov BMT-nin \u0130nsan H\u00fcquqlar\u0131 \u015euras\u0131n\u0131n 52-ci sessiyas\u0131nda \u00e7\u0131x\u0131\u015f edib"},"content":{"rendered":"<p>28 fevral 2022-ci il tarixind\u0259 Az\u0259rbaycan Respublikas\u0131n\u0131n xarici i\u015fl\u0259r naziri Ceyhun Bayramov Cenevr\u0259d\u0259 BMT-nin \u0130nsan H\u00fcquqlar\u0131 \u015euras\u0131n\u0131n 52-ci sessiyas\u0131n\u0131n y\u00fcks\u0259k s\u0259viyy\u0259li seqmenti \u00e7\u0259r\u00e7iv\u0259sind\u0259 ke\u00e7irilmi\u015f \u201c\u0130nki\u015faf B\u0259yannam\u0259sinin 35-ci il d\u00f6n\u00fcm\u00fc m\u00fcnasib\u0259til\u0259 y\u00fcks\u0259k s\u0259viyy\u0259li t\u0259dbir\u201dd\u0259 Qo\u015fulmama H\u0259r\u0259kat\u0131 ad\u0131ndan a\u00e7\u0131l\u0131\u015f nitqi il\u0259 video m\u00fcraci\u0259tl\u0259 \u00e7\u0131x\u0131\u015f edib.<\/p>\n<p>X\u0130N-in m\u0259lumat\u0131na g\u00f6r\u0259, s\u00f6z\u00fcged\u0259n t\u0259dbir Qo\u015fulmama H\u0259r\u0259kat\u0131n\u0131n s\u0259dri qismind\u0259 Az\u0259rbaycan t\u0259r\u0259finin t\u0259\u015f\u0259bb\u00fcs\u00fc il\u0259 ir\u0259li s\u00fcr\u00fclm\u00fc\u015f v\u0259 \u0130nsan H\u00fcquqlar\u0131 \u015euras\u0131n\u0131n 49-cu sessiyas\u0131nda q\u0259bul olunmu\u015f 49\/8 sayl\u0131 q\u0259tnam\u0259sin\u0259 uy\u011fun olaraq, QH-nin Az\u0259rbaycan s\u0259drliyi il\u0259 birlikd\u0259 BMT-nin \u0130nsan H\u00fcquqlar\u0131 \u00fczr\u0259 Ali Komissarl\u0131\u011f\u0131 t\u0259r\u0259find\u0259n t\u0259\u015fkil olunub.<\/p>\n<div class=\"AdviadNativeVideo\"><\/div>\n<p>Nazir Ceyhun Bayramov \u00e7\u0131x\u0131\u015f\u0131nda QH ad\u0131ndan t\u0259dbirin t\u0259\u015fkilind\u0259 \u0259m\u0259kda\u015fl\u0131\u011fa g\u00f6r\u0259 BMT-nin \u0130nsan H\u00fcquqlar\u0131 \u00fczr\u0259 Ali Komissarl\u0131\u011f\u0131na t\u0259\u015f\u0259kk\u00fcr\u00fcn\u00fc bildirib. 35-ci il d\u00f6n\u00fcm\u00fc qeyd olunan B\u0259yannam\u0259nin \u201cinki\u015faf\u0131\u201d insan h\u00fcququ kimi m\u00fc\u0259yy\u0259n etdiyini vur\u011fulay\u0131b. Bununla bel\u0259, inki\u015faf h\u00fcququnun 1993-c\u00fc ild\u0259 q\u0259bul olunmu\u015f Vyana B\u0259yannam\u0259si v\u0259 F\u0259aliyy\u0259t Plan\u0131nda da yekdil olaraq m\u00fcst\u0259qil insan h\u00fcququ kimi tan\u0131nmas\u0131na baxmayaraq, onun konsepsiyas\u0131n\u0131n yanl\u0131\u015f t\u0259fsiri c\u0259hdl\u0259ri v\u0259 b\u00f6l\u00fcc\u00fc beyn\u0259lxalq diskursun m\u00fc\u015fahid\u0259 olundu\u011funu qeyd edib.<\/p>\n<p>COVID-19-a qar\u015f\u0131 peyv\u0259ndl\u0259rin d\u00fcnya \u00fczr\u0259 qeyri-b\u0259rab\u0259r b\u00f6l\u00fc\u015fd\u00fcr\u00fclm\u0259sinin geni\u015f iqtisadi v\u0259 sosial x\u0259rcl\u0259rinin v\u0259 bununla ba\u011fl\u0131 pandemiyadan b\u0259rpa m\u0259rh\u0259l\u0259sind\u0259 d\u00f6vl\u0259tl\u0259r \u00fczr\u0259 f\u0259rqli v\u0259ziyy\u0259tl\u0259rin inki\u015faf perspektivl\u0259ri v\u0259 Dayan\u0131ql\u0131 \u0130nki\u015faf M\u0259qs\u0259dl\u0259rin\u0259 \u00e7atman\u0131 daha da geriy\u0259 atd\u0131\u011f\u0131n\u0131 bildirib.<\/p>\n<p>Bundan ba\u015fqa, \u00e7oxt\u0259r\u0259fli t\u0259sisatlar\u0131n rolunun z\u0259ifl\u0259dilm\u0259si, pandemiyadan b\u0259rpa prosesl\u0259rinin l\u0259ng getm\u0259si, iqlim d\u0259yi\u015fiklikl\u0259rinin m\u0259nfi t\u0259sirl\u0259ri m\u00f6vcud qeyri-b\u0259rab\u0259rlikl\u0259r \u00fczr\u0259 xo\u015f niyy\u0259tli dialoqu daha da z\u0259ruri etdiyini diqq\u0259t\u0259 \u00e7atd\u0131r\u0131b.<\/p>\n<p>Bu s\u0259b\u0259bd\u0259n QH \u00fczv \u00f6lk\u0259l\u0259rinin bu t\u0259dbir\u0259 \u00f6n\u0259m verdiyini v\u0259 B\u0259yannam\u0259nin 10-cu b\u0259ndin\u0259 istinad\u0259n, inki\u015faf h\u00fcququnun h\u0259yata ke\u00e7irilm\u0259sind\u0259 beyn\u0259lxalq ictimaiyy\u0259tin birg\u0259 m\u0259suliyy\u0259t da\u015f\u0131d\u0131\u011f\u0131n\u0131 xat\u0131rlad\u0131b. QH ad\u0131ndan BMT qurumlar\u0131 v\u0259 beyn\u0259lxalq maliyy\u0259 institutlar\u0131na onlar t\u0259r\u0259find\u0259n inki\u015faf h\u00fcququnun \u00f6z f\u0259aliyy\u0259tl\u0259rin\u0259 daxil edilm\u0259sini t\u00f6vsiy\u0259 edib. Bu x\u00fcsusda, h\u0259m\u00e7inin BMT-nin \u0130nsan H\u00fcquqlar\u0131 \u00fczr\u0259 Ali Komissarl\u0131\u011f\u0131n\u0131n mandat\u0131na istinad\u0259n, Ali Komissarl\u0131\u011f\u0131n inki\u015faf h\u00fcququnu geni\u015f BMT sistemi daxilind\u0259 yaymas\u0131 il\u0259 ba\u011fl\u0131 m\u0259suliyy\u0259t da\u015f\u0131d\u0131\u011f\u0131n\u0131 xat\u0131rlad\u0131b.<\/p>\n<p>Y\u00fcks\u0259k s\u0259viyy\u0259li t\u0259dbird\u0259, h\u0259m\u00e7inin BMT Ba\u015f katibinin m\u00fcavini, BMT dayan\u0131ql\u0131 inki\u015faf qrupunun r\u0259hb\u0259ri Amina Mohammed,\u00a0BMT-nin \u0130nsan h\u00fcquqlar\u0131 \u00fczr\u0259 Ali komissar\u0131 Volker T\u00fcrk,\u00a0BMT \u0130nki\u015faf Proqram\u0131n\u0131n administratoru A\u00e7im Steiner,\u00a0BMT Ticar\u0259t v\u0259 \u0130nki\u015faf Konfrans\u0131n\u0131n Ba\u015f katibi Rebeka Qrinspan\u00a0v\u0259 \u00dcmumd\u00fcnya S\u0259hiyy\u0259 T\u0259\u015fkilat\u0131n\u0131n Ba\u015f direktoru Tedros Adhanom Qebreyesus a\u00e7\u0131l\u0131\u015f nitql\u0259ri il\u0259 \u00e7\u0131x\u0131\u015f edibl\u0259r.<\/p>\n<p>T\u0259dbir y\u00fcks\u0259k s\u0259viyy\u0259li d\u00f6vl\u0259t n\u00fcmay\u0259nd\u0259l\u0259rinin \u00e7\u0131x\u0131\u015flar\u0131 il\u0259 davam edib.<\/p>\n","protected":false},"excerpt":{"rendered":"<p>28 fevral 2022-ci il tarixind\u0259 Az\u0259rbaycan Respublikas\u0131n\u0131n xarici i\u015fl\u0259r naziri Ceyhun Bayramov Cenevr\u0259d\u0259 BMT-nin \u0130nsan H\u00fcquqlar\u0131 \u015euras\u0131n\u0131n 52-ci sessiyas\u0131n\u0131n y\u00fcks\u0259k s\u0259viyy\u0259li seqmenti \u00e7\u0259r\u00e7iv\u0259sind\u0259 ke\u00e7irilmi\u015f \u201c\u0130nki\u015faf B\u0259yannam\u0259sinin 35-ci il d\u00f6n\u00fcm\u00fc m\u00fcnasib\u0259til\u0259 y\u00fcks\u0259k s\u0259viyy\u0259li t\u0259dbir\u201dd\u0259 Qo\u015fulmama H\u0259r\u0259kat\u0131 ad\u0131ndan a\u00e7\u0131l\u0131\u015f nitqi il\u0259 video m\u00fcraci\u0259tl\u0259 \u00e7\u0131x\u0131\u015f edib. X\u0130N-in m\u0259lumat\u0131na g\u00f6r\u0259, s\u00f6z\u00fcged\u0259n t\u0259dbir Qo\u015fulmama H\u0259r\u0259kat\u0131n\u0131n s\u0259dri qismind\u0259 Az\u0259rbaycan t\u0259r\u0259finin t\u0259\u015f\u0259bb\u00fcs\u00fc il\u0259 ir\u0259li s\u00fcr\u00fclm\u00fc\u015f v\u0259 \u0130nsan H\u00fcquqlar\u0131 \u015euras\u0131n\u0131n 49-cu sessiyas\u0131nda q\u0259bul olunmu\u015f 49\/8 sayl\u0131 q\u0259tnam\u0259sin\u0259 uy\u011fun olaraq, QH-nin Az\u0259rbaycan s\u0259drliyi il\u0259 birlikd\u0259 BMT-nin \u0130nsan H\u00fcquqlar\u0131 \u00fczr\u0259 Ali Komissarl\u0131\u011f\u0131 t\u0259r\u0259find\u0259n t\u0259\u015fkil olunub. Nazir Ceyhun Bayramov \u00e7\u0131x\u0131\u015f\u0131nda QH&hellip;<\/p>\n","protected":false},"author":2,"featured_media":571102,"comment_status":"closed","ping_status":"closed","sticky":false,"template":"","format":"standard","meta":{"om_disable_all_campaigns":false,"_monsterinsights_skip_tracking":false,"_monsterinsights_sitenote_active":false,"_monsterinsights_sitenote_note":"","_monsterinsights_sitenote_category":0},"categories":[4],"tags":[],"aioseo_notices":[],"gutentor_comment":0,"rttpg_featured_image_url":{"full":["https:\/\/arantv.az\/wp-content\/uploads\/2023\/03\/CET.jpg",620,413,false],"landscape":["https:\/\/arantv.az\/wp-content\/uploads\/2023\/03\/CET.jpg",620,413,false],"portraits":["https:\/\/arantv.az\/wp-content\/uploads\/2023\/03\/CET.jpg",620,413,false],"thumbnail":["https:\/\/arantv.az\/wp-content\/uploads\/2023\/03\/CET-500x280.jpg",500,280,true],"medium":["https:\/\/arantv.az\/wp-content\/uploads\/2023\/03\/CET-548x365.jpg",548,365,true],"large":["https:\/\/arantv.az\/wp-content\/uploads\/2023\/03\/CET.jpg",620,413,false],"1536x1536":["https:\/\/arantv.az\/wp-content\/uploads\/2023\/03\/CET.jpg",620,413,false],"2048x2048":["https:\/\/arantv.az\/wp-content\/uploads\/2023\/03\/CET.jpg",620,413,false],"post-thumbnail":["https:\/\/arantv.az\/wp-content\/uploads\/2023\/03\/CET-240x172.jpg",240,172,true],"advps-thumb-one":["https:\/\/arantv.az\/wp-content\/uploads\/2023\/03\/CET.jpg",620,413,false]},"rttpg_author":{"display_name":"V\u00fcsal Rafiqo\u011flu","author_link":"https:\/\/arantv.az\/?author=2"},"rttpg_comment":0,"rttpg_category":"<a href=\"https:\/\/arantv.az\/?cat=4\" rel=\"category\">Siyas\u0259t<\/a>","rttpg_excerpt":"28 fevral 2022-ci il tarixind\u0259 Az\u0259rbaycan Respublikas\u0131n\u0131n xarici i\u015fl\u0259r naziri Ceyhun Bayramov Cenevr\u0259d\u0259 BMT-nin \u0130nsan H\u00fcquqlar\u0131 \u015euras\u0131n\u0131n 52-ci sessiyas\u0131n\u0131n y\u00fcks\u0259k s\u0259viyy\u0259li seqmenti \u00e7\u0259r\u00e7iv\u0259sind\u0259 ke\u00e7irilmi\u015f \u201c\u0130nki\u015faf B\u0259yannam\u0259sinin 35-ci il d\u00f6n\u00fcm\u00fc m\u00fcnasib\u0259til\u0259 y\u00fcks\u0259k s\u0259viyy\u0259li t\u0259dbir\u201dd\u0259 Qo\u015fulmama H\u0259r\u0259kat\u0131 ad\u0131ndan a\u00e7\u0131l\u0131\u015f nitqi il\u0259 video m\u00fcraci\u0259tl\u0259 \u00e7\u0131x\u0131\u015f edib. X\u0130N-in m\u0259lumat\u0131na g\u00f6r\u0259, s\u00f6z\u00fcged\u0259n t\u0259dbir Qo\u015fulmama H\u0259r\u0259kat\u0131n\u0131n s\u0259dri qismind\u0259 Az\u0259rbaycan t\u0259r\u0259finin t\u0259\u015f\u0259bb\u00fcs\u00fc&hellip;","_links":{"self":[{"href":"https:\/\/arantv.az\/index.php?rest_route=\/wp\/v2\/posts\/571101"}],"collection":[{"href":"https:\/\/arantv.az\/index.php?rest_route=\/wp\/v2\/posts"}],"about":[{"href":"https:\/\/arantv.az\/index.php?rest_route=\/wp\/v2\/types\/post"}],"author":[{"embeddable":true,"href":"https:\/\/arantv.az\/index.php?rest_route=\/wp\/v2\/users\/2"}],"replies":[{"embeddable":true,"href":"https:\/\/arantv.az\/index.php?rest_route=%2Fwp%2Fv2%2Fcomments&post=571101"}],"version-history":[{"count":0,"href":"https:\/\/arantv.az\/index.php?rest_route=\/wp\/v2\/posts\/571101\/revisions"}],"wp:featuredmedia":[{"embeddable":true,"href":"https:\/\/arantv.az\/index.php?rest_route=\/wp\/v2\/media\/571102"}],"wp:attachment":[{"href":"https:\/\/arantv.az\/index.php?rest_route=%2Fwp%2Fv2%2Fmedia&parent=571101"}],"wp:term":[{"taxonomy":"category","embeddable":true,"href":"https:\/\/arantv.az\/index.php?rest_route=%2Fwp%2Fv2%2Fcategories&post=571101"},{"taxonomy":"post_tag","embeddable":true,"href":"https:\/\/arantv.az\/index.php?rest_route=%2Fwp%2Fv2%2Ftags&post=571101"}],"curies":[{"name":"wp","href":"https:\/\/api.w.org\/{rel}","templated":true}]}}