{"id":571151,"date":"2023-03-01T14:12:05","date_gmt":"2023-03-01T11:12:05","guid":{"rendered":"https:\/\/arantv.az\/?p=571151"},"modified":"2023-03-01T14:12:05","modified_gmt":"2023-03-01T11:12:05","slug":"istanbulda-isid-terror-t%c9%99skilatinin-qazisi-saxlanilib-foto-video","status":"publish","type":"post","link":"https:\/\/arantv.az\/?p=571151","title":{"rendered":"\u0130stanbulda \u0130\u015e\u0130D terror t\u0259\u015fkilat\u0131n\u0131n qaz\u0131s\u0131 saxlan\u0131l\u0131b &#8211; FOTO\/V\u0130DEO"},"content":{"rendered":"<p>\u0130stanbulda ke\u00e7iril\u0259n \u0259m\u0259liyyat zaman\u0131 \u0130\u015e\u0130D terror t\u0259\u015fkilat\u0131n\u0131n n\u00fcfuzlu \u015f\u0259xsi saxlan\u0131l\u0131b.<\/p>\n<p>Bu bar\u0259d\u0259 T\u00fcrkiy\u0259nin Milli K\u0259\u015ffiyyat T\u0259\u015fkilat\u0131 x\u0259b\u0259r verib.<\/p>\n<div class=\"AdviadNativeVideo\"><\/div>\n<p>Bildirilir ki, \u015f\u00fcbh\u0259li kod ad\u0131 \u201c\u018fbu Huzeyf\u0259\u201d olan M.M.B.-dir. O, 2014-18-ci ill\u0259rd\u0259 Tel Abyad, M\u0259nbi\u00e7 v\u0259 Rakkada qaz\u0131 (hakim) v\u0259zif\u0259sini yerin\u0259 yetirib.<\/p>\n<p>\u0130stanbul Polis \u0130dar\u0259si Terrorla M\u00fcbariz\u0259 \u015e\u00f6b\u0259sinin \u0259m\u0259kda\u015flar\u0131 k\u0259\u015ffiyyat m\u0259lumatlar\u0131na \u0259sas\u0259n onun \u0130stanbulda oldu\u011funu \u00f6yr\u0259nib v\u0259 \u0259m\u0259liyyat h\u0259yata ke\u00e7iribl\u0259r.<\/p>\n<p>\u015e\u00fcbh\u0259li art\u0131q h\u0259bs olunub.<\/p>\n<div><iframe loading=\"lazy\" src=\"https:\/\/baku.tv\/embed\/74744\" width=\"560\" height=\"315\" frameborder=\"0\" allowfullscreen=\"allowfullscreen\" data-mce-fragment=\"1\"><\/iframe><\/div>\n<p>&nbsp;<\/p>\n<div class=\"gallery\">\n<div class=\"gallery-i\"><img src=\"https:\/\/cdn.oxu.az\/uploads\/W1siZiIsIjIwMjMvMDMvMDEvMTEvNTgvNTcvOWFjMGE2OWQtYzMzNy00MmQ0LTllYjUtM2VmMmFhZDg2NTIwL0VyTlhGXzE2Nzc2NTE1NjRfODUyMi5qcGciXSxbInAiLCJlbmNvZGUiLCJqcGciLCItcXVhbGl0eSA4MCJdLFsicCIsInRodW1iIiwiNTkweDU5MFx1MDAzZSJdXQ?sha=59b2463db0471d15\" alt=\"\" \/><\/p>\n<div class=\"gallery-i-caption\"><\/div>\n<\/div>\n<\/div>\n<p>M\u0259nb\u0259: HaberT\u00fcrk<\/p>\n","protected":false},"excerpt":{"rendered":"<p>\u0130stanbulda ke\u00e7iril\u0259n \u0259m\u0259liyyat zaman\u0131 \u0130\u015e\u0130D terror t\u0259\u015fkilat\u0131n\u0131n n\u00fcfuzlu \u015f\u0259xsi saxlan\u0131l\u0131b. Bu bar\u0259d\u0259 T\u00fcrkiy\u0259nin Milli K\u0259\u015ffiyyat T\u0259\u015fkilat\u0131 x\u0259b\u0259r verib. Bildirilir ki, \u015f\u00fcbh\u0259li kod ad\u0131 \u201c\u018fbu Huzeyf\u0259\u201d olan M.M.B.-dir. O, 2014-18-ci ill\u0259rd\u0259 Tel Abyad, M\u0259nbi\u00e7 v\u0259 Rakkada qaz\u0131 (hakim) v\u0259zif\u0259sini yerin\u0259 yetirib. \u0130stanbul Polis \u0130dar\u0259si Terrorla M\u00fcbariz\u0259 \u015e\u00f6b\u0259sinin \u0259m\u0259kda\u015flar\u0131 k\u0259\u015ffiyyat m\u0259lumatlar\u0131na \u0259sas\u0259n onun \u0130stanbulda oldu\u011funu \u00f6yr\u0259nib v\u0259 \u0259m\u0259liyyat h\u0259yata ke\u00e7iribl\u0259r. \u015e\u00fcbh\u0259li art\u0131q h\u0259bs olunub. &nbsp; M\u0259nb\u0259: HaberT\u00fcrk<\/p>\n","protected":false},"author":2,"featured_media":571152,"comment_status":"closed","ping_status":"closed","sticky":false,"template":"","format":"standard","meta":{"om_disable_all_campaigns":false,"_monsterinsights_skip_tracking":false,"_monsterinsights_sitenote_active":false,"_monsterinsights_sitenote_note":"","_monsterinsights_sitenote_category":0},"categories":[7],"tags":[],"aioseo_notices":[],"gutentor_comment":0,"rttpg_featured_image_url":{"full":["https:\/\/arantv.az\/wp-content\/uploads\/2023\/03\/istanbul-emniyet-mudurlugu-teror-orgutu-isidin-kilit-isimlerinden-abu-huzeyfe-kod-adli-mmb-istanbulda-yakalandi-zDpD48zW.jpg",620,413,false],"landscape":["https:\/\/arantv.az\/wp-content\/uploads\/2023\/03\/istanbul-emniyet-mudurlugu-teror-orgutu-isidin-kilit-isimlerinden-abu-huzeyfe-kod-adli-mmb-istanbulda-yakalandi-zDpD48zW.jpg",620,413,false],"portraits":["https:\/\/arantv.az\/wp-content\/uploads\/2023\/03\/istanbul-emniyet-mudurlugu-teror-orgutu-isidin-kilit-isimlerinden-abu-huzeyfe-kod-adli-mmb-istanbulda-yakalandi-zDpD48zW.jpg",620,413,false],"thumbnail":["https:\/\/arantv.az\/wp-content\/uploads\/2023\/03\/istanbul-emniyet-mudurlugu-teror-orgutu-isidin-kilit-isimlerinden-abu-huzeyfe-kod-adli-mmb-istanbulda-yakalandi-zDpD48zW-500x280.jpg",500,280,true],"medium":["https:\/\/arantv.az\/wp-content\/uploads\/2023\/03\/istanbul-emniyet-mudurlugu-teror-orgutu-isidin-kilit-isimlerinden-abu-huzeyfe-kod-adli-mmb-istanbulda-yakalandi-zDpD48zW-548x365.jpg",548,365,true],"large":["https:\/\/arantv.az\/wp-content\/uploads\/2023\/03\/istanbul-emniyet-mudurlugu-teror-orgutu-isidin-kilit-isimlerinden-abu-huzeyfe-kod-adli-mmb-istanbulda-yakalandi-zDpD48zW.jpg",620,413,false],"1536x1536":["https:\/\/arantv.az\/wp-content\/uploads\/2023\/03\/istanbul-emniyet-mudurlugu-teror-orgutu-isidin-kilit-isimlerinden-abu-huzeyfe-kod-adli-mmb-istanbulda-yakalandi-zDpD48zW.jpg",620,413,false],"2048x2048":["https:\/\/arantv.az\/wp-content\/uploads\/2023\/03\/istanbul-emniyet-mudurlugu-teror-orgutu-isidin-kilit-isimlerinden-abu-huzeyfe-kod-adli-mmb-istanbulda-yakalandi-zDpD48zW.jpg",620,413,false],"post-thumbnail":["https:\/\/arantv.az\/wp-content\/uploads\/2023\/03\/istanbul-emniyet-mudurlugu-teror-orgutu-isidin-kilit-isimlerinden-abu-huzeyfe-kod-adli-mmb-istanbulda-yakalandi-zDpD48zW-240x172.jpg",240,172,true],"advps-thumb-one":["https:\/\/arantv.az\/wp-content\/uploads\/2023\/03\/istanbul-emniyet-mudurlugu-teror-orgutu-isidin-kilit-isimlerinden-abu-huzeyfe-kod-adli-mmb-istanbulda-yakalandi-zDpD48zW.jpg",620,413,false]},"rttpg_author":{"display_name":"V\u00fcsal Rafiqo\u011flu","author_link":"https:\/\/arantv.az\/?author=2"},"rttpg_comment":0,"rttpg_category":"<a href=\"https:\/\/arantv.az\/?cat=7\" rel=\"category\">D\u00fcnya<\/a>","rttpg_excerpt":"\u0130stanbulda ke\u00e7iril\u0259n \u0259m\u0259liyyat zaman\u0131 \u0130\u015e\u0130D terror t\u0259\u015fkilat\u0131n\u0131n n\u00fcfuzlu \u015f\u0259xsi saxlan\u0131l\u0131b. Bu bar\u0259d\u0259 T\u00fcrkiy\u0259nin Milli K\u0259\u015ffiyyat T\u0259\u015fkilat\u0131 x\u0259b\u0259r verib. Bildirilir ki, \u015f\u00fcbh\u0259li kod ad\u0131 \u201c\u018fbu Huzeyf\u0259\u201d olan M.M.B.-dir. O, 2014-18-ci ill\u0259rd\u0259 Tel Abyad, M\u0259nbi\u00e7 v\u0259 Rakkada qaz\u0131 (hakim) v\u0259zif\u0259sini yerin\u0259 yetirib. \u0130stanbul Polis \u0130dar\u0259si Terrorla M\u00fcbariz\u0259 \u015e\u00f6b\u0259sinin \u0259m\u0259kda\u015flar\u0131 k\u0259\u015ffiyyat m\u0259lumatlar\u0131na \u0259sas\u0259n onun \u0130stanbulda oldu\u011funu \u00f6yr\u0259nib v\u0259&hellip;","_links":{"self":[{"href":"https:\/\/arantv.az\/index.php?rest_route=\/wp\/v2\/posts\/571151"}],"collection":[{"href":"https:\/\/arantv.az\/index.php?rest_route=\/wp\/v2\/posts"}],"about":[{"href":"https:\/\/arantv.az\/index.php?rest_route=\/wp\/v2\/types\/post"}],"author":[{"embeddable":true,"href":"https:\/\/arantv.az\/index.php?rest_route=\/wp\/v2\/users\/2"}],"replies":[{"embeddable":true,"href":"https:\/\/arantv.az\/index.php?rest_route=%2Fwp%2Fv2%2Fcomments&post=571151"}],"version-history":[{"count":0,"href":"https:\/\/arantv.az\/index.php?rest_route=\/wp\/v2\/posts\/571151\/revisions"}],"wp:featuredmedia":[{"embeddable":true,"href":"https:\/\/arantv.az\/index.php?rest_route=\/wp\/v2\/media\/571152"}],"wp:attachment":[{"href":"https:\/\/arantv.az\/index.php?rest_route=%2Fwp%2Fv2%2Fmedia&parent=571151"}],"wp:term":[{"taxonomy":"category","embeddable":true,"href":"https:\/\/arantv.az\/index.php?rest_route=%2Fwp%2Fv2%2Fcategories&post=571151"},{"taxonomy":"post_tag","embeddable":true,"href":"https:\/\/arantv.az\/index.php?rest_route=%2Fwp%2Fv2%2Ftags&post=571151"}],"curies":[{"name":"wp","href":"https:\/\/api.w.org\/{rel}","templated":true}]}}