{"id":571166,"date":"2023-03-01T14:19:21","date_gmt":"2023-03-01T11:19:21","guid":{"rendered":"https:\/\/arantv.az\/?p=571166"},"modified":"2023-03-01T14:19:21","modified_gmt":"2023-03-01T11:19:21","slug":"%c9%99rdogan-prezident-seckil%c9%99ri-bar%c9%99d%c9%99-bu-mill%c9%99t-mayin-14-d%c9%99-lazim-olani-ed%c9%99c%c9%99k","status":"publish","type":"post","link":"https:\/\/arantv.az\/?p=571166","title":{"rendered":"\u018frdo\u011fan prezident se\u00e7kil\u0259ri bar\u0259d\u0259: \u201cBu mill\u0259t may\u0131n 14-d\u0259 laz\u0131m olan\u0131 ed\u0259c\u0259k\u201d"},"content":{"rendered":"<p>T\u00fcrkiy\u0259 Prezidenti R\u0259c\u0259b Tayyib \u018frdo\u011fan qar\u015f\u0131dan g\u0259l\u0259n prezident se\u00e7kil\u0259ri il\u0259 ba\u011fl\u0131 dan\u0131\u015f\u0131b.<\/p>\n<div class=\"AdviadNativeVideo\"><\/div>\n<p>\u018frdo\u011fan \u018fdal\u0259t v\u0259 \u0130nki\u015faf\u00a0Partiyas\u0131n\u0131n T\u00fcrkiy\u0259 B\u00f6y\u00fck Mill\u0259t M\u0259clisind\u0259ki qrup toplant\u0131s\u0131 zaman\u0131 se\u00e7kil\u0259rin t\u0259xir\u0259 sal\u0131n\u0131b-sal\u0131nmayaca\u011f\u0131 il\u0259 ba\u011fl\u0131 m\u0259lumat verib.<\/p>\n<p>\u201cOnu yax\u015f\u0131 bilin ki, bu mill\u0259t may\u0131n 14-d\u0259 laz\u0131m olan\u0131 ed\u0259c\u0259k\u201d, &#8211; dey\u0259 o \u00e7\u0131x\u0131\u015f\u0131nda qeyd edib.<\/p>\n<p>M\u0259nb\u0259: TRT Haber<\/p>\n","protected":false},"excerpt":{"rendered":"<p>T\u00fcrkiy\u0259 Prezidenti R\u0259c\u0259b Tayyib \u018frdo\u011fan qar\u015f\u0131dan g\u0259l\u0259n prezident se\u00e7kil\u0259ri il\u0259 ba\u011fl\u0131 dan\u0131\u015f\u0131b. \u018frdo\u011fan \u018fdal\u0259t v\u0259 \u0130nki\u015faf\u00a0Partiyas\u0131n\u0131n T\u00fcrkiy\u0259 B\u00f6y\u00fck Mill\u0259t M\u0259clisind\u0259ki qrup toplant\u0131s\u0131 zaman\u0131 se\u00e7kil\u0259rin t\u0259xir\u0259 sal\u0131n\u0131b-sal\u0131nmayaca\u011f\u0131 il\u0259 ba\u011fl\u0131 m\u0259lumat verib. \u201cOnu yax\u015f\u0131 bilin ki, bu mill\u0259t may\u0131n 14-d\u0259 laz\u0131m olan\u0131 ed\u0259c\u0259k\u201d, &#8211; dey\u0259 o \u00e7\u0131x\u0131\u015f\u0131nda qeyd edib. M\u0259nb\u0259: TRT Haber<\/p>\n","protected":false},"author":2,"featured_media":571167,"comment_status":"closed","ping_status":"closed","sticky":false,"template":"","format":"standard","meta":{"om_disable_all_campaigns":false,"_monsterinsights_skip_tracking":false,"_monsterinsights_sitenote_active":false,"_monsterinsights_sitenote_note":"","_monsterinsights_sitenote_category":0},"categories":[7],"tags":[],"aioseo_notices":[],"gutentor_comment":0,"rttpg_featured_image_url":{"full":["https:\/\/arantv.az\/wp-content\/uploads\/2023\/03\/FotoJet-2023-03-01T150757.709.jpg",620,413,false],"landscape":["https:\/\/arantv.az\/wp-content\/uploads\/2023\/03\/FotoJet-2023-03-01T150757.709.jpg",620,413,false],"portraits":["https:\/\/arantv.az\/wp-content\/uploads\/2023\/03\/FotoJet-2023-03-01T150757.709.jpg",620,413,false],"thumbnail":["https:\/\/arantv.az\/wp-content\/uploads\/2023\/03\/FotoJet-2023-03-01T150757.709-500x280.jpg",500,280,true],"medium":["https:\/\/arantv.az\/wp-content\/uploads\/2023\/03\/FotoJet-2023-03-01T150757.709-548x365.jpg",548,365,true],"large":["https:\/\/arantv.az\/wp-content\/uploads\/2023\/03\/FotoJet-2023-03-01T150757.709.jpg",620,413,false],"1536x1536":["https:\/\/arantv.az\/wp-content\/uploads\/2023\/03\/FotoJet-2023-03-01T150757.709.jpg",620,413,false],"2048x2048":["https:\/\/arantv.az\/wp-content\/uploads\/2023\/03\/FotoJet-2023-03-01T150757.709.jpg",620,413,false],"post-thumbnail":["https:\/\/arantv.az\/wp-content\/uploads\/2023\/03\/FotoJet-2023-03-01T150757.709-240x172.jpg",240,172,true],"advps-thumb-one":["https:\/\/arantv.az\/wp-content\/uploads\/2023\/03\/FotoJet-2023-03-01T150757.709.jpg",620,413,false]},"rttpg_author":{"display_name":"V\u00fcsal Rafiqo\u011flu","author_link":"https:\/\/arantv.az\/?author=2"},"rttpg_comment":0,"rttpg_category":"<a href=\"https:\/\/arantv.az\/?cat=7\" rel=\"category\">D\u00fcnya<\/a>","rttpg_excerpt":"T\u00fcrkiy\u0259 Prezidenti R\u0259c\u0259b Tayyib \u018frdo\u011fan qar\u015f\u0131dan g\u0259l\u0259n prezident se\u00e7kil\u0259ri il\u0259 ba\u011fl\u0131 dan\u0131\u015f\u0131b. \u018frdo\u011fan \u018fdal\u0259t v\u0259 \u0130nki\u015faf\u00a0Partiyas\u0131n\u0131n T\u00fcrkiy\u0259 B\u00f6y\u00fck Mill\u0259t M\u0259clisind\u0259ki qrup toplant\u0131s\u0131 zaman\u0131 se\u00e7kil\u0259rin t\u0259xir\u0259 sal\u0131n\u0131b-sal\u0131nmayaca\u011f\u0131 il\u0259 ba\u011fl\u0131 m\u0259lumat verib. \u201cOnu yax\u015f\u0131 bilin ki, bu mill\u0259t may\u0131n 14-d\u0259 laz\u0131m olan\u0131 ed\u0259c\u0259k\u201d, &#8211; dey\u0259 o \u00e7\u0131x\u0131\u015f\u0131nda qeyd edib. M\u0259nb\u0259: TRT Haber","_links":{"self":[{"href":"https:\/\/arantv.az\/index.php?rest_route=\/wp\/v2\/posts\/571166"}],"collection":[{"href":"https:\/\/arantv.az\/index.php?rest_route=\/wp\/v2\/posts"}],"about":[{"href":"https:\/\/arantv.az\/index.php?rest_route=\/wp\/v2\/types\/post"}],"author":[{"embeddable":true,"href":"https:\/\/arantv.az\/index.php?rest_route=\/wp\/v2\/users\/2"}],"replies":[{"embeddable":true,"href":"https:\/\/arantv.az\/index.php?rest_route=%2Fwp%2Fv2%2Fcomments&post=571166"}],"version-history":[{"count":0,"href":"https:\/\/arantv.az\/index.php?rest_route=\/wp\/v2\/posts\/571166\/revisions"}],"wp:featuredmedia":[{"embeddable":true,"href":"https:\/\/arantv.az\/index.php?rest_route=\/wp\/v2\/media\/571167"}],"wp:attachment":[{"href":"https:\/\/arantv.az\/index.php?rest_route=%2Fwp%2Fv2%2Fmedia&parent=571166"}],"wp:term":[{"taxonomy":"category","embeddable":true,"href":"https:\/\/arantv.az\/index.php?rest_route=%2Fwp%2Fv2%2Fcategories&post=571166"},{"taxonomy":"post_tag","embeddable":true,"href":"https:\/\/arantv.az\/index.php?rest_route=%2Fwp%2Fv2%2Ftags&post=571166"}],"curies":[{"name":"wp","href":"https:\/\/api.w.org\/{rel}","templated":true}]}}