{"id":57140,"date":"2019-05-11T16:19:02","date_gmt":"2019-05-11T13:19:02","guid":{"rendered":"http:\/\/arantv.az\/?p=57140"},"modified":"2019-05-11T16:19:02","modified_gmt":"2019-05-11T13:19:02","slug":"xosb%c9%99xt-yusifzad%c9%99-10-15-il-az%c9%99rbaycanda-olmayan-adam-g%c9%99lib-gors%c9%99-tanimaz","status":"publish","type":"post","link":"https:\/\/arantv.az\/?p=57140","title":{"rendered":"Xo\u015fb\u0259xt Yusifzad\u0259: &#8220;10-15 il Az\u0259rbaycanda olmayan adam g\u0259lib g\u00f6rs\u0259 tan\u0131maz&#8221;"},"content":{"rendered":"<blockquote><p><em><strong>Bu g\u00fcn Az\u0259rbaycan\u0131n nailiyy\u0259tl\u0259rini saymaqla qurtarmaq olmaz. Nec\u0259 dey\u0259rl\u0259r, 10-15 il Az\u0259rbaycanda olmayan adam g\u0259lib g\u00f6rs\u0259 tan\u0131maz. T\u0259kc\u0259 Bak\u0131 deyil, b\u00fct\u00fcn rayonlar m\u00fcasirl\u0259\u015fib.<\/strong><\/em><\/p><\/blockquote>\n<p><strong>ARANTV.AZ<\/strong>\u00a0\u00a0<a href=\"http:\/\/az.trend.az\/\" target=\"_blank\" rel=\"noopener\"><span style=\"color: #000000;\">Trend<\/span><\/a>-\u0259 istinad\u0259n bildirir ki, bunu D\u00f6vl\u0259t Neft \u015eirk\u0259tinin birinci vitse-prezidenti, akademik Xo\u015fb\u0259xt Yusifzad\u0259 Az\u0259rbaycan xalq\u0131n\u0131n \u00dcmummilli lideri Heyd\u0259r \u018fliyevin anadan olmas\u0131n\u0131n 96-c\u0131 ild\u00f6n\u00fcm\u00fcn\u0259 v\u0259 Heyd\u0259r \u018fliyev Fondunun yarad\u0131lmas\u0131n\u0131n 15 illiyin\u0259 h\u0259sr olunmu\u015f t\u0259nt\u0259n\u0259li m\u0259rasimd\u0259 \u00e7\u0131x\u0131\u015f\u0131 zaman\u0131 deyib.<\/p>\n<p>X.Yusifzad\u0259 bildirib: &#8220;Ham\u0131n\u0131z bilirsiniz ki, Ulu \u00d6nd\u0259r yenid\u0259n hakimiyy\u0259t\u0259 g\u0259l\u0259nd\u0259 respublikada iqtisadi v\u0259ziyy\u0259t \u00e7ox a\u011f\u0131r idi v\u0259 onu tez bir zamanda d\u00fcz\u0259ltm\u0259k m\u00fcmk\u00fcn deyildi. Ancaq c\u0259nab Heyd\u0259r \u018fliyev bilirdi ki, Az\u0259rbaycan\u0131n iqtisadi v\u0259ziyy\u0259tini yax\u015f\u0131la\u015fd\u0131rmaq \u00fc\u00e7\u00fcn neft s\u0259nayesini inki\u015faf etdirm\u0259k laz\u0131md\u0131r. Odur ki, b\u00fct\u00fcn g\u00fcc\u00fcn\u00fc neft s\u0259nayesin\u0259 y\u00f6n\u0259ltdi. Prezident \u0130lham \u018fliyev burada &#8220;\u018fsrin m\u00fcqavil\u0259si&#8221;nd\u0259n dan\u0131\u015fd\u0131. Bu il &#8220;\u018fsrin m\u00fcqavil\u0259si&#8221;nin 25 ili tamam olacaq. Bu m\u00fcqavil\u0259 he\u00e7 d\u0259 asan ba\u015fa g\u0259lm\u0259yib, 1994-c\u00fc ild\u0259 biz ay yar\u0131m Hyustonda olduq, m\u00fcqavil\u0259y\u0259 ist\u0259yimiz\u0259 uy\u011fun qol \u00e7\u0259kdirm\u0259k \u00fc\u00e7\u00fcn \u00e7ox \u0259zablar \u00e7\u0259kdik. Bu m\u00fcqavil\u0259 h\u0259qiq\u0259t\u0259n Heyd\u0259r \u018fliyevin \u015fah \u0259s\u0259ridir. Bu m\u00fcqavil\u0259 il\u0259 ba\u011fl\u0131 \u00fc\u00e7 m\u0259qam\u0131 qeyd etm\u0259k ist\u0259yir\u0259m. Birincisi odur ki, bu m\u00fcqavil\u0259 imzalanandan sonra b\u00fct\u00fcn d\u00f6vl\u0259tl\u0259r, b\u00fct\u00fcn \u015firk\u0259tl\u0259r ba\u015fa d\u00fc\u015fd\u00fcl\u0259r ki, Az\u0259rbaycan sabit \u00f6lk\u0259dir, burada i\u015fl\u0259m\u0259k olar. He\u00e7 d\u0259 t\u0259sad\u00fcfi deyil ki, bundan sonra 34 m\u00fcqavil\u0259 d\u0259 imzaland\u0131. \u0130kincisi, &#8220;\u018fsrin m\u00fcqavil\u0259&#8221;sinin \u0259n b\u00f6y\u00fck \u0259h\u0259miyy\u0259ti o oldu ki, 1997-ci ild\u0259 Az\u0259rbaycanda neft hasilat\u0131n\u0131n s\u0259viyy\u0259si 9 milyon tona, 2010-cu ild\u0259 is\u0259 51 milyon tona \u00e7atd\u0131. M\u0259n onu dem\u0259k ist\u0259yir\u0259m ki, b\u00fct\u00fcn bunlar\u0131n ham\u0131s\u0131 Heyd\u0259r \u018fliyevin xidm\u0259tl\u0259rinin n\u0259tic\u0259sidir. Bu g\u00fcn\u0259 q\u0259d\u0259r &#8220;Az\u0259ri-\u00c7\u0131raq-G\u00fcn\u0259\u015fli&#8221; yata\u011f\u0131ndan 481 milyon ton neft hasil olunub ki, bunun da 279 milyon tonu m\u0259nf\u0259\u0259t neftidir. H\u0259min o m\u0259nf\u0259\u0259t neftidir ki, Az\u0259rbaycan\u0131n bug\u00fcnk\u00fc inki\u015faf\u0131n\u0131 t\u0259min edib.<\/p>\n<p>Ulu \u00d6nd\u0259rin ikinci \u015fah \u0259s\u0259ri Bak\u0131-Tbilisi-Ceyhan neft k\u0259m\u0259ri oldu. M\u0259n r\u0259q\u0259ml\u0259r s\u00f6yl\u0259m\u0259k ist\u0259yir\u0259m, Az\u0259rbaycandan xaric\u0259 n\u0259ql olunan 503 milyon ton neftin 383 milyon tonu Bak\u0131-Tbilisi-Ceyhan k\u0259m\u0259ri il\u0259 da\u015f\u0131n\u0131b. \u018fg\u0259r bu k\u0259m\u0259r olmasayd\u0131, bu neft xaric\u0259 nec\u0259 \u00e7\u0131xar\u0131la bil\u0259rdi?<\/p>\n<p>&#8220;\u015eahd\u0259niz&#8221; Heyd\u0259r \u018fliyevin \u00fc\u00e7\u00fcnc\u00fc b\u00f6y\u00fck \u0259s\u0259ridir. &#8220;\u015eahd\u0259niz&#8221;\u0259 d\u0259 mane olanlar var idi. Amma c\u0259nab Heyd\u0259r \u018fliyevin r\u0259hb\u0259rliyi il\u0259 bu layih\u0259 d\u0259 h\u0259yata ke\u00e7di. \u0130ndi onun b\u0259hr\u0259sini biz h\u0259r yerd\u0259 g\u00f6r\u00fcr\u00fck&#8221;.<\/p>\n<div id=\"AdviadNativeVideo0\" class=\"AdviadNativeVideo\"><\/div>\n<p>Akademik vur\u011fulay\u0131b ki, dahi Heyd\u0259r \u018fliyevin yolunu indi Prezident \u0130lham \u018fliyev davam etdirir:<\/p>\n<p>&#8220;Heyd\u0259r \u018fliyev c\u0259nablar\u0131n\u0131n \u0259sas\u0131n\u0131 qoydu\u011fu strategiyan\u0131 c\u0259nab \u0130lham \u018fliyev \u00e7ox u\u011furla davam etdirir. Bu g\u00fcn Az\u0259rbaycan\u0131n nailiyy\u0259tl\u0259rini saymaqla qurtarmaq olmaz. Nec\u0259 dey\u0259rl\u0259r, 10-15 il Az\u0259rbaycanda olmayan adam g\u0259lib g\u00f6rs\u0259 tan\u0131maz. T\u0259kc\u0259 Bak\u0131 deyil, b\u00fct\u00fcn rayonlar m\u00fcasirl\u0259\u015fib. N\u0259 q\u0259d\u0259r yollar \u00e7\u0259kilib, n\u0259 q\u0259d\u0259r m\u0259kt\u0259bl\u0259r, n\u0259 q\u0259d\u0259r tibb m\u00fc\u0259ssis\u0259l\u0259ri tikilib. Q\u0131sa bir vaxtda bu q\u0259d\u0259r i\u015fin g\u00f6r\u00fclm\u0259si do\u011frudan da b\u00f6y\u00fck nailiyy\u0259tdir. El\u0259 neft s\u0259nayesinin \u00f6z\u00fc d\u0259 \u00e7ox inki\u015faf edib. C\u0259nub Qaz D\u0259hlizi, TANAP, STAR neft emal\u0131 zavodu, Sumqay\u0131tda yeni zavodlar neft s\u0259nayesind\u0259 \u0259ld\u0259 olunan nailiyy\u0259tl\u0259rdir. Bunlar\u0131n ham\u0131s\u0131 \u0130lham \u018fliyevin r\u0259hb\u0259rliyi il\u0259 h\u0259yata ke\u00e7irilib. C\u0259nab \u0130lham \u018fliyev neft s\u0259nayesinin \u00e7\u0259tinlikl\u0259rini \u00e7ox yax\u015f\u0131 bilir, \u00e7\u00fcnki 10 il biziml\u0259 \u00e7iyin-\u00e7iyin\u0259 \u00e7al\u0131\u015f\u0131b. Buna g\u00f6r\u0259 d\u0259 o, neft\u00e7il\u0259r\u0259 h\u0259mi\u015f\u0259 diqq\u0259t v\u0259 qay\u011f\u0131 il\u0259 yana\u015f\u0131r. Allah onun \u00f6mr\u00fcn\u00fc uzun, can\u0131n\u0131 sa\u011f el\u0259sin, el\u0259 el\u0259sin ki, Az\u0259rbaycan daha da ir\u0259li getsin&#8221;.<\/p>\n","protected":false},"excerpt":{"rendered":"<p>Bu g\u00fcn Az\u0259rbaycan\u0131n nailiyy\u0259tl\u0259rini saymaqla qurtarmaq olmaz. Nec\u0259 dey\u0259rl\u0259r, 10-15 il Az\u0259rbaycanda olmayan adam g\u0259lib g\u00f6rs\u0259 tan\u0131maz. T\u0259kc\u0259 Bak\u0131 deyil, b\u00fct\u00fcn rayonlar m\u00fcasirl\u0259\u015fib. ARANTV.AZ\u00a0\u00a0Trend-\u0259 istinad\u0259n bildirir ki, bunu D\u00f6vl\u0259t Neft \u015eirk\u0259tinin birinci vitse-prezidenti, akademik Xo\u015fb\u0259xt Yusifzad\u0259 Az\u0259rbaycan xalq\u0131n\u0131n \u00dcmummilli lideri Heyd\u0259r \u018fliyevin anadan olmas\u0131n\u0131n 96-c\u0131 ild\u00f6n\u00fcm\u00fcn\u0259 v\u0259 Heyd\u0259r \u018fliyev Fondunun yarad\u0131lmas\u0131n\u0131n 15 illiyin\u0259 h\u0259sr olunmu\u015f t\u0259nt\u0259n\u0259li m\u0259rasimd\u0259 \u00e7\u0131x\u0131\u015f\u0131 zaman\u0131 deyib. X.Yusifzad\u0259 bildirib: &#8220;Ham\u0131n\u0131z bilirsiniz ki, Ulu \u00d6nd\u0259r yenid\u0259n hakimiyy\u0259t\u0259 g\u0259l\u0259nd\u0259 respublikada iqtisadi v\u0259ziyy\u0259t \u00e7ox a\u011f\u0131r idi v\u0259 onu tez bir zamanda d\u00fcz\u0259ltm\u0259k m\u00fcmk\u00fcn deyildi. Ancaq c\u0259nab Heyd\u0259r \u018fliyev bilirdi ki,&hellip;<\/p>\n","protected":false},"author":2,"featured_media":57141,"comment_status":"closed","ping_status":"closed","sticky":false,"template":"","format":"standard","meta":{"om_disable_all_campaigns":false,"_monsterinsights_skip_tracking":false,"_monsterinsights_sitenote_active":false,"_monsterinsights_sitenote_note":"","_monsterinsights_sitenote_category":0},"categories":[1],"tags":[],"aioseo_notices":[],"gutentor_comment":0,"rttpg_featured_image_url":{"full":["https:\/\/arantv.az\/wp-content\/uploads\/2019\/05\/xosbext_yusifzade_004.jpg",800,600,false],"landscape":["https:\/\/arantv.az\/wp-content\/uploads\/2019\/05\/xosbext_yusifzade_004.jpg",800,600,false],"portraits":["https:\/\/arantv.az\/wp-content\/uploads\/2019\/05\/xosbext_yusifzade_004.jpg",800,600,false],"thumbnail":["https:\/\/arantv.az\/wp-content\/uploads\/2019\/05\/xosbext_yusifzade_004-150x150.jpg",150,150,true],"medium":["https:\/\/arantv.az\/wp-content\/uploads\/2019\/05\/xosbext_yusifzade_004-300x225.jpg",300,225,true],"large":["https:\/\/arantv.az\/wp-content\/uploads\/2019\/05\/xosbext_yusifzade_004.jpg",640,480,false],"1536x1536":["https:\/\/arantv.az\/wp-content\/uploads\/2019\/05\/xosbext_yusifzade_004.jpg",800,600,false],"2048x2048":["https:\/\/arantv.az\/wp-content\/uploads\/2019\/05\/xosbext_yusifzade_004.jpg",800,600,false],"post-thumbnail":["https:\/\/arantv.az\/wp-content\/uploads\/2019\/05\/xosbext_yusifzade_004-240x172.jpg",240,172,true],"advps-thumb-one":["https:\/\/arantv.az\/wp-content\/uploads\/2019\/05\/xosbext_yusifzade_004.jpg",800,600,false]},"rttpg_author":{"display_name":"V\u00fcsal Rafiqo\u011flu","author_link":"https:\/\/arantv.az\/?author=2"},"rttpg_comment":0,"rttpg_category":"<a href=\"https:\/\/arantv.az\/?cat=1\" rel=\"category\">C\u0259miyy\u0259t<\/a>","rttpg_excerpt":"Bu g\u00fcn Az\u0259rbaycan\u0131n nailiyy\u0259tl\u0259rini saymaqla qurtarmaq olmaz. Nec\u0259 dey\u0259rl\u0259r, 10-15 il Az\u0259rbaycanda olmayan adam g\u0259lib g\u00f6rs\u0259 tan\u0131maz. T\u0259kc\u0259 Bak\u0131 deyil, b\u00fct\u00fcn rayonlar m\u00fcasirl\u0259\u015fib. ARANTV.AZ\u00a0\u00a0Trend-\u0259 istinad\u0259n bildirir ki, bunu D\u00f6vl\u0259t Neft \u015eirk\u0259tinin birinci vitse-prezidenti, akademik Xo\u015fb\u0259xt Yusifzad\u0259 Az\u0259rbaycan xalq\u0131n\u0131n \u00dcmummilli lideri Heyd\u0259r \u018fliyevin anadan olmas\u0131n\u0131n 96-c\u0131 ild\u00f6n\u00fcm\u00fcn\u0259 v\u0259 Heyd\u0259r \u018fliyev Fondunun yarad\u0131lmas\u0131n\u0131n 15 illiyin\u0259 h\u0259sr olunmu\u015f&hellip;","_links":{"self":[{"href":"https:\/\/arantv.az\/index.php?rest_route=\/wp\/v2\/posts\/57140"}],"collection":[{"href":"https:\/\/arantv.az\/index.php?rest_route=\/wp\/v2\/posts"}],"about":[{"href":"https:\/\/arantv.az\/index.php?rest_route=\/wp\/v2\/types\/post"}],"author":[{"embeddable":true,"href":"https:\/\/arantv.az\/index.php?rest_route=\/wp\/v2\/users\/2"}],"replies":[{"embeddable":true,"href":"https:\/\/arantv.az\/index.php?rest_route=%2Fwp%2Fv2%2Fcomments&post=57140"}],"version-history":[{"count":0,"href":"https:\/\/arantv.az\/index.php?rest_route=\/wp\/v2\/posts\/57140\/revisions"}],"wp:featuredmedia":[{"embeddable":true,"href":"https:\/\/arantv.az\/index.php?rest_route=\/wp\/v2\/media\/57141"}],"wp:attachment":[{"href":"https:\/\/arantv.az\/index.php?rest_route=%2Fwp%2Fv2%2Fmedia&parent=57140"}],"wp:term":[{"taxonomy":"category","embeddable":true,"href":"https:\/\/arantv.az\/index.php?rest_route=%2Fwp%2Fv2%2Fcategories&post=57140"},{"taxonomy":"post_tag","embeddable":true,"href":"https:\/\/arantv.az\/index.php?rest_route=%2Fwp%2Fv2%2Ftags&post=57140"}],"curies":[{"name":"wp","href":"https:\/\/api.w.org\/{rel}","templated":true}]}}