{"id":571515,"date":"2023-03-02T09:53:26","date_gmt":"2023-03-02T06:53:26","guid":{"rendered":"https:\/\/arantv.az\/?p=571515"},"modified":"2023-03-02T09:53:26","modified_gmt":"2023-03-02T06:53:26","slug":"prezident-pandemiya-il%c9%99-mubariz%c9%99d%c9%99-liderlik-qosulmama-h%c9%99r%c9%99katinin-nufuzunu-gost%c9%99rdi","status":"publish","type":"post","link":"https:\/\/arantv.az\/?p=571515","title":{"rendered":"Prezident: \u201cPandemiya il\u0259 m\u00fcbariz\u0259d\u0259 liderlik Qo\u015fulmama H\u0259r\u0259kat\u0131n\u0131n n\u00fcfuzunu g\u00f6st\u0259rdi\u201d"},"content":{"rendered":"<p>\u201cQo\u015fulmama H\u0259r\u0259kat\u0131n\u0131n pandemiya il\u0259 m\u00fcbariz\u0259 \u00fc\u00e7\u00fcn qlobal s\u0259yl\u0259rin s\u0259f\u0259rb\u0259r olunmas\u0131nda liderliyi H\u0259r\u0259kat\u0131n n\u00fcfuzunu v\u0259 m\u0259suliyy\u0259tini bir daha n\u00fcmayi\u015f etdirdi\u201d.<\/p>\n<p><a href=\"https:\/\/azertag.az\/xeber\/Prezident_Pandemiya_ile_mubarizede_qlobal_seylerin_seferber_olunmasinda_liderlik_Qosulmama_Herekatinin_nufuzunu_gosterdi-2513351\" target=\"_blank\" rel=\"noopener\">AZ\u018fRTAC<\/a>\u00a0x\u0259b\u0259r verir ki, bu s\u00f6zl\u0259ri mart\u0131n 2-d\u0259 Az\u0259rbaycan Prezidenti\u00a0<strong>\u0130lham \u018fliyev<\/strong>\u00a0Qo\u015fulmama H\u0259r\u0259kat\u0131n\u0131n COVID-19-a qar\u015f\u0131 m\u00fcbariz\u0259 \u00fczr\u0259 T\u0259mas Qrupunun Bak\u0131da ke\u00e7iril\u0259n Zirv\u0259 g\u00f6r\u00fc\u015f\u00fcnd\u0259 \u00e7\u0131x\u0131\u015f\u0131nda bildirib.<\/p>\n<p>\u201cAz\u0259rbaycan \u0259ks\u0259riyy\u0259ti bizim Qo\u015fulmama H\u0259r\u0259kat\u0131 ail\u0259sinin \u00fczvl\u0259ri olan 80-d\u0259n \u00e7ox \u00f6lk\u0259y\u0259 koronavirusla ba\u011fl\u0131 ya ikit\u0259r\u0259fli kanallar, ya da \u00dcmumd\u00fcnya S\u0259hiyy\u0259 T\u0259\u015fkilat\u0131 vasit\u0259sil\u0259 maliyy\u0259 v\u0259 humanitar yard\u0131m g\u00f6st\u0259rib\u201d, &#8211; dey\u0259 d\u00f6vl\u0259timizin ba\u015f\u00e7\u0131s\u0131 qeyd edib.<\/p>\n","protected":false},"excerpt":{"rendered":"<p>\u201cQo\u015fulmama H\u0259r\u0259kat\u0131n\u0131n pandemiya il\u0259 m\u00fcbariz\u0259 \u00fc\u00e7\u00fcn qlobal s\u0259yl\u0259rin s\u0259f\u0259rb\u0259r olunmas\u0131nda liderliyi H\u0259r\u0259kat\u0131n n\u00fcfuzunu v\u0259 m\u0259suliyy\u0259tini bir daha n\u00fcmayi\u015f etdirdi\u201d. AZ\u018fRTAC\u00a0x\u0259b\u0259r verir ki, bu s\u00f6zl\u0259ri mart\u0131n 2-d\u0259 Az\u0259rbaycan Prezidenti\u00a0\u0130lham \u018fliyev\u00a0Qo\u015fulmama H\u0259r\u0259kat\u0131n\u0131n COVID-19-a qar\u015f\u0131 m\u00fcbariz\u0259 \u00fczr\u0259 T\u0259mas Qrupunun Bak\u0131da ke\u00e7iril\u0259n Zirv\u0259 g\u00f6r\u00fc\u015f\u00fcnd\u0259 \u00e7\u0131x\u0131\u015f\u0131nda bildirib. \u201cAz\u0259rbaycan \u0259ks\u0259riyy\u0259ti bizim Qo\u015fulmama H\u0259r\u0259kat\u0131 ail\u0259sinin \u00fczvl\u0259ri olan 80-d\u0259n \u00e7ox \u00f6lk\u0259y\u0259 koronavirusla ba\u011fl\u0131 ya ikit\u0259r\u0259fli kanallar, ya da \u00dcmumd\u00fcnya S\u0259hiyy\u0259 T\u0259\u015fkilat\u0131 vasit\u0259sil\u0259 maliyy\u0259 v\u0259 humanitar yard\u0131m g\u00f6st\u0259rib\u201d, &#8211; dey\u0259 d\u00f6vl\u0259timizin ba\u015f\u00e7\u0131s\u0131 qeyd edib.<\/p>\n","protected":false},"author":2,"featured_media":571516,"comment_status":"closed","ping_status":"closed","sticky":false,"template":"","format":"standard","meta":{"om_disable_all_campaigns":false,"_monsterinsights_skip_tracking":false,"_monsterinsights_sitenote_active":false,"_monsterinsights_sitenote_note":"","_monsterinsights_sitenote_category":0},"categories":[4],"tags":[],"aioseo_notices":[],"gutentor_comment":0,"rttpg_featured_image_url":{"full":["https:\/\/arantv.az\/wp-content\/uploads\/2023\/03\/16777395925510311026_1200x630.jpg",620,413,false],"landscape":["https:\/\/arantv.az\/wp-content\/uploads\/2023\/03\/16777395925510311026_1200x630.jpg",620,413,false],"portraits":["https:\/\/arantv.az\/wp-content\/uploads\/2023\/03\/16777395925510311026_1200x630.jpg",620,413,false],"thumbnail":["https:\/\/arantv.az\/wp-content\/uploads\/2023\/03\/16777395925510311026_1200x630-500x280.jpg",500,280,true],"medium":["https:\/\/arantv.az\/wp-content\/uploads\/2023\/03\/16777395925510311026_1200x630-548x365.jpg",548,365,true],"large":["https:\/\/arantv.az\/wp-content\/uploads\/2023\/03\/16777395925510311026_1200x630.jpg",620,413,false],"1536x1536":["https:\/\/arantv.az\/wp-content\/uploads\/2023\/03\/16777395925510311026_1200x630.jpg",620,413,false],"2048x2048":["https:\/\/arantv.az\/wp-content\/uploads\/2023\/03\/16777395925510311026_1200x630.jpg",620,413,false],"post-thumbnail":["https:\/\/arantv.az\/wp-content\/uploads\/2023\/03\/16777395925510311026_1200x630-240x172.jpg",240,172,true],"advps-thumb-one":["https:\/\/arantv.az\/wp-content\/uploads\/2023\/03\/16777395925510311026_1200x630.jpg",620,413,false]},"rttpg_author":{"display_name":"V\u00fcsal Rafiqo\u011flu","author_link":"https:\/\/arantv.az\/?author=2"},"rttpg_comment":0,"rttpg_category":"<a href=\"https:\/\/arantv.az\/?cat=4\" rel=\"category\">Siyas\u0259t<\/a>","rttpg_excerpt":"\u201cQo\u015fulmama H\u0259r\u0259kat\u0131n\u0131n pandemiya il\u0259 m\u00fcbariz\u0259 \u00fc\u00e7\u00fcn qlobal s\u0259yl\u0259rin s\u0259f\u0259rb\u0259r olunmas\u0131nda liderliyi H\u0259r\u0259kat\u0131n n\u00fcfuzunu v\u0259 m\u0259suliyy\u0259tini bir daha n\u00fcmayi\u015f etdirdi\u201d. AZ\u018fRTAC\u00a0x\u0259b\u0259r verir ki, bu s\u00f6zl\u0259ri mart\u0131n 2-d\u0259 Az\u0259rbaycan Prezidenti\u00a0\u0130lham \u018fliyev\u00a0Qo\u015fulmama H\u0259r\u0259kat\u0131n\u0131n COVID-19-a qar\u015f\u0131 m\u00fcbariz\u0259 \u00fczr\u0259 T\u0259mas Qrupunun Bak\u0131da ke\u00e7iril\u0259n Zirv\u0259 g\u00f6r\u00fc\u015f\u00fcnd\u0259 \u00e7\u0131x\u0131\u015f\u0131nda bildirib. \u201cAz\u0259rbaycan \u0259ks\u0259riyy\u0259ti bizim Qo\u015fulmama H\u0259r\u0259kat\u0131 ail\u0259sinin \u00fczvl\u0259ri olan 80-d\u0259n \u00e7ox \u00f6lk\u0259y\u0259 koronavirusla ba\u011fl\u0131&hellip;","_links":{"self":[{"href":"https:\/\/arantv.az\/index.php?rest_route=\/wp\/v2\/posts\/571515"}],"collection":[{"href":"https:\/\/arantv.az\/index.php?rest_route=\/wp\/v2\/posts"}],"about":[{"href":"https:\/\/arantv.az\/index.php?rest_route=\/wp\/v2\/types\/post"}],"author":[{"embeddable":true,"href":"https:\/\/arantv.az\/index.php?rest_route=\/wp\/v2\/users\/2"}],"replies":[{"embeddable":true,"href":"https:\/\/arantv.az\/index.php?rest_route=%2Fwp%2Fv2%2Fcomments&post=571515"}],"version-history":[{"count":0,"href":"https:\/\/arantv.az\/index.php?rest_route=\/wp\/v2\/posts\/571515\/revisions"}],"wp:featuredmedia":[{"embeddable":true,"href":"https:\/\/arantv.az\/index.php?rest_route=\/wp\/v2\/media\/571516"}],"wp:attachment":[{"href":"https:\/\/arantv.az\/index.php?rest_route=%2Fwp%2Fv2%2Fmedia&parent=571515"}],"wp:term":[{"taxonomy":"category","embeddable":true,"href":"https:\/\/arantv.az\/index.php?rest_route=%2Fwp%2Fv2%2Fcategories&post=571515"},{"taxonomy":"post_tag","embeddable":true,"href":"https:\/\/arantv.az\/index.php?rest_route=%2Fwp%2Fv2%2Ftags&post=571515"}],"curies":[{"name":"wp","href":"https:\/\/api.w.org\/{rel}","templated":true}]}}