{"id":571521,"date":"2023-03-02T09:55:06","date_gmt":"2023-03-02T06:55:06","guid":{"rendered":"https:\/\/arantv.az\/?p=571521"},"modified":"2023-03-02T09:55:06","modified_gmt":"2023-03-02T06:55:06","slug":"ilham-%c9%99liyev-az%c9%99rbaycan-qosulmama-h%c9%99r%c9%99katinin-institusional-inkisafina-guclu-d%c9%99st%c9%99k-verir","status":"publish","type":"post","link":"https:\/\/arantv.az\/?p=571521","title":{"rendered":"\u0130lham \u018fliyev: \u201cAz\u0259rbaycan Qo\u015fulmama H\u0259r\u0259kat\u0131n\u0131n institusional inki\u015faf\u0131na g\u00fccl\u00fc d\u0259st\u0259k verir\u201d"},"content":{"rendered":"<p>\u201cAz\u0259rbaycan Qo\u015fulmama H\u0259r\u0259kat\u0131n\u0131n institusional inki\u015faf\u0131na g\u00fccl\u00fc d\u0259st\u0259k verir\u201d.<\/p>\n<div class=\"AdviadNativeVideo\"><\/div>\n<p><a href=\"https:\/\/azertag.az\/xeber\/Azerbaycan_Qosulmama_Herekatinin_institusional_inkisafina_guclu_destek_verir-2513360\" target=\"_blank\" rel=\"noopener\">AZ\u018fRTAC<\/a>\u00a0x\u0259b\u0259r verir ki, bu s\u00f6zl\u0259ri mart\u0131n 2-d\u0259 Az\u0259rbaycan Prezidenti\u00a0<strong>\u0130lham \u018fliyev<\/strong>\u00a0Qo\u015fulmama H\u0259r\u0259kat\u0131n\u0131n COVID-19-a qar\u015f\u0131 m\u00fcbariz\u0259 \u00fczr\u0259 T\u0259mas Qrupunun Bak\u0131da ke\u00e7iril\u0259n Zirv\u0259 g\u00f6r\u00fc\u015f\u00fcnd\u0259 \u00e7\u0131x\u0131\u015f\u0131nda bildirib.<\/p>\n<p>Az\u0259rbaycan\u0131n t\u0259\u015f\u0259bb\u00fcs\u00fc il\u0259 Qo\u015fulmama H\u0259r\u0259kat\u0131n\u0131n Parlament \u015e\u0259b\u0259k\u0259sinin v\u0259 G\u0259ncl\u0259r T\u0259\u015fkilat\u0131n\u0131n yarad\u0131ld\u0131\u011f\u0131n\u0131 vur\u011fulayan d\u00f6vl\u0259timizin ba\u015f\u00e7\u0131s\u0131 deyib:<\/p>\n<p>\u201cM\u0259qs\u0259dimiz institusional davaml\u0131l\u0131q yaratmaq v\u0259 Az\u0259rbaycandan sonra s\u0259drliyi t\u0259hvil alacaq \u00fczvl\u0259r\u0259 u\u011furlu miras qoymaqd\u0131r\u201d.<\/p>\n","protected":false},"excerpt":{"rendered":"<p>\u201cAz\u0259rbaycan Qo\u015fulmama H\u0259r\u0259kat\u0131n\u0131n institusional inki\u015faf\u0131na g\u00fccl\u00fc d\u0259st\u0259k verir\u201d. AZ\u018fRTAC\u00a0x\u0259b\u0259r verir ki, bu s\u00f6zl\u0259ri mart\u0131n 2-d\u0259 Az\u0259rbaycan Prezidenti\u00a0\u0130lham \u018fliyev\u00a0Qo\u015fulmama H\u0259r\u0259kat\u0131n\u0131n COVID-19-a qar\u015f\u0131 m\u00fcbariz\u0259 \u00fczr\u0259 T\u0259mas Qrupunun Bak\u0131da ke\u00e7iril\u0259n Zirv\u0259 g\u00f6r\u00fc\u015f\u00fcnd\u0259 \u00e7\u0131x\u0131\u015f\u0131nda bildirib. Az\u0259rbaycan\u0131n t\u0259\u015f\u0259bb\u00fcs\u00fc il\u0259 Qo\u015fulmama H\u0259r\u0259kat\u0131n\u0131n Parlament \u015e\u0259b\u0259k\u0259sinin v\u0259 G\u0259ncl\u0259r T\u0259\u015fkilat\u0131n\u0131n yarad\u0131ld\u0131\u011f\u0131n\u0131 vur\u011fulayan d\u00f6vl\u0259timizin ba\u015f\u00e7\u0131s\u0131 deyib: \u201cM\u0259qs\u0259dimiz institusional davaml\u0131l\u0131q yaratmaq v\u0259 Az\u0259rbaycandan sonra s\u0259drliyi t\u0259hvil alacaq \u00fczvl\u0259r\u0259 u\u011furlu miras qoymaqd\u0131r\u201d.<\/p>\n","protected":false},"author":2,"featured_media":571522,"comment_status":"closed","ping_status":"closed","sticky":false,"template":"","format":"standard","meta":{"om_disable_all_campaigns":false,"_monsterinsights_skip_tracking":false,"_monsterinsights_sitenote_active":false,"_monsterinsights_sitenote_note":"","_monsterinsights_sitenote_category":0},"categories":[4],"tags":[],"aioseo_notices":[],"gutentor_comment":0,"rttpg_featured_image_url":{"full":["https:\/\/arantv.az\/wp-content\/uploads\/2023\/03\/5f44a63353c24-t0shxN7_yPUZws0.jpg",620,413,false],"landscape":["https:\/\/arantv.az\/wp-content\/uploads\/2023\/03\/5f44a63353c24-t0shxN7_yPUZws0.jpg",620,413,false],"portraits":["https:\/\/arantv.az\/wp-content\/uploads\/2023\/03\/5f44a63353c24-t0shxN7_yPUZws0.jpg",620,413,false],"thumbnail":["https:\/\/arantv.az\/wp-content\/uploads\/2023\/03\/5f44a63353c24-t0shxN7_yPUZws0-500x280.jpg",500,280,true],"medium":["https:\/\/arantv.az\/wp-content\/uploads\/2023\/03\/5f44a63353c24-t0shxN7_yPUZws0-548x365.jpg",548,365,true],"large":["https:\/\/arantv.az\/wp-content\/uploads\/2023\/03\/5f44a63353c24-t0shxN7_yPUZws0.jpg",620,413,false],"1536x1536":["https:\/\/arantv.az\/wp-content\/uploads\/2023\/03\/5f44a63353c24-t0shxN7_yPUZws0.jpg",620,413,false],"2048x2048":["https:\/\/arantv.az\/wp-content\/uploads\/2023\/03\/5f44a63353c24-t0shxN7_yPUZws0.jpg",620,413,false],"post-thumbnail":["https:\/\/arantv.az\/wp-content\/uploads\/2023\/03\/5f44a63353c24-t0shxN7_yPUZws0-240x172.jpg",240,172,true],"advps-thumb-one":["https:\/\/arantv.az\/wp-content\/uploads\/2023\/03\/5f44a63353c24-t0shxN7_yPUZws0.jpg",620,413,false]},"rttpg_author":{"display_name":"V\u00fcsal Rafiqo\u011flu","author_link":"https:\/\/arantv.az\/?author=2"},"rttpg_comment":0,"rttpg_category":"<a href=\"https:\/\/arantv.az\/?cat=4\" rel=\"category\">Siyas\u0259t<\/a>","rttpg_excerpt":"\u201cAz\u0259rbaycan Qo\u015fulmama H\u0259r\u0259kat\u0131n\u0131n institusional inki\u015faf\u0131na g\u00fccl\u00fc d\u0259st\u0259k verir\u201d. AZ\u018fRTAC\u00a0x\u0259b\u0259r verir ki, bu s\u00f6zl\u0259ri mart\u0131n 2-d\u0259 Az\u0259rbaycan Prezidenti\u00a0\u0130lham \u018fliyev\u00a0Qo\u015fulmama H\u0259r\u0259kat\u0131n\u0131n COVID-19-a qar\u015f\u0131 m\u00fcbariz\u0259 \u00fczr\u0259 T\u0259mas Qrupunun Bak\u0131da ke\u00e7iril\u0259n Zirv\u0259 g\u00f6r\u00fc\u015f\u00fcnd\u0259 \u00e7\u0131x\u0131\u015f\u0131nda bildirib. Az\u0259rbaycan\u0131n t\u0259\u015f\u0259bb\u00fcs\u00fc il\u0259 Qo\u015fulmama H\u0259r\u0259kat\u0131n\u0131n Parlament \u015e\u0259b\u0259k\u0259sinin v\u0259 G\u0259ncl\u0259r T\u0259\u015fkilat\u0131n\u0131n yarad\u0131ld\u0131\u011f\u0131n\u0131 vur\u011fulayan d\u00f6vl\u0259timizin ba\u015f\u00e7\u0131s\u0131 deyib: \u201cM\u0259qs\u0259dimiz institusional davaml\u0131l\u0131q yaratmaq v\u0259 Az\u0259rbaycandan sonra s\u0259drliyi t\u0259hvil&hellip;","_links":{"self":[{"href":"https:\/\/arantv.az\/index.php?rest_route=\/wp\/v2\/posts\/571521"}],"collection":[{"href":"https:\/\/arantv.az\/index.php?rest_route=\/wp\/v2\/posts"}],"about":[{"href":"https:\/\/arantv.az\/index.php?rest_route=\/wp\/v2\/types\/post"}],"author":[{"embeddable":true,"href":"https:\/\/arantv.az\/index.php?rest_route=\/wp\/v2\/users\/2"}],"replies":[{"embeddable":true,"href":"https:\/\/arantv.az\/index.php?rest_route=%2Fwp%2Fv2%2Fcomments&post=571521"}],"version-history":[{"count":0,"href":"https:\/\/arantv.az\/index.php?rest_route=\/wp\/v2\/posts\/571521\/revisions"}],"wp:featuredmedia":[{"embeddable":true,"href":"https:\/\/arantv.az\/index.php?rest_route=\/wp\/v2\/media\/571522"}],"wp:attachment":[{"href":"https:\/\/arantv.az\/index.php?rest_route=%2Fwp%2Fv2%2Fmedia&parent=571521"}],"wp:term":[{"taxonomy":"category","embeddable":true,"href":"https:\/\/arantv.az\/index.php?rest_route=%2Fwp%2Fv2%2Fcategories&post=571521"},{"taxonomy":"post_tag","embeddable":true,"href":"https:\/\/arantv.az\/index.php?rest_route=%2Fwp%2Fv2%2Ftags&post=571521"}],"curies":[{"name":"wp","href":"https:\/\/api.w.org\/{rel}","templated":true}]}}