{"id":571524,"date":"2023-03-02T09:58:20","date_gmt":"2023-03-02T06:58:20","guid":{"rendered":"https:\/\/arantv.az\/?p=571524"},"modified":"2023-03-02T09:58:20","modified_gmt":"2023-03-02T06:58:20","slug":"prezident-aparici-beyn%c9%99lxalq-t%c9%99skilatlarin-q%c9%99rarlari-ya-icra-olunmur-ya-da-ikili-standartlar-t%c9%99tbiq-edilir","status":"publish","type":"post","link":"https:\/\/arantv.az\/?p=571524","title":{"rendered":"Prezident: \u201cApar\u0131c\u0131 beyn\u0259lxalq t\u0259\u015fkilatlar\u0131n q\u0259rarlar\u0131 ya icra olunmur, ya da ikili standartlar t\u0259tbiq edilir\u201d"},"content":{"rendered":"<p>\u201cApar\u0131c\u0131 beyn\u0259lxalq t\u0259\u015fkilatlar\u0131n q\u0259rarlar\u0131 ya icra olunmur, ya da selektiv yana\u015fma v\u0259 ikili standartlar t\u0259tbiq edilir\u201d.<\/p>\n<p><a href=\"https:\/\/azertag.az\/xeber\/Aparici_beynelxalq_teskilatlarin_qerarlari_ya_icra_olunmur_ya_da_selektiv_yanasma_ve_ikili_standartlar_tetbiq_edilir-2513372\" target=\"_blank\" rel=\"noopener\">AZ\u018fRTAC<\/a>\u00a0x\u0259b\u0259r verir ki, bu s\u00f6zl\u0259ri mart\u0131n 2-d\u0259 Az\u0259rbaycan Prezidenti\u00a0<strong>\u0130lham \u018fliyev<\/strong>\u00a0Qo\u015fulmama H\u0259r\u0259kat\u0131n\u0131n COVID-19-a qar\u015f\u0131 m\u00fcbariz\u0259 \u00fczr\u0259 T\u0259mas Qrupunun Bak\u0131da ke\u00e7iril\u0259n Zirv\u0259 g\u00f6r\u00fc\u015f\u00fcnd\u0259 \u00e7\u0131x\u0131\u015f\u0131nda bildirib.<\/p>\n<p>D\u00f6vl\u0259timizin ba\u015f\u00e7\u0131s\u0131 suverenliyin v\u0259 \u0259razi b\u00fct\u00f6vl\u00fcy\u00fcn\u00fcn pozulmas\u0131, d\u00f6vl\u0259tl\u0259rin daxili i\u015fl\u0259rin\u0259 m\u00fcdaxil\u0259 hallar\u0131n\u0131n daha \u00e7ox m\u00fc\u015fahid\u0259 olundu\u011funu vur\u011fulay\u0131b.<\/p>\n","protected":false},"excerpt":{"rendered":"<p>\u201cApar\u0131c\u0131 beyn\u0259lxalq t\u0259\u015fkilatlar\u0131n q\u0259rarlar\u0131 ya icra olunmur, ya da selektiv yana\u015fma v\u0259 ikili standartlar t\u0259tbiq edilir\u201d. AZ\u018fRTAC\u00a0x\u0259b\u0259r verir ki, bu s\u00f6zl\u0259ri mart\u0131n 2-d\u0259 Az\u0259rbaycan Prezidenti\u00a0\u0130lham \u018fliyev\u00a0Qo\u015fulmama H\u0259r\u0259kat\u0131n\u0131n COVID-19-a qar\u015f\u0131 m\u00fcbariz\u0259 \u00fczr\u0259 T\u0259mas Qrupunun Bak\u0131da ke\u00e7iril\u0259n Zirv\u0259 g\u00f6r\u00fc\u015f\u00fcnd\u0259 \u00e7\u0131x\u0131\u015f\u0131nda bildirib. D\u00f6vl\u0259timizin ba\u015f\u00e7\u0131s\u0131 suverenliyin v\u0259 \u0259razi b\u00fct\u00f6vl\u00fcy\u00fcn\u00fcn pozulmas\u0131, d\u00f6vl\u0259tl\u0259rin daxili i\u015fl\u0259rin\u0259 m\u00fcdaxil\u0259 hallar\u0131n\u0131n daha \u00e7ox m\u00fc\u015fahid\u0259 olundu\u011funu vur\u011fulay\u0131b.<\/p>\n","protected":false},"author":2,"featured_media":571525,"comment_status":"closed","ping_status":"closed","sticky":false,"template":"","format":"standard","meta":{"om_disable_all_campaigns":false,"_monsterinsights_skip_tracking":false,"_monsterinsights_sitenote_active":false,"_monsterinsights_sitenote_note":"","_monsterinsights_sitenote_category":0},"categories":[4],"tags":[],"aioseo_notices":[],"gutentor_comment":0,"rttpg_featured_image_url":{"full":["https:\/\/arantv.az\/wp-content\/uploads\/2023\/03\/16017394531712422946_1000x669.jpg",620,413,false],"landscape":["https:\/\/arantv.az\/wp-content\/uploads\/2023\/03\/16017394531712422946_1000x669.jpg",620,413,false],"portraits":["https:\/\/arantv.az\/wp-content\/uploads\/2023\/03\/16017394531712422946_1000x669.jpg",620,413,false],"thumbnail":["https:\/\/arantv.az\/wp-content\/uploads\/2023\/03\/16017394531712422946_1000x669-500x280.jpg",500,280,true],"medium":["https:\/\/arantv.az\/wp-content\/uploads\/2023\/03\/16017394531712422946_1000x669-548x365.jpg",548,365,true],"large":["https:\/\/arantv.az\/wp-content\/uploads\/2023\/03\/16017394531712422946_1000x669.jpg",620,413,false],"1536x1536":["https:\/\/arantv.az\/wp-content\/uploads\/2023\/03\/16017394531712422946_1000x669.jpg",620,413,false],"2048x2048":["https:\/\/arantv.az\/wp-content\/uploads\/2023\/03\/16017394531712422946_1000x669.jpg",620,413,false],"post-thumbnail":["https:\/\/arantv.az\/wp-content\/uploads\/2023\/03\/16017394531712422946_1000x669-240x172.jpg",240,172,true],"advps-thumb-one":["https:\/\/arantv.az\/wp-content\/uploads\/2023\/03\/16017394531712422946_1000x669.jpg",620,413,false]},"rttpg_author":{"display_name":"V\u00fcsal Rafiqo\u011flu","author_link":"https:\/\/arantv.az\/?author=2"},"rttpg_comment":0,"rttpg_category":"<a href=\"https:\/\/arantv.az\/?cat=4\" rel=\"category\">Siyas\u0259t<\/a>","rttpg_excerpt":"\u201cApar\u0131c\u0131 beyn\u0259lxalq t\u0259\u015fkilatlar\u0131n q\u0259rarlar\u0131 ya icra olunmur, ya da selektiv yana\u015fma v\u0259 ikili standartlar t\u0259tbiq edilir\u201d. AZ\u018fRTAC\u00a0x\u0259b\u0259r verir ki, bu s\u00f6zl\u0259ri mart\u0131n 2-d\u0259 Az\u0259rbaycan Prezidenti\u00a0\u0130lham \u018fliyev\u00a0Qo\u015fulmama H\u0259r\u0259kat\u0131n\u0131n COVID-19-a qar\u015f\u0131 m\u00fcbariz\u0259 \u00fczr\u0259 T\u0259mas Qrupunun Bak\u0131da ke\u00e7iril\u0259n Zirv\u0259 g\u00f6r\u00fc\u015f\u00fcnd\u0259 \u00e7\u0131x\u0131\u015f\u0131nda bildirib. D\u00f6vl\u0259timizin ba\u015f\u00e7\u0131s\u0131 suverenliyin v\u0259 \u0259razi b\u00fct\u00f6vl\u00fcy\u00fcn\u00fcn pozulmas\u0131, d\u00f6vl\u0259tl\u0259rin daxili i\u015fl\u0259rin\u0259 m\u00fcdaxil\u0259 hallar\u0131n\u0131n daha \u00e7ox m\u00fc\u015fahid\u0259 olundu\u011funu&hellip;","_links":{"self":[{"href":"https:\/\/arantv.az\/index.php?rest_route=\/wp\/v2\/posts\/571524"}],"collection":[{"href":"https:\/\/arantv.az\/index.php?rest_route=\/wp\/v2\/posts"}],"about":[{"href":"https:\/\/arantv.az\/index.php?rest_route=\/wp\/v2\/types\/post"}],"author":[{"embeddable":true,"href":"https:\/\/arantv.az\/index.php?rest_route=\/wp\/v2\/users\/2"}],"replies":[{"embeddable":true,"href":"https:\/\/arantv.az\/index.php?rest_route=%2Fwp%2Fv2%2Fcomments&post=571524"}],"version-history":[{"count":0,"href":"https:\/\/arantv.az\/index.php?rest_route=\/wp\/v2\/posts\/571524\/revisions"}],"wp:featuredmedia":[{"embeddable":true,"href":"https:\/\/arantv.az\/index.php?rest_route=\/wp\/v2\/media\/571525"}],"wp:attachment":[{"href":"https:\/\/arantv.az\/index.php?rest_route=%2Fwp%2Fv2%2Fmedia&parent=571524"}],"wp:term":[{"taxonomy":"category","embeddable":true,"href":"https:\/\/arantv.az\/index.php?rest_route=%2Fwp%2Fv2%2Fcategories&post=571524"},{"taxonomy":"post_tag","embeddable":true,"href":"https:\/\/arantv.az\/index.php?rest_route=%2Fwp%2Fv2%2Ftags&post=571524"}],"curies":[{"name":"wp","href":"https:\/\/api.w.org\/{rel}","templated":true}]}}