{"id":571530,"date":"2023-03-02T09:59:21","date_gmt":"2023-03-02T06:59:21","guid":{"rendered":"https:\/\/arantv.az\/?p=571530"},"modified":"2023-03-02T09:59:21","modified_gmt":"2023-03-02T06:59:21","slug":"prezident-s%c9%99rq-q%c9%99rb-qarsidurmasinin-f%c9%99sadlari-dunyanin-qalan-hiss%c9%99sind%c9%99-d%c9%99-hiss-olunur","status":"publish","type":"post","link":"https:\/\/arantv.az\/?p=571530","title":{"rendered":"Prezident: \u201c\u015e\u0259rq-Q\u0259rb qar\u015f\u0131durmas\u0131n\u0131n f\u0259sadlar\u0131 d\u00fcnyan\u0131n qalan hiss\u0259sind\u0259 d\u0259 hiss olunur\u201d"},"content":{"rendered":"<p>\u201cYeni d\u00fcnya d\u00fcz\u0259ni yenid\u0259n formala\u015fmaqdad\u0131r. \u0130ndi d\u00fcnya soyuq m\u00fcharib\u0259nin sona \u00e7atmas\u0131ndan b\u0259ri ba\u015f ver\u0259n \u0259n ciddi \u015e\u0259rq-Q\u0259rb qar\u015f\u0131durmas\u0131n\u0131n \u015fahididir\u201d.<\/p>\n<p><a href=\"https:\/\/azertag.az\/xeber\/Indi_dunya_Soyuq_muharibenin_sona_chatmasindan_bu_yana_bas_veren_en_ciddi_Serq_Qerb_qarsidurmasinin_sahididir-2513384\" target=\"_blank\" rel=\"noopener\">AZ\u018fRTAC<\/a>\u00a0x\u0259b\u0259r verir ki, bu s\u00f6zl\u0259ri mart\u0131n 2-d\u0259 Az\u0259rbaycan Prezidenti\u00a0<strong>\u0130lham \u018fliyev<\/strong>\u00a0Qo\u015fulmama H\u0259r\u0259kat\u0131n\u0131n COVID-19-a qar\u015f\u0131 m\u00fcbariz\u0259 \u00fczr\u0259 T\u0259mas Qrupunun Bak\u0131da ke\u00e7iril\u0259n Zirv\u0259 g\u00f6r\u00fc\u015f\u00fcnd\u0259 \u00e7\u0131x\u0131\u015f\u0131nda bildirib.<\/p>\n<p>D\u00f6vl\u0259timizin ba\u015f\u00e7\u0131s\u0131 qeyd edib ki, bu qar\u015f\u0131durman\u0131n f\u0259sadlar\u0131 d\u00fcnyan\u0131n qalan hiss\u0259sind\u0259 d\u0259 hiss olunur.<\/p>\n","protected":false},"excerpt":{"rendered":"<p>\u201cYeni d\u00fcnya d\u00fcz\u0259ni yenid\u0259n formala\u015fmaqdad\u0131r. \u0130ndi d\u00fcnya soyuq m\u00fcharib\u0259nin sona \u00e7atmas\u0131ndan b\u0259ri ba\u015f ver\u0259n \u0259n ciddi \u015e\u0259rq-Q\u0259rb qar\u015f\u0131durmas\u0131n\u0131n \u015fahididir\u201d. AZ\u018fRTAC\u00a0x\u0259b\u0259r verir ki, bu s\u00f6zl\u0259ri mart\u0131n 2-d\u0259 Az\u0259rbaycan Prezidenti\u00a0\u0130lham \u018fliyev\u00a0Qo\u015fulmama H\u0259r\u0259kat\u0131n\u0131n COVID-19-a qar\u015f\u0131 m\u00fcbariz\u0259 \u00fczr\u0259 T\u0259mas Qrupunun Bak\u0131da ke\u00e7iril\u0259n Zirv\u0259 g\u00f6r\u00fc\u015f\u00fcnd\u0259 \u00e7\u0131x\u0131\u015f\u0131nda bildirib. D\u00f6vl\u0259timizin ba\u015f\u00e7\u0131s\u0131 qeyd edib ki, bu qar\u015f\u0131durman\u0131n f\u0259sadlar\u0131 d\u00fcnyan\u0131n qalan hiss\u0259sind\u0259 d\u0259 hiss olunur.<\/p>\n","protected":false},"author":2,"featured_media":571531,"comment_status":"closed","ping_status":"closed","sticky":false,"template":"","format":"standard","meta":{"om_disable_all_campaigns":false,"_monsterinsights_skip_tracking":false,"_monsterinsights_sitenote_active":false,"_monsterinsights_sitenote_note":"","_monsterinsights_sitenote_category":0},"categories":[4],"tags":[],"aioseo_notices":[],"gutentor_comment":0,"rttpg_featured_image_url":{"full":["https:\/\/arantv.az\/wp-content\/uploads\/2023\/03\/1603454485-1603460055.jpg",620,413,false],"landscape":["https:\/\/arantv.az\/wp-content\/uploads\/2023\/03\/1603454485-1603460055.jpg",620,413,false],"portraits":["https:\/\/arantv.az\/wp-content\/uploads\/2023\/03\/1603454485-1603460055.jpg",620,413,false],"thumbnail":["https:\/\/arantv.az\/wp-content\/uploads\/2023\/03\/1603454485-1603460055-500x280.jpg",500,280,true],"medium":["https:\/\/arantv.az\/wp-content\/uploads\/2023\/03\/1603454485-1603460055-548x365.jpg",548,365,true],"large":["https:\/\/arantv.az\/wp-content\/uploads\/2023\/03\/1603454485-1603460055.jpg",620,413,false],"1536x1536":["https:\/\/arantv.az\/wp-content\/uploads\/2023\/03\/1603454485-1603460055.jpg",620,413,false],"2048x2048":["https:\/\/arantv.az\/wp-content\/uploads\/2023\/03\/1603454485-1603460055.jpg",620,413,false],"post-thumbnail":["https:\/\/arantv.az\/wp-content\/uploads\/2023\/03\/1603454485-1603460055-240x172.jpg",240,172,true],"advps-thumb-one":["https:\/\/arantv.az\/wp-content\/uploads\/2023\/03\/1603454485-1603460055.jpg",620,413,false]},"rttpg_author":{"display_name":"V\u00fcsal Rafiqo\u011flu","author_link":"https:\/\/arantv.az\/?author=2"},"rttpg_comment":0,"rttpg_category":"<a href=\"https:\/\/arantv.az\/?cat=4\" rel=\"category\">Siyas\u0259t<\/a>","rttpg_excerpt":"\u201cYeni d\u00fcnya d\u00fcz\u0259ni yenid\u0259n formala\u015fmaqdad\u0131r. \u0130ndi d\u00fcnya soyuq m\u00fcharib\u0259nin sona \u00e7atmas\u0131ndan b\u0259ri ba\u015f ver\u0259n \u0259n ciddi \u015e\u0259rq-Q\u0259rb qar\u015f\u0131durmas\u0131n\u0131n \u015fahididir\u201d. AZ\u018fRTAC\u00a0x\u0259b\u0259r verir ki, bu s\u00f6zl\u0259ri mart\u0131n 2-d\u0259 Az\u0259rbaycan Prezidenti\u00a0\u0130lham \u018fliyev\u00a0Qo\u015fulmama H\u0259r\u0259kat\u0131n\u0131n COVID-19-a qar\u015f\u0131 m\u00fcbariz\u0259 \u00fczr\u0259 T\u0259mas Qrupunun Bak\u0131da ke\u00e7iril\u0259n Zirv\u0259 g\u00f6r\u00fc\u015f\u00fcnd\u0259 \u00e7\u0131x\u0131\u015f\u0131nda bildirib. D\u00f6vl\u0259timizin ba\u015f\u00e7\u0131s\u0131 qeyd edib ki, bu qar\u015f\u0131durman\u0131n f\u0259sadlar\u0131 d\u00fcnyan\u0131n qalan hiss\u0259sind\u0259 d\u0259 hiss&hellip;","_links":{"self":[{"href":"https:\/\/arantv.az\/index.php?rest_route=\/wp\/v2\/posts\/571530"}],"collection":[{"href":"https:\/\/arantv.az\/index.php?rest_route=\/wp\/v2\/posts"}],"about":[{"href":"https:\/\/arantv.az\/index.php?rest_route=\/wp\/v2\/types\/post"}],"author":[{"embeddable":true,"href":"https:\/\/arantv.az\/index.php?rest_route=\/wp\/v2\/users\/2"}],"replies":[{"embeddable":true,"href":"https:\/\/arantv.az\/index.php?rest_route=%2Fwp%2Fv2%2Fcomments&post=571530"}],"version-history":[{"count":0,"href":"https:\/\/arantv.az\/index.php?rest_route=\/wp\/v2\/posts\/571530\/revisions"}],"wp:featuredmedia":[{"embeddable":true,"href":"https:\/\/arantv.az\/index.php?rest_route=\/wp\/v2\/media\/571531"}],"wp:attachment":[{"href":"https:\/\/arantv.az\/index.php?rest_route=%2Fwp%2Fv2%2Fmedia&parent=571530"}],"wp:term":[{"taxonomy":"category","embeddable":true,"href":"https:\/\/arantv.az\/index.php?rest_route=%2Fwp%2Fv2%2Fcategories&post=571530"},{"taxonomy":"post_tag","embeddable":true,"href":"https:\/\/arantv.az\/index.php?rest_route=%2Fwp%2Fv2%2Ftags&post=571530"}],"curies":[{"name":"wp","href":"https:\/\/api.w.org\/{rel}","templated":true}]}}