{"id":571533,"date":"2023-03-02T10:03:19","date_gmt":"2023-03-02T07:03:19","guid":{"rendered":"https:\/\/arantv.az\/?p=571533"},"modified":"2023-03-02T10:03:19","modified_gmt":"2023-03-02T07:03:19","slug":"bu-dunya-murdar-yerdir-haci-surxay-haci-sahind%c9%99n-danisdi","status":"publish","type":"post","link":"https:\/\/arantv.az\/?p=571533","title":{"rendered":"\u201cBu d\u00fcnya murdar yerdir\u201c &#8211; Hac\u0131 Surxay Hac\u0131 \u015eahind\u0259n dan\u0131\u015fd\u0131"},"content":{"rendered":"<p><strong>Hac\u0131 \u015eahin H\u0259s\u0259nlinin \u00f6l\u00fcm\u00fc m\u0259ni d\u0259rind\u0259n sars\u0131td\u0131.\u00a0<\/strong><\/p>\n<p>Bunu Modern.az-a a\u00e7\u0131qlamas\u0131nda Qafqaz M\u00fcs\u0259lmanlar\u0131 \u0130dar\u0259sinin (QM\u0130) s\u0259lahiyy\u0259tli n\u00fcmay\u0259nd\u0259si, \u0130\u00e7\u0259ri\u015f\u0259h\u0259r \u201cC\u00fcm\u0259\u201d m\u0259scidinin axundu Hac\u0131 Surxay M\u0259mm\u0259dli deyib.<\/p>\n<p>&#8220;S\u0259h\u0259r saatlar\u0131nda ald\u0131\u011f\u0131m bu x\u0259b\u0259rl\u0259 d\u0259rind\u0259n sars\u0131ld\u0131m. G\u00f6z ya\u015flar\u0131m\u0131 saxlaya bilm\u0259dim. Hac\u0131 \u015eahin m\u0259nim qarda\u015f\u0131m, dostum, eyni zamanda i\u015f yolda\u015f\u0131m idi. Onun cavan ya\u015fda \u00f6l\u00fcm\u00fc sars\u0131d\u0131c\u0131 oldu. \u00d6l\u00fcm haqd\u0131r, h\u0259r birimiz bir g\u00fcn Allahdan g\u0259ldiyimiz kimi, ona d\u00f6n\u0259c\u0259yik. Hac\u0131 \u015eahin Allaha qovu\u015fdu. Bu, d\u00fcnya m\u00fcv\u0259qq\u0259tidir, bu d\u00fcnya murdar yerdir, Hac\u0131 \u015eahinin o d\u00fcnyas\u0131 g\u00f6z\u0259l olsun. Onun din yolunda xidm\u0259tl\u0259ri b\u00f6y\u00fckd\u00fcr&#8221;, &#8211; dey\u0259 Hac\u0131 Surxay bildirib.<\/p>\n<p>O, Hac\u0131 \u015eahinl\u0259 son dan\u0131\u015f\u0131\u011f\u0131n\u0131 bel\u0259 xat\u0131rlay\u0131b:<\/p>\n<p>\u201c\u0130ki g\u00fcn \u00f6nc\u0259 bir tan\u0131\u015f\u0131m\u0131 itirdim, m\u0259n\u0259 z\u0259ng edib ba\u015fsa\u011fl\u0131\u011f\u0131 verdi, k\u00f6m\u0259k t\u0259klif etdi, maraqland\u0131. Ona narahat olmamas\u0131n\u0131 bildirdim. &#8220;\u00d6z\u00fcn\u0259 fikir ver&#8221; dey\u0259nd\u0259 m\u0259n\u0259 h\u0259r \u015feyin yax\u015f\u0131 olaca\u011f\u0131n\u0131 bildirdi. T\u0259\u0259ss\u00fcf ki, bel\u0259 olaca\u011f\u0131n\u0131 bilm\u0259zdik. S\u0259hh\u0259ti il\u0259 ba\u011fl\u0131 he\u00e7 bir \u015fikay\u0259ti yox idi&#8221;.<\/p>\n<p>Qeyd ed\u0259k ki, Hac\u0131 \u015eahin bu g\u00fcn s\u0259h\u0259r saatlar\u0131nda \u00fcr\u0259ktutmas\u0131ndan v\u0259fat edib.<\/p>\n","protected":false},"excerpt":{"rendered":"<p>Hac\u0131 \u015eahin H\u0259s\u0259nlinin \u00f6l\u00fcm\u00fc m\u0259ni d\u0259rind\u0259n sars\u0131td\u0131.\u00a0 Bunu Modern.az-a a\u00e7\u0131qlamas\u0131nda Qafqaz M\u00fcs\u0259lmanlar\u0131 \u0130dar\u0259sinin (QM\u0130) s\u0259lahiyy\u0259tli n\u00fcmay\u0259nd\u0259si, \u0130\u00e7\u0259ri\u015f\u0259h\u0259r \u201cC\u00fcm\u0259\u201d m\u0259scidinin axundu Hac\u0131 Surxay M\u0259mm\u0259dli deyib. &#8220;S\u0259h\u0259r saatlar\u0131nda ald\u0131\u011f\u0131m bu x\u0259b\u0259rl\u0259 d\u0259rind\u0259n sars\u0131ld\u0131m. G\u00f6z ya\u015flar\u0131m\u0131 saxlaya bilm\u0259dim. Hac\u0131 \u015eahin m\u0259nim qarda\u015f\u0131m, dostum, eyni zamanda i\u015f yolda\u015f\u0131m idi. Onun cavan ya\u015fda \u00f6l\u00fcm\u00fc sars\u0131d\u0131c\u0131 oldu. \u00d6l\u00fcm haqd\u0131r, h\u0259r birimiz bir g\u00fcn Allahdan g\u0259ldiyimiz kimi, ona d\u00f6n\u0259c\u0259yik. Hac\u0131 \u015eahin Allaha qovu\u015fdu. Bu, d\u00fcnya m\u00fcv\u0259qq\u0259tidir, bu d\u00fcnya murdar yerdir, Hac\u0131 \u015eahinin o d\u00fcnyas\u0131 g\u00f6z\u0259l olsun. Onun din yolunda xidm\u0259tl\u0259ri b\u00f6y\u00fckd\u00fcr&#8221;, &#8211; dey\u0259 Hac\u0131 Surxay bildirib. O,&hellip;<\/p>\n","protected":false},"author":2,"featured_media":571534,"comment_status":"closed","ping_status":"closed","sticky":false,"template":"","format":"standard","meta":{"om_disable_all_campaigns":false,"_monsterinsights_skip_tracking":false,"_monsterinsights_sitenote_active":false,"_monsterinsights_sitenote_note":"","_monsterinsights_sitenote_category":0},"categories":[1],"tags":[],"aioseo_notices":[],"gutentor_comment":0,"rttpg_featured_image_url":{"full":["https:\/\/arantv.az\/wp-content\/uploads\/2023\/03\/resize.jpg",750,422,false],"landscape":["https:\/\/arantv.az\/wp-content\/uploads\/2023\/03\/resize.jpg",750,422,false],"portraits":["https:\/\/arantv.az\/wp-content\/uploads\/2023\/03\/resize.jpg",750,422,false],"thumbnail":["https:\/\/arantv.az\/wp-content\/uploads\/2023\/03\/resize-500x280.jpg",500,280,true],"medium":["https:\/\/arantv.az\/wp-content\/uploads\/2023\/03\/resize-649x365.jpg",649,365,true],"large":["https:\/\/arantv.az\/wp-content\/uploads\/2023\/03\/resize.jpg",640,360,false],"1536x1536":["https:\/\/arantv.az\/wp-content\/uploads\/2023\/03\/resize.jpg",750,422,false],"2048x2048":["https:\/\/arantv.az\/wp-content\/uploads\/2023\/03\/resize.jpg",750,422,false],"post-thumbnail":["https:\/\/arantv.az\/wp-content\/uploads\/2023\/03\/resize-240x172.jpg",240,172,true],"advps-thumb-one":["https:\/\/arantv.az\/wp-content\/uploads\/2023\/03\/resize.jpg",750,422,false]},"rttpg_author":{"display_name":"V\u00fcsal Rafiqo\u011flu","author_link":"https:\/\/arantv.az\/?author=2"},"rttpg_comment":0,"rttpg_category":"<a href=\"https:\/\/arantv.az\/?cat=1\" rel=\"category\">C\u0259miyy\u0259t<\/a>","rttpg_excerpt":"Hac\u0131 \u015eahin H\u0259s\u0259nlinin \u00f6l\u00fcm\u00fc m\u0259ni d\u0259rind\u0259n sars\u0131td\u0131.\u00a0 Bunu Modern.az-a a\u00e7\u0131qlamas\u0131nda Qafqaz M\u00fcs\u0259lmanlar\u0131 \u0130dar\u0259sinin (QM\u0130) s\u0259lahiyy\u0259tli n\u00fcmay\u0259nd\u0259si, \u0130\u00e7\u0259ri\u015f\u0259h\u0259r \u201cC\u00fcm\u0259\u201d m\u0259scidinin axundu Hac\u0131 Surxay M\u0259mm\u0259dli deyib. &#8220;S\u0259h\u0259r saatlar\u0131nda ald\u0131\u011f\u0131m bu x\u0259b\u0259rl\u0259 d\u0259rind\u0259n sars\u0131ld\u0131m. G\u00f6z ya\u015flar\u0131m\u0131 saxlaya bilm\u0259dim. Hac\u0131 \u015eahin m\u0259nim qarda\u015f\u0131m, dostum, eyni zamanda i\u015f yolda\u015f\u0131m idi. Onun cavan ya\u015fda \u00f6l\u00fcm\u00fc sars\u0131d\u0131c\u0131 oldu. \u00d6l\u00fcm haqd\u0131r, h\u0259r birimiz&hellip;","_links":{"self":[{"href":"https:\/\/arantv.az\/index.php?rest_route=\/wp\/v2\/posts\/571533"}],"collection":[{"href":"https:\/\/arantv.az\/index.php?rest_route=\/wp\/v2\/posts"}],"about":[{"href":"https:\/\/arantv.az\/index.php?rest_route=\/wp\/v2\/types\/post"}],"author":[{"embeddable":true,"href":"https:\/\/arantv.az\/index.php?rest_route=\/wp\/v2\/users\/2"}],"replies":[{"embeddable":true,"href":"https:\/\/arantv.az\/index.php?rest_route=%2Fwp%2Fv2%2Fcomments&post=571533"}],"version-history":[{"count":0,"href":"https:\/\/arantv.az\/index.php?rest_route=\/wp\/v2\/posts\/571533\/revisions"}],"wp:featuredmedia":[{"embeddable":true,"href":"https:\/\/arantv.az\/index.php?rest_route=\/wp\/v2\/media\/571534"}],"wp:attachment":[{"href":"https:\/\/arantv.az\/index.php?rest_route=%2Fwp%2Fv2%2Fmedia&parent=571533"}],"wp:term":[{"taxonomy":"category","embeddable":true,"href":"https:\/\/arantv.az\/index.php?rest_route=%2Fwp%2Fv2%2Fcategories&post=571533"},{"taxonomy":"post_tag","embeddable":true,"href":"https:\/\/arantv.az\/index.php?rest_route=%2Fwp%2Fv2%2Ftags&post=571533"}],"curies":[{"name":"wp","href":"https:\/\/api.w.org\/{rel}","templated":true}]}}