{"id":571537,"date":"2023-03-02T10:07:16","date_gmt":"2023-03-02T07:07:16","guid":{"rendered":"https:\/\/arantv.az\/?p=571537"},"modified":"2023-03-02T10:07:16","modified_gmt":"2023-03-02T07:07:16","slug":"ilham-%c9%99liyev-qosulmama-h%c9%99r%c9%99kati-yeni-dunya-duz%c9%99ninin-yenid%c9%99n-formalasmasinda-f%c9%99al-istirak-etm%c9%99lidir","status":"publish","type":"post","link":"https:\/\/arantv.az\/?p=571537","title":{"rendered":"\u0130lham \u018fliyev: \u201cQo\u015fulmama H\u0259r\u0259kat\u0131 yeni d\u00fcnya d\u00fcz\u0259ninin yenid\u0259n formala\u015fmas\u0131nda f\u0259al i\u015ftirak etm\u0259lidir\u201d"},"content":{"rendered":"<p>\u201cQo\u015fulmama H\u0259r\u0259kat\u0131 BMT-d\u0259n sonra ikinci \u0259n b\u00f6y\u00fck beyn\u0259lxalq t\u0259sisat kimi beyn\u0259lxalq arenada daha n\u0259z\u0259r\u0259\u00e7arpan v\u0259 s\u0259m\u0259r\u0259li rol oynamal\u0131, yeni d\u00fcnya d\u00fcz\u0259ninin yenid\u0259n formala\u015fmas\u0131nda f\u0259al i\u015ftirak etm\u0259lidir\u201d.<\/p>\n<p><a href=\"https:\/\/azertag.az\/xeber\/Azerbaycan_Prezidenti_Qosulmama_Herekati_yeni_dunya_duzeninin_yeniden_formalasmasinda_feal_istirak_etmelidir-2513393\" target=\"_blank\" rel=\"noopener\">AZ\u018fRTAC<\/a>\u00a0x\u0259b\u0259r verir ki, bu fikri Az\u0259rbaycan Prezidenti\u00a0<strong>\u0130lham \u018fliyev<\/strong>\u00a0mart\u0131n 2-d\u0259 Qo\u015fulmama H\u0259r\u0259kat\u0131n\u0131n COVID-19-a qar\u015f\u0131 m\u00fcbariz\u0259 \u00fczr\u0259 T\u0259mas Qrupunun Bak\u0131da ke\u00e7iril\u0259n Zirv\u0259 g\u00f6r\u00fc\u015f\u00fcnd\u0259 \u00e7\u0131x\u0131\u015f\u0131nda bildirib.<\/p>\n","protected":false},"excerpt":{"rendered":"<p>\u201cQo\u015fulmama H\u0259r\u0259kat\u0131 BMT-d\u0259n sonra ikinci \u0259n b\u00f6y\u00fck beyn\u0259lxalq t\u0259sisat kimi beyn\u0259lxalq arenada daha n\u0259z\u0259r\u0259\u00e7arpan v\u0259 s\u0259m\u0259r\u0259li rol oynamal\u0131, yeni d\u00fcnya d\u00fcz\u0259ninin yenid\u0259n formala\u015fmas\u0131nda f\u0259al i\u015ftirak etm\u0259lidir\u201d. AZ\u018fRTAC\u00a0x\u0259b\u0259r verir ki, bu fikri Az\u0259rbaycan Prezidenti\u00a0\u0130lham \u018fliyev\u00a0mart\u0131n 2-d\u0259 Qo\u015fulmama H\u0259r\u0259kat\u0131n\u0131n COVID-19-a qar\u015f\u0131 m\u00fcbariz\u0259 \u00fczr\u0259 T\u0259mas Qrupunun Bak\u0131da ke\u00e7iril\u0259n Zirv\u0259 g\u00f6r\u00fc\u015f\u00fcnd\u0259 \u00e7\u0131x\u0131\u015f\u0131nda bildirib.<\/p>\n","protected":false},"author":2,"featured_media":571538,"comment_status":"closed","ping_status":"closed","sticky":false,"template":"","format":"standard","meta":{"om_disable_all_campaigns":false,"_monsterinsights_skip_tracking":false,"_monsterinsights_sitenote_active":false,"_monsterinsights_sitenote_note":"","_monsterinsights_sitenote_category":0},"categories":[4],"tags":[],"aioseo_notices":[],"gutentor_comment":0,"rttpg_featured_image_url":{"full":["https:\/\/arantv.az\/wp-content\/uploads\/2023\/03\/ilham-aliyev.jpg",620,413,false],"landscape":["https:\/\/arantv.az\/wp-content\/uploads\/2023\/03\/ilham-aliyev.jpg",620,413,false],"portraits":["https:\/\/arantv.az\/wp-content\/uploads\/2023\/03\/ilham-aliyev.jpg",620,413,false],"thumbnail":["https:\/\/arantv.az\/wp-content\/uploads\/2023\/03\/ilham-aliyev-500x280.jpg",500,280,true],"medium":["https:\/\/arantv.az\/wp-content\/uploads\/2023\/03\/ilham-aliyev-548x365.jpg",548,365,true],"large":["https:\/\/arantv.az\/wp-content\/uploads\/2023\/03\/ilham-aliyev.jpg",620,413,false],"1536x1536":["https:\/\/arantv.az\/wp-content\/uploads\/2023\/03\/ilham-aliyev.jpg",620,413,false],"2048x2048":["https:\/\/arantv.az\/wp-content\/uploads\/2023\/03\/ilham-aliyev.jpg",620,413,false],"post-thumbnail":["https:\/\/arantv.az\/wp-content\/uploads\/2023\/03\/ilham-aliyev-240x172.jpg",240,172,true],"advps-thumb-one":["https:\/\/arantv.az\/wp-content\/uploads\/2023\/03\/ilham-aliyev.jpg",620,413,false]},"rttpg_author":{"display_name":"V\u00fcsal Rafiqo\u011flu","author_link":"https:\/\/arantv.az\/?author=2"},"rttpg_comment":0,"rttpg_category":"<a href=\"https:\/\/arantv.az\/?cat=4\" rel=\"category\">Siyas\u0259t<\/a>","rttpg_excerpt":"\u201cQo\u015fulmama H\u0259r\u0259kat\u0131 BMT-d\u0259n sonra ikinci \u0259n b\u00f6y\u00fck beyn\u0259lxalq t\u0259sisat kimi beyn\u0259lxalq arenada daha n\u0259z\u0259r\u0259\u00e7arpan v\u0259 s\u0259m\u0259r\u0259li rol oynamal\u0131, yeni d\u00fcnya d\u00fcz\u0259ninin yenid\u0259n formala\u015fmas\u0131nda f\u0259al i\u015ftirak etm\u0259lidir\u201d. AZ\u018fRTAC\u00a0x\u0259b\u0259r verir ki, bu fikri Az\u0259rbaycan Prezidenti\u00a0\u0130lham \u018fliyev\u00a0mart\u0131n 2-d\u0259 Qo\u015fulmama H\u0259r\u0259kat\u0131n\u0131n COVID-19-a qar\u015f\u0131 m\u00fcbariz\u0259 \u00fczr\u0259 T\u0259mas Qrupunun Bak\u0131da ke\u00e7iril\u0259n Zirv\u0259 g\u00f6r\u00fc\u015f\u00fcnd\u0259 \u00e7\u0131x\u0131\u015f\u0131nda bildirib.","_links":{"self":[{"href":"https:\/\/arantv.az\/index.php?rest_route=\/wp\/v2\/posts\/571537"}],"collection":[{"href":"https:\/\/arantv.az\/index.php?rest_route=\/wp\/v2\/posts"}],"about":[{"href":"https:\/\/arantv.az\/index.php?rest_route=\/wp\/v2\/types\/post"}],"author":[{"embeddable":true,"href":"https:\/\/arantv.az\/index.php?rest_route=\/wp\/v2\/users\/2"}],"replies":[{"embeddable":true,"href":"https:\/\/arantv.az\/index.php?rest_route=%2Fwp%2Fv2%2Fcomments&post=571537"}],"version-history":[{"count":0,"href":"https:\/\/arantv.az\/index.php?rest_route=\/wp\/v2\/posts\/571537\/revisions"}],"wp:featuredmedia":[{"embeddable":true,"href":"https:\/\/arantv.az\/index.php?rest_route=\/wp\/v2\/media\/571538"}],"wp:attachment":[{"href":"https:\/\/arantv.az\/index.php?rest_route=%2Fwp%2Fv2%2Fmedia&parent=571537"}],"wp:term":[{"taxonomy":"category","embeddable":true,"href":"https:\/\/arantv.az\/index.php?rest_route=%2Fwp%2Fv2%2Fcategories&post=571537"},{"taxonomy":"post_tag","embeddable":true,"href":"https:\/\/arantv.az\/index.php?rest_route=%2Fwp%2Fv2%2Ftags&post=571537"}],"curies":[{"name":"wp","href":"https:\/\/api.w.org\/{rel}","templated":true}]}}