{"id":571541,"date":"2023-03-02T10:07:49","date_gmt":"2023-03-02T07:07:49","guid":{"rendered":"https:\/\/arantv.az\/?p=571541"},"modified":"2023-03-02T10:07:49","modified_gmt":"2023-03-02T07:07:49","slug":"az%c9%99rbaycan-prezidenti-t%c9%99%c9%99ssuf-ki-bu-gun-biz-neokolonializm-meylinin-artdigini-musahid%c9%99-edirik","status":"publish","type":"post","link":"https:\/\/arantv.az\/?p=571541","title":{"rendered":"Az\u0259rbaycan Prezidenti: \u201cT\u0259\u0259ss\u00fcf ki, bu g\u00fcn biz neokolonializm meylinin artd\u0131\u011f\u0131n\u0131 m\u00fc\u015fahid\u0259 edirik\u201d"},"content":{"rendered":"<p>\u201cT\u0259\u0259ss\u00fcf ki, bu g\u00fcn biz neokolonializm meylinin artd\u0131\u011f\u0131n\u0131 m\u00fc\u015fahid\u0259 edirik\u201d.<\/p>\n<p><a href=\"https:\/\/azertag.az\/xeber\/Azerbaycan_Prezidenti_Teessuf_ki_bu_gun_biz_neokolonializm_meylinin_artdigini_musahide_edirik-2513405\" target=\"_blank\" rel=\"noopener\">AZ\u018fRTAC<\/a>\u00a0x\u0259b\u0259r verir ki, bu s\u00f6zl\u0259ri mart\u0131n 2-d\u0259 Az\u0259rbaycan Prezidenti\u00a0<strong>\u0130lham \u018fliyev<\/strong>\u00a0Qo\u015fulmama H\u0259r\u0259kat\u0131n\u0131n COVID-19-a qar\u015f\u0131 m\u00fcbariz\u0259 \u00fczr\u0259 T\u0259mas Qrupunun Bak\u0131da ke\u00e7iril\u0259n Zirv\u0259 g\u00f6r\u00fc\u015f\u00fcnd\u0259 \u00e7\u0131x\u0131\u015f\u0131nda bildirib.<\/p>\n<p>\u201cTarixi m\u00fcst\u0259ml\u0259k\u0259sizl\u0259\u015fdirm\u0259 prosesi n\u0259tic\u0259sind\u0259 yaranm\u0131\u015f Qo\u015fulmama H\u0259r\u0259kat\u0131 b\u0259\u015f\u0259riyy\u0259tin bu r\u00fcsvay\u00e7\u0131 s\u0259hif\u0259sinin tamamil\u0259 aradan qald\u0131r\u0131lmas\u0131 istiqam\u0259tind\u0259 s\u0259yl\u0259rini birl\u0259\u015fdirm\u0259lidir\u201d, &#8211; dey\u0259 Az\u0259rbaycan Prezidenti vur\u011fulay\u0131b.<\/p>\n","protected":false},"excerpt":{"rendered":"<p>\u201cT\u0259\u0259ss\u00fcf ki, bu g\u00fcn biz neokolonializm meylinin artd\u0131\u011f\u0131n\u0131 m\u00fc\u015fahid\u0259 edirik\u201d. AZ\u018fRTAC\u00a0x\u0259b\u0259r verir ki, bu s\u00f6zl\u0259ri mart\u0131n 2-d\u0259 Az\u0259rbaycan Prezidenti\u00a0\u0130lham \u018fliyev\u00a0Qo\u015fulmama H\u0259r\u0259kat\u0131n\u0131n COVID-19-a qar\u015f\u0131 m\u00fcbariz\u0259 \u00fczr\u0259 T\u0259mas Qrupunun Bak\u0131da ke\u00e7iril\u0259n Zirv\u0259 g\u00f6r\u00fc\u015f\u00fcnd\u0259 \u00e7\u0131x\u0131\u015f\u0131nda bildirib. \u201cTarixi m\u00fcst\u0259ml\u0259k\u0259sizl\u0259\u015fdirm\u0259 prosesi n\u0259tic\u0259sind\u0259 yaranm\u0131\u015f Qo\u015fulmama H\u0259r\u0259kat\u0131 b\u0259\u015f\u0259riyy\u0259tin bu r\u00fcsvay\u00e7\u0131 s\u0259hif\u0259sinin tamamil\u0259 aradan qald\u0131r\u0131lmas\u0131 istiqam\u0259tind\u0259 s\u0259yl\u0259rini birl\u0259\u015fdirm\u0259lidir\u201d, &#8211; dey\u0259 Az\u0259rbaycan Prezidenti vur\u011fulay\u0131b.<\/p>\n","protected":false},"author":2,"featured_media":571542,"comment_status":"closed","ping_status":"closed","sticky":false,"template":"","format":"standard","meta":{"om_disable_all_campaigns":false,"_monsterinsights_skip_tracking":false,"_monsterinsights_sitenote_active":false,"_monsterinsights_sitenote_note":"","_monsterinsights_sitenote_category":0},"categories":[4],"tags":[],"aioseo_notices":[],"gutentor_comment":0,"rttpg_featured_image_url":{"full":["https:\/\/arantv.az\/wp-content\/uploads\/2023\/03\/16777399373150848707_1200x630.jpg",620,413,false],"landscape":["https:\/\/arantv.az\/wp-content\/uploads\/2023\/03\/16777399373150848707_1200x630.jpg",620,413,false],"portraits":["https:\/\/arantv.az\/wp-content\/uploads\/2023\/03\/16777399373150848707_1200x630.jpg",620,413,false],"thumbnail":["https:\/\/arantv.az\/wp-content\/uploads\/2023\/03\/16777399373150848707_1200x630-500x280.jpg",500,280,true],"medium":["https:\/\/arantv.az\/wp-content\/uploads\/2023\/03\/16777399373150848707_1200x630-548x365.jpg",548,365,true],"large":["https:\/\/arantv.az\/wp-content\/uploads\/2023\/03\/16777399373150848707_1200x630.jpg",620,413,false],"1536x1536":["https:\/\/arantv.az\/wp-content\/uploads\/2023\/03\/16777399373150848707_1200x630.jpg",620,413,false],"2048x2048":["https:\/\/arantv.az\/wp-content\/uploads\/2023\/03\/16777399373150848707_1200x630.jpg",620,413,false],"post-thumbnail":["https:\/\/arantv.az\/wp-content\/uploads\/2023\/03\/16777399373150848707_1200x630-240x172.jpg",240,172,true],"advps-thumb-one":["https:\/\/arantv.az\/wp-content\/uploads\/2023\/03\/16777399373150848707_1200x630.jpg",620,413,false]},"rttpg_author":{"display_name":"V\u00fcsal Rafiqo\u011flu","author_link":"https:\/\/arantv.az\/?author=2"},"rttpg_comment":0,"rttpg_category":"<a href=\"https:\/\/arantv.az\/?cat=4\" rel=\"category\">Siyas\u0259t<\/a>","rttpg_excerpt":"\u201cT\u0259\u0259ss\u00fcf ki, bu g\u00fcn biz neokolonializm meylinin artd\u0131\u011f\u0131n\u0131 m\u00fc\u015fahid\u0259 edirik\u201d. AZ\u018fRTAC\u00a0x\u0259b\u0259r verir ki, bu s\u00f6zl\u0259ri mart\u0131n 2-d\u0259 Az\u0259rbaycan Prezidenti\u00a0\u0130lham \u018fliyev\u00a0Qo\u015fulmama H\u0259r\u0259kat\u0131n\u0131n COVID-19-a qar\u015f\u0131 m\u00fcbariz\u0259 \u00fczr\u0259 T\u0259mas Qrupunun Bak\u0131da ke\u00e7iril\u0259n Zirv\u0259 g\u00f6r\u00fc\u015f\u00fcnd\u0259 \u00e7\u0131x\u0131\u015f\u0131nda bildirib. \u201cTarixi m\u00fcst\u0259ml\u0259k\u0259sizl\u0259\u015fdirm\u0259 prosesi n\u0259tic\u0259sind\u0259 yaranm\u0131\u015f Qo\u015fulmama H\u0259r\u0259kat\u0131 b\u0259\u015f\u0259riyy\u0259tin bu r\u00fcsvay\u00e7\u0131 s\u0259hif\u0259sinin tamamil\u0259 aradan qald\u0131r\u0131lmas\u0131 istiqam\u0259tind\u0259 s\u0259yl\u0259rini birl\u0259\u015fdirm\u0259lidir\u201d, &#8211; dey\u0259 Az\u0259rbaycan Prezidenti vur\u011fulay\u0131b.","_links":{"self":[{"href":"https:\/\/arantv.az\/index.php?rest_route=\/wp\/v2\/posts\/571541"}],"collection":[{"href":"https:\/\/arantv.az\/index.php?rest_route=\/wp\/v2\/posts"}],"about":[{"href":"https:\/\/arantv.az\/index.php?rest_route=\/wp\/v2\/types\/post"}],"author":[{"embeddable":true,"href":"https:\/\/arantv.az\/index.php?rest_route=\/wp\/v2\/users\/2"}],"replies":[{"embeddable":true,"href":"https:\/\/arantv.az\/index.php?rest_route=%2Fwp%2Fv2%2Fcomments&post=571541"}],"version-history":[{"count":0,"href":"https:\/\/arantv.az\/index.php?rest_route=\/wp\/v2\/posts\/571541\/revisions"}],"wp:featuredmedia":[{"embeddable":true,"href":"https:\/\/arantv.az\/index.php?rest_route=\/wp\/v2\/media\/571542"}],"wp:attachment":[{"href":"https:\/\/arantv.az\/index.php?rest_route=%2Fwp%2Fv2%2Fmedia&parent=571541"}],"wp:term":[{"taxonomy":"category","embeddable":true,"href":"https:\/\/arantv.az\/index.php?rest_route=%2Fwp%2Fv2%2Fcategories&post=571541"},{"taxonomy":"post_tag","embeddable":true,"href":"https:\/\/arantv.az\/index.php?rest_route=%2Fwp%2Fv2%2Ftags&post=571541"}],"curies":[{"name":"wp","href":"https:\/\/api.w.org\/{rel}","templated":true}]}}