{"id":571772,"date":"2023-03-02T14:05:56","date_gmt":"2023-03-02T11:05:56","guid":{"rendered":"https:\/\/arantv.az\/?p=571772"},"modified":"2023-03-02T14:05:56","modified_gmt":"2023-03-02T11:05:56","slug":"haci-sahin-il%c9%99-vida-m%c9%99rasimi-basa-catdi-yenil%c9%99nir-foto-video","status":"publish","type":"post","link":"https:\/\/arantv.az\/?p=571772","title":{"rendered":"Hac\u0131 \u015eahin il\u0259 vida m\u0259rasimi ba\u015fa \u00e7atd\u0131 &#8211; YEN\u0130L\u018fN\u0130R + FOTO\/V\u0130DEO"},"content":{"rendered":"<p>Qafqaz M\u00fcs\u0259lmanlar\u0131 \u0130dar\u0259si (QM\u0130) s\u0259drinin s\u0259lahiyy\u0259tli n\u00fcmay\u0259nd\u0259si, din xadimi Hac\u0131 \u015eahin H\u0259s\u0259nli il\u0259 vida m\u0259rasimi ba\u015fa \u00e7at\u0131b.<\/p>\n<p><strong>ARANTV.AZ <\/strong>\u00a0x\u0259b\u0259r verir ki, onun c\u0259naz\u0259si d\u0259fn olunmas\u0131 \u00fc\u00e7\u00fcn M\u0259\u015f\u0259di Dada\u015f m\u0259scidind\u0259n g\u00f6t\u00fcr\u00fcl\u00fcb.<\/p>\n<div class=\"AdviadNativeVideo\"><\/div>\n<p>\u015e.H\u0259s\u0259nli yax\u0131n saatlarda \u201cQurd qap\u0131s\u0131\u201d q\u0259biristanl\u0131\u011f\u0131nda torpa\u011fa tap\u015f\u0131r\u0131lacaq.<\/p>\n<p><strong>10:10<\/strong><\/p>\n<p>Qafqaz M\u00fcs\u0259lmanlar\u0131 \u0130dar\u0259si (QM\u0130) s\u0259drinin s\u0259lahiyy\u0259tli n\u00fcmay\u0259nd\u0259si, din xadimi Hac\u0131 \u015eahin H\u0259s\u0259nlinin d\u0259fn yeri a\u00e7\u0131qlan\u0131b.<\/p>\n<p>\u201c\u018fjd\u0259rb\u0259y\u201d m\u0259scidinin icma s\u0259dri, hac\u0131\u00a0<strong>H\u0259md\u00fcllah Babayev <\/strong>Oxu.Az-a a\u00e7\u0131qlamas\u0131nda bildirib ki, o, \u201cQurd qap\u0131s\u0131\u201d q\u0259biristanl\u0131\u011f\u0131nda torpa\u011fa tap\u015f\u0131r\u0131lacaq.<\/p>\n<p>H.Babayev qeyd edib ki, d\u0259fn m\u0259rasimi saat 15:00-da planla\u015fd\u0131r\u0131l\u0131r.<\/p>\n<div><iframe loading=\"lazy\" title=\"YouTube video player\" src=\"https:\/\/www.youtube.com\/embed\/M20wYTcoKhY\" width=\"560\" height=\"315\" frameborder=\"0\" allowfullscreen=\"allowfullscreen\" data-mce-fragment=\"1\"><\/iframe><\/div>\n","protected":false},"excerpt":{"rendered":"<p>Qafqaz M\u00fcs\u0259lmanlar\u0131 \u0130dar\u0259si (QM\u0130) s\u0259drinin s\u0259lahiyy\u0259tli n\u00fcmay\u0259nd\u0259si, din xadimi Hac\u0131 \u015eahin H\u0259s\u0259nli il\u0259 vida m\u0259rasimi ba\u015fa \u00e7at\u0131b. ARANTV.AZ \u00a0x\u0259b\u0259r verir ki, onun c\u0259naz\u0259si d\u0259fn olunmas\u0131 \u00fc\u00e7\u00fcn M\u0259\u015f\u0259di Dada\u015f m\u0259scidind\u0259n g\u00f6t\u00fcr\u00fcl\u00fcb. \u015e.H\u0259s\u0259nli yax\u0131n saatlarda \u201cQurd qap\u0131s\u0131\u201d q\u0259biristanl\u0131\u011f\u0131nda torpa\u011fa tap\u015f\u0131r\u0131lacaq. 10:10 Qafqaz M\u00fcs\u0259lmanlar\u0131 \u0130dar\u0259si (QM\u0130) s\u0259drinin s\u0259lahiyy\u0259tli n\u00fcmay\u0259nd\u0259si, din xadimi Hac\u0131 \u015eahin H\u0259s\u0259nlinin d\u0259fn yeri a\u00e7\u0131qlan\u0131b. \u201c\u018fjd\u0259rb\u0259y\u201d m\u0259scidinin icma s\u0259dri, hac\u0131\u00a0H\u0259md\u00fcllah Babayev Oxu.Az-a a\u00e7\u0131qlamas\u0131nda bildirib ki, o, \u201cQurd qap\u0131s\u0131\u201d q\u0259biristanl\u0131\u011f\u0131nda torpa\u011fa tap\u015f\u0131r\u0131lacaq. H.Babayev qeyd edib ki, d\u0259fn m\u0259rasimi saat 15:00-da planla\u015fd\u0131r\u0131l\u0131r.<\/p>\n","protected":false},"author":2,"featured_media":571773,"comment_status":"closed","ping_status":"closed","sticky":false,"template":"","format":"standard","meta":{"om_disable_all_campaigns":false,"_monsterinsights_skip_tracking":false,"_monsterinsights_sitenote_active":false,"_monsterinsights_sitenote_note":"","_monsterinsights_sitenote_category":0},"categories":[1],"tags":[],"aioseo_notices":[],"gutentor_comment":0,"rttpg_featured_image_url":{"full":["https:\/\/arantv.az\/wp-content\/uploads\/2023\/03\/vida.jpg",620,413,false],"landscape":["https:\/\/arantv.az\/wp-content\/uploads\/2023\/03\/vida.jpg",620,413,false],"portraits":["https:\/\/arantv.az\/wp-content\/uploads\/2023\/03\/vida.jpg",620,413,false],"thumbnail":["https:\/\/arantv.az\/wp-content\/uploads\/2023\/03\/vida-500x280.jpg",500,280,true],"medium":["https:\/\/arantv.az\/wp-content\/uploads\/2023\/03\/vida-548x365.jpg",548,365,true],"large":["https:\/\/arantv.az\/wp-content\/uploads\/2023\/03\/vida.jpg",620,413,false],"1536x1536":["https:\/\/arantv.az\/wp-content\/uploads\/2023\/03\/vida.jpg",620,413,false],"2048x2048":["https:\/\/arantv.az\/wp-content\/uploads\/2023\/03\/vida.jpg",620,413,false],"post-thumbnail":["https:\/\/arantv.az\/wp-content\/uploads\/2023\/03\/vida-240x172.jpg",240,172,true],"advps-thumb-one":["https:\/\/arantv.az\/wp-content\/uploads\/2023\/03\/vida.jpg",620,413,false]},"rttpg_author":{"display_name":"V\u00fcsal Rafiqo\u011flu","author_link":"https:\/\/arantv.az\/?author=2"},"rttpg_comment":0,"rttpg_category":"<a href=\"https:\/\/arantv.az\/?cat=1\" rel=\"category\">C\u0259miyy\u0259t<\/a>","rttpg_excerpt":"Qafqaz M\u00fcs\u0259lmanlar\u0131 \u0130dar\u0259si (QM\u0130) s\u0259drinin s\u0259lahiyy\u0259tli n\u00fcmay\u0259nd\u0259si, din xadimi Hac\u0131 \u015eahin H\u0259s\u0259nli il\u0259 vida m\u0259rasimi ba\u015fa \u00e7at\u0131b. ARANTV.AZ \u00a0x\u0259b\u0259r verir ki, onun c\u0259naz\u0259si d\u0259fn olunmas\u0131 \u00fc\u00e7\u00fcn M\u0259\u015f\u0259di Dada\u015f m\u0259scidind\u0259n g\u00f6t\u00fcr\u00fcl\u00fcb. \u015e.H\u0259s\u0259nli yax\u0131n saatlarda \u201cQurd qap\u0131s\u0131\u201d q\u0259biristanl\u0131\u011f\u0131nda torpa\u011fa tap\u015f\u0131r\u0131lacaq. 10:10 Qafqaz M\u00fcs\u0259lmanlar\u0131 \u0130dar\u0259si (QM\u0130) s\u0259drinin s\u0259lahiyy\u0259tli n\u00fcmay\u0259nd\u0259si, din xadimi Hac\u0131 \u015eahin H\u0259s\u0259nlinin d\u0259fn yeri a\u00e7\u0131qlan\u0131b. \u201c\u018fjd\u0259rb\u0259y\u201d&hellip;","_links":{"self":[{"href":"https:\/\/arantv.az\/index.php?rest_route=\/wp\/v2\/posts\/571772"}],"collection":[{"href":"https:\/\/arantv.az\/index.php?rest_route=\/wp\/v2\/posts"}],"about":[{"href":"https:\/\/arantv.az\/index.php?rest_route=\/wp\/v2\/types\/post"}],"author":[{"embeddable":true,"href":"https:\/\/arantv.az\/index.php?rest_route=\/wp\/v2\/users\/2"}],"replies":[{"embeddable":true,"href":"https:\/\/arantv.az\/index.php?rest_route=%2Fwp%2Fv2%2Fcomments&post=571772"}],"version-history":[{"count":0,"href":"https:\/\/arantv.az\/index.php?rest_route=\/wp\/v2\/posts\/571772\/revisions"}],"wp:featuredmedia":[{"embeddable":true,"href":"https:\/\/arantv.az\/index.php?rest_route=\/wp\/v2\/media\/571773"}],"wp:attachment":[{"href":"https:\/\/arantv.az\/index.php?rest_route=%2Fwp%2Fv2%2Fmedia&parent=571772"}],"wp:term":[{"taxonomy":"category","embeddable":true,"href":"https:\/\/arantv.az\/index.php?rest_route=%2Fwp%2Fv2%2Fcategories&post=571772"},{"taxonomy":"post_tag","embeddable":true,"href":"https:\/\/arantv.az\/index.php?rest_route=%2Fwp%2Fv2%2Ftags&post=571772"}],"curies":[{"name":"wp","href":"https:\/\/api.w.org\/{rel}","templated":true}]}}