{"id":571827,"date":"2023-03-02T15:09:07","date_gmt":"2023-03-02T12:09:07","guid":{"rendered":"https:\/\/arantv.az\/?p=571827"},"modified":"2023-03-02T15:09:07","modified_gmt":"2023-03-02T12:09:07","slug":"ilham-%c9%99liyev-%c9%99lc%c9%99zairin-bas-naziri-il%c9%99-gorusub-yenil%c9%99nib-foto","status":"publish","type":"post","link":"https:\/\/arantv.az\/?p=571827","title":{"rendered":"\u0130lham \u018fliyev \u018flc\u0259zairin ba\u015f naziri il\u0259 g\u00f6r\u00fc\u015f\u00fcb &#8211; YEN\u0130L\u018fN\u0130B + FOTO"},"content":{"rendered":"<p>Az\u0259rbaycan Respublikas\u0131n\u0131n Prezidenti\u00a0<strong>\u0130lham \u018fliyev<\/strong>\u00a0mart\u0131n 2-d\u0259 \u018flc\u0259zair Xalq Demokratik Respublikas\u0131n\u0131n Ba\u015f naziri Ayman Benabderrahman il\u0259 g\u00f6r\u00fc\u015f\u00fcb.<\/p>\n<p>AZ\u018fRTAC x\u0259b\u0259r verir ki, Prezident \u0130lham \u018fliyev \u018flc\u0259zair Prezidenti Abdelmacid Tebbunun d\u0259v\u0259ti il\u0259 \u018fr\u0259b D\u00f6vl\u0259tl\u0259ri Liqas\u0131n\u0131n 31-ci Zirv\u0259 toplant\u0131s\u0131nda i\u015ftirak\u0131n\u0131 m\u0259mnunluqla xat\u0131rlay\u0131b. D\u00f6vl\u0259timizin ba\u015f\u00e7\u0131s\u0131 s\u0259f\u0259r \u00e7\u0259r\u00e7iv\u0259sind\u0259 Az\u0259rbaycanla \u018flc\u0259zair aras\u0131nda ikit\u0259r\u0259fli \u0259laq\u0259l\u0259rin perspektivl\u0259rin\u0259 dair m\u00fczakir\u0259l\u0259rin d\u0259 apar\u0131ld\u0131\u011f\u0131n\u0131 diqq\u0259t\u0259 \u00e7atd\u0131r\u0131b.<\/p>\n<div class=\"AdviadNativeVideo\"><\/div>\n<p>Ba\u015f nazir \u018flc\u0259zair Prezidenti Abdelmacid Tebbunun s\u0259mimi salamlar\u0131n\u0131 d\u00f6vl\u0259timizin ba\u015f\u00e7\u0131s\u0131na \u00e7atd\u0131r\u0131b.<\/p>\n<p>D\u00f6vl\u0259timizin ba\u015f\u00e7\u0131s\u0131 salamlara g\u00f6r\u0259 minn\u0259tdarl\u0131\u011f\u0131n\u0131 bildirib, onun da salamlar\u0131n\u0131 v\u0259 \u00f6lk\u0259miz\u0259 s\u0259f\u0259r etm\u0259kl\u0259 ba\u011fl\u0131 d\u0259v\u0259tini \u018flc\u0259zair d\u00f6vl\u0259tinin ba\u015f\u00e7\u0131s\u0131na \u00e7atd\u0131rma\u011f\u0131 xahi\u015f edib.<\/p>\n<p>Qo\u015fulmama H\u0259r\u0259kat\u0131n\u0131n Bak\u0131da ke\u00e7iril\u0259n Zirv\u0259 g\u00f6r\u00fc\u015f\u00fcn\u0259 d\u0259v\u0259t\u0259 g\u00f6r\u0259 minn\u0259tdarl\u0131\u011f\u0131n\u0131 bildir\u0259n Ba\u015f nazir bu t\u0259dbirin y\u00fcks\u0259k s\u0259viyy\u0259d\u0259 t\u0259\u015fkilin\u0259 v\u0259 Az\u0259rbaycan\u0131n Qo\u015fulmama H\u0259r\u0259kat\u0131nda u\u011furlu s\u0259drliyin\u0259 g\u00f6r\u0259 Prezident \u0130lham \u018fliyevi t\u0259brik edib, \u00f6lk\u0259mizin s\u0259drliyi say\u0259sind\u0259 H\u0259r\u0259kat\u0131n beyn\u0259lxalq m\u00fcnasib\u0259tl\u0259rd\u0259 oynad\u0131\u011f\u0131 rolun daha da g\u00fccl\u0259ndiyini vur\u011fulay\u0131b.<\/p>\n<p>Ayman Benabderrahman \u018flc\u0259zairin Az\u0259rbaycanla qar\u015f\u0131l\u0131ql\u0131 m\u00fcnasib\u0259tl\u0259rin h\u0259rt\u0259r\u0259fli inki\u015faf\u0131nda maraql\u0131 oldu\u011funu deyib. Qeyd edib ki, haz\u0131rda parlamentl\u0259raras\u0131 \u0259m\u0259kda\u015fl\u0131q v\u0259 \u0259dliyy\u0259 sah\u0259sind\u0259 \u0259laq\u0259l\u0259rimiz inki\u015faf edir, eyni zamanda, Xarici \u0130\u015fl\u0259r nazirlikl\u0259ri s\u0259viyy\u0259sind\u0259 siyasi dialoq mexanizmi ba\u015flay\u0131b v\u0259 yax\u0131n vaxtlarda siyasi m\u0259sl\u0259h\u0259tl\u0259\u015fm\u0259l\u0259r ke\u00e7iril\u0259c\u0259k.<\/p>\n<p>Az\u0259rbaycan\u0131n Qo\u015fulmama H\u0259r\u0259kat\u0131na s\u0259drliyinin bu ilin sonunda ba\u015fa \u00e7ataca\u011f\u0131n\u0131 vur\u011fulayan d\u00f6vl\u0259timizin ba\u015f\u00e7\u0131s\u0131 deyib ki, \u00f6lk\u0259miz s\u0259drliyi d\u00f6vr\u00fcnd\u0259 H\u0259r\u0259kat\u0131n t\u0259sisatlanmas\u0131 istiqam\u0259tind\u0259 f\u0259al \u015f\u0259kild\u0259 \u00e7al\u0131\u015f\u0131b.<\/p>\n<p>Prezident \u0130lham \u018fliyev, h\u0259m\u00e7inin az\u0259rbaycanl\u0131 m\u00fct\u0259x\u0259ssisl\u0259rin, o c\u00fcml\u0259d\u0259n neft\u00e7il\u0259rin, geoloqlar\u0131n v\u0259 m\u0259d\u0259niyy\u0259t xadiml\u0259rinin \u018flc\u0259zaird\u0259 u\u011furla f\u0259aliyy\u0259t g\u00f6st\u0259rdikl\u0259rini deyib.<\/p>\n<p>Ba\u015f nazir Ayman Benabderrahman da \u00f6z n\u00f6vb\u0259sind\u0259 \u018flc\u0259zair m\u00fcst\u0259qillik qazanandan sonra az\u0259rbaycanl\u0131 m\u00fct\u0259x\u0259ssisl\u0259rin \u00f6lk\u0259sinin inki\u015faf\u0131na verdiyi t\u00f6hf\u0259l\u0259rin y\u00fcks\u0259k qiym\u0259tl\u0259ndirildiyini vur\u011fulay\u0131b.<\/p>\n<p><strong>13:36<\/strong><\/p>\n<p>Az\u0259rbaycan Respublikas\u0131n\u0131n Prezidenti\u00a0<strong>\u0130lham \u018fliyev<\/strong>\u00a0mart\u0131n 2-d\u0259 \u018flc\u0259zair Xalq Demokratik Respublikas\u0131n\u0131n Ba\u015f naziri Ayman Benabderrahman il\u0259 g\u00f6r\u00fc\u015f\u00fcb.<\/p>\n<p>Bu bar\u0259d\u0259\u00a0<a href=\"https:\/\/azertag.az\/xeber\/Azerbaycan_Prezidenti_Ilham_Aliyev_Alcezairin_Bas_naziri_ile_gorusub_YENILANACAK-2513999\" target=\"_blank\" rel=\"noopener\">AZ\u018fRTAC<\/a>\u00a0m\u0259lumat verib.<\/p>\n<p><img src=\"https:\/\/cdn.oxu.az\/uploads\/W1siZiIsIjIwMjMvMDMvMDIvMTMvMzUvNDQvZTRkYmQyMGYtZGEzMy00MzA5LWEyODktODY3ZjlhNjY0NjQ4LzE2Nzc3NDk0NDQ1MTI0NjYzMTQ3XzEwMDB4NjY5LmpwZyJdLFsicCIsImVuY29kZSIsImpwZyIsIi1xdWFsaXR5IDgwIl0sWyJwIiwidGh1bWIiLCI1OTB4NTkwXHUwMDNlIl1d?sha=ff53381c814ad09f\" alt=\"\" \/><img src=\"https:\/\/cdn.oxu.az\/uploads\/W1siZiIsIjIwMjMvMDMvMDIvMTMvMzUvNDQvODAxMGEwNWItN2RhYi00NmJiLTg0ZjQtY2Y4NDA1Y2RjZGI4LzE2Nzc3NDk0NDQ0NTU2NzIxNTAzXzEwMDB4NjY5LmpwZyJdLFsicCIsImVuY29kZSIsImpwZyIsIi1xdWFsaXR5IDgwIl0sWyJwIiwidGh1bWIiLCI1OTB4NTkwXHUwMDNlIl1d?sha=c5bec9dd6417bf2c\" alt=\"\" \/><\/p>\n","protected":false},"excerpt":{"rendered":"<p>Az\u0259rbaycan Respublikas\u0131n\u0131n Prezidenti\u00a0\u0130lham \u018fliyev\u00a0mart\u0131n 2-d\u0259 \u018flc\u0259zair Xalq Demokratik Respublikas\u0131n\u0131n Ba\u015f naziri Ayman Benabderrahman il\u0259 g\u00f6r\u00fc\u015f\u00fcb. AZ\u018fRTAC x\u0259b\u0259r verir ki, Prezident \u0130lham \u018fliyev \u018flc\u0259zair Prezidenti Abdelmacid Tebbunun d\u0259v\u0259ti il\u0259 \u018fr\u0259b D\u00f6vl\u0259tl\u0259ri Liqas\u0131n\u0131n 31-ci Zirv\u0259 toplant\u0131s\u0131nda i\u015ftirak\u0131n\u0131 m\u0259mnunluqla xat\u0131rlay\u0131b. D\u00f6vl\u0259timizin ba\u015f\u00e7\u0131s\u0131 s\u0259f\u0259r \u00e7\u0259r\u00e7iv\u0259sind\u0259 Az\u0259rbaycanla \u018flc\u0259zair aras\u0131nda ikit\u0259r\u0259fli \u0259laq\u0259l\u0259rin perspektivl\u0259rin\u0259 dair m\u00fczakir\u0259l\u0259rin d\u0259 apar\u0131ld\u0131\u011f\u0131n\u0131 diqq\u0259t\u0259 \u00e7atd\u0131r\u0131b. Ba\u015f nazir \u018flc\u0259zair Prezidenti Abdelmacid Tebbunun s\u0259mimi salamlar\u0131n\u0131 d\u00f6vl\u0259timizin ba\u015f\u00e7\u0131s\u0131na \u00e7atd\u0131r\u0131b. D\u00f6vl\u0259timizin ba\u015f\u00e7\u0131s\u0131 salamlara g\u00f6r\u0259 minn\u0259tdarl\u0131\u011f\u0131n\u0131 bildirib, onun da salamlar\u0131n\u0131 v\u0259 \u00f6lk\u0259miz\u0259 s\u0259f\u0259r etm\u0259kl\u0259 ba\u011fl\u0131 d\u0259v\u0259tini \u018flc\u0259zair d\u00f6vl\u0259tinin ba\u015f\u00e7\u0131s\u0131na \u00e7atd\u0131rma\u011f\u0131 xahi\u015f edib. Qo\u015fulmama H\u0259r\u0259kat\u0131n\u0131n Bak\u0131da ke\u00e7iril\u0259n Zirv\u0259&hellip;<\/p>\n","protected":false},"author":2,"featured_media":571828,"comment_status":"closed","ping_status":"closed","sticky":false,"template":"","format":"standard","meta":{"om_disable_all_campaigns":false,"_monsterinsights_skip_tracking":false,"_monsterinsights_sitenote_active":false,"_monsterinsights_sitenote_note":"","_monsterinsights_sitenote_category":0},"categories":[4],"tags":[],"aioseo_notices":[],"gutentor_comment":0,"rttpg_featured_image_url":{"full":["https:\/\/arantv.az\/wp-content\/uploads\/2023\/03\/FotoJet-8.jpg",620,413,false],"landscape":["https:\/\/arantv.az\/wp-content\/uploads\/2023\/03\/FotoJet-8.jpg",620,413,false],"portraits":["https:\/\/arantv.az\/wp-content\/uploads\/2023\/03\/FotoJet-8.jpg",620,413,false],"thumbnail":["https:\/\/arantv.az\/wp-content\/uploads\/2023\/03\/FotoJet-8-500x280.jpg",500,280,true],"medium":["https:\/\/arantv.az\/wp-content\/uploads\/2023\/03\/FotoJet-8-548x365.jpg",548,365,true],"large":["https:\/\/arantv.az\/wp-content\/uploads\/2023\/03\/FotoJet-8.jpg",620,413,false],"1536x1536":["https:\/\/arantv.az\/wp-content\/uploads\/2023\/03\/FotoJet-8.jpg",620,413,false],"2048x2048":["https:\/\/arantv.az\/wp-content\/uploads\/2023\/03\/FotoJet-8.jpg",620,413,false],"post-thumbnail":["https:\/\/arantv.az\/wp-content\/uploads\/2023\/03\/FotoJet-8-240x172.jpg",240,172,true],"advps-thumb-one":["https:\/\/arantv.az\/wp-content\/uploads\/2023\/03\/FotoJet-8.jpg",620,413,false]},"rttpg_author":{"display_name":"V\u00fcsal Rafiqo\u011flu","author_link":"https:\/\/arantv.az\/?author=2"},"rttpg_comment":0,"rttpg_category":"<a href=\"https:\/\/arantv.az\/?cat=4\" rel=\"category\">Siyas\u0259t<\/a>","rttpg_excerpt":"Az\u0259rbaycan Respublikas\u0131n\u0131n Prezidenti\u00a0\u0130lham \u018fliyev\u00a0mart\u0131n 2-d\u0259 \u018flc\u0259zair Xalq Demokratik Respublikas\u0131n\u0131n Ba\u015f naziri Ayman Benabderrahman il\u0259 g\u00f6r\u00fc\u015f\u00fcb. AZ\u018fRTAC x\u0259b\u0259r verir ki, Prezident \u0130lham \u018fliyev \u018flc\u0259zair Prezidenti Abdelmacid Tebbunun d\u0259v\u0259ti il\u0259 \u018fr\u0259b D\u00f6vl\u0259tl\u0259ri Liqas\u0131n\u0131n 31-ci Zirv\u0259 toplant\u0131s\u0131nda i\u015ftirak\u0131n\u0131 m\u0259mnunluqla xat\u0131rlay\u0131b. D\u00f6vl\u0259timizin ba\u015f\u00e7\u0131s\u0131 s\u0259f\u0259r \u00e7\u0259r\u00e7iv\u0259sind\u0259 Az\u0259rbaycanla \u018flc\u0259zair aras\u0131nda ikit\u0259r\u0259fli \u0259laq\u0259l\u0259rin perspektivl\u0259rin\u0259 dair m\u00fczakir\u0259l\u0259rin d\u0259 apar\u0131ld\u0131\u011f\u0131n\u0131 diqq\u0259t\u0259 \u00e7atd\u0131r\u0131b. Ba\u015f nazir&hellip;","_links":{"self":[{"href":"https:\/\/arantv.az\/index.php?rest_route=\/wp\/v2\/posts\/571827"}],"collection":[{"href":"https:\/\/arantv.az\/index.php?rest_route=\/wp\/v2\/posts"}],"about":[{"href":"https:\/\/arantv.az\/index.php?rest_route=\/wp\/v2\/types\/post"}],"author":[{"embeddable":true,"href":"https:\/\/arantv.az\/index.php?rest_route=\/wp\/v2\/users\/2"}],"replies":[{"embeddable":true,"href":"https:\/\/arantv.az\/index.php?rest_route=%2Fwp%2Fv2%2Fcomments&post=571827"}],"version-history":[{"count":0,"href":"https:\/\/arantv.az\/index.php?rest_route=\/wp\/v2\/posts\/571827\/revisions"}],"wp:featuredmedia":[{"embeddable":true,"href":"https:\/\/arantv.az\/index.php?rest_route=\/wp\/v2\/media\/571828"}],"wp:attachment":[{"href":"https:\/\/arantv.az\/index.php?rest_route=%2Fwp%2Fv2%2Fmedia&parent=571827"}],"wp:term":[{"taxonomy":"category","embeddable":true,"href":"https:\/\/arantv.az\/index.php?rest_route=%2Fwp%2Fv2%2Fcategories&post=571827"},{"taxonomy":"post_tag","embeddable":true,"href":"https:\/\/arantv.az\/index.php?rest_route=%2Fwp%2Fv2%2Ftags&post=571827"}],"curies":[{"name":"wp","href":"https:\/\/api.w.org\/{rel}","templated":true}]}}