{"id":571830,"date":"2023-03-02T15:09:38","date_gmt":"2023-03-02T12:09:38","guid":{"rendered":"https:\/\/arantv.az\/?p=571830"},"modified":"2023-03-02T15:09:38","modified_gmt":"2023-03-02T12:09:38","slug":"liviyanin-prezident-surasinin-s%c9%99dri-az%c9%99rbaycan-qosulmama-h%c9%99r%c9%99katinin-inkisafi-ucun-ciddi-s%c9%99yl%c9%99r-gost%c9%99rib","status":"publish","type":"post","link":"https:\/\/arantv.az\/?p=571830","title":{"rendered":"Liviyan\u0131n Prezident \u015euras\u0131n\u0131n s\u0259dri: \u201cAz\u0259rbaycan Qo\u015fulmama H\u0259r\u0259kat\u0131n\u0131n inki\u015faf\u0131 \u00fc\u00e7\u00fcn ciddi s\u0259yl\u0259r g\u00f6st\u0259rib\u201d"},"content":{"rendered":"<p>\u201cQo\u015fulmama H\u0259r\u0259kat\u0131n\u0131n Bak\u0131da ke\u00e7iril\u0259n Zirv\u0259 g\u00f6r\u00fc\u015f\u00fc y\u00fcks\u0259k s\u0259viyy\u0259d\u0259 t\u0259\u015fkil olunub v\u0259 b\u00f6y\u00fck \u0259h\u0259miyy\u0259t k\u0259sb edir\u201d.<\/p>\n<p><a href=\"https:\/\/azertag.az\/xeber\/Liviyanin_Prezident_Surasinin_sedri_Azerbaycan_Qosulmama_Herekatinin_inkisafi_uchun_ciddi_seyler_gosterib-2514359\" target=\"_blank\" rel=\"noopener\">AZ\u018fRTAC<\/a>\u00a0x\u0259b\u0259r verir ki, bu fikri Liviya D\u00f6vl\u0259ti Prezident \u015euras\u0131n\u0131n s\u0259dri M\u0259h\u0259mm\u0259d Yunis \u018fl-M\u0259nfi Az\u0259rbaycan Prezidenti\u00a0<strong>\u0130lham \u018fliyev<\/strong>\u00a0il\u0259 g\u00f6r\u00fc\u015fd\u0259 s\u00f6yl\u0259yib.<\/p>\n<p>T\u0259dbir\u0259 d\u0259v\u0259t\u0259 v\u0259 g\u00f6st\u0259ril\u0259n qonaqp\u0259rv\u0259rliy\u0259 g\u00f6r\u0259 t\u0259\u015f\u0259kk\u00fcr\u00fcn\u00fc bildir\u0259n qonaq Az\u0259rbaycan\u0131n Qo\u015fulmama H\u0259r\u0259kat\u0131n\u0131n inki\u015faf\u0131 \u00fc\u00e7\u00fcn ciddi s\u0259yl\u0259r g\u00f6st\u0259rdiyini v\u0259 t\u00f6hf\u0259l\u0259r verdiyini qeyd edib. M\u0259h\u0259mm\u0259d Yunis \u018fl-M\u0259nfi vur\u011fulay\u0131b ki, Liviya Az\u0259rbaycanla \u0259laq\u0259l\u0259rd\u0259 maraql\u0131d\u0131r v\u0259 beyn\u0259lxalq g\u00fcnd\u0259likd\u0259 duran bir \u00e7ox m\u0259s\u0259l\u0259l\u0259r\u0259 m\u00fcnasib\u0259td\u0259 \u00f6lk\u0259l\u0259rimizin m\u00f6vqel\u0259ri \u00fcst-\u00fcst\u0259 d\u00fc\u015f\u00fcr.<\/p>\n","protected":false},"excerpt":{"rendered":"<p>\u201cQo\u015fulmama H\u0259r\u0259kat\u0131n\u0131n Bak\u0131da ke\u00e7iril\u0259n Zirv\u0259 g\u00f6r\u00fc\u015f\u00fc y\u00fcks\u0259k s\u0259viyy\u0259d\u0259 t\u0259\u015fkil olunub v\u0259 b\u00f6y\u00fck \u0259h\u0259miyy\u0259t k\u0259sb edir\u201d. AZ\u018fRTAC\u00a0x\u0259b\u0259r verir ki, bu fikri Liviya D\u00f6vl\u0259ti Prezident \u015euras\u0131n\u0131n s\u0259dri M\u0259h\u0259mm\u0259d Yunis \u018fl-M\u0259nfi Az\u0259rbaycan Prezidenti\u00a0\u0130lham \u018fliyev\u00a0il\u0259 g\u00f6r\u00fc\u015fd\u0259 s\u00f6yl\u0259yib. T\u0259dbir\u0259 d\u0259v\u0259t\u0259 v\u0259 g\u00f6st\u0259ril\u0259n qonaqp\u0259rv\u0259rliy\u0259 g\u00f6r\u0259 t\u0259\u015f\u0259kk\u00fcr\u00fcn\u00fc bildir\u0259n qonaq Az\u0259rbaycan\u0131n Qo\u015fulmama H\u0259r\u0259kat\u0131n\u0131n inki\u015faf\u0131 \u00fc\u00e7\u00fcn ciddi s\u0259yl\u0259r g\u00f6st\u0259rdiyini v\u0259 t\u00f6hf\u0259l\u0259r verdiyini qeyd edib. M\u0259h\u0259mm\u0259d Yunis \u018fl-M\u0259nfi vur\u011fulay\u0131b ki, Liviya Az\u0259rbaycanla \u0259laq\u0259l\u0259rd\u0259 maraql\u0131d\u0131r v\u0259 beyn\u0259lxalq g\u00fcnd\u0259likd\u0259 duran bir \u00e7ox m\u0259s\u0259l\u0259l\u0259r\u0259 m\u00fcnasib\u0259td\u0259 \u00f6lk\u0259l\u0259rimizin m\u00f6vqel\u0259ri \u00fcst-\u00fcst\u0259 d\u00fc\u015f\u00fcr.<\/p>\n","protected":false},"author":2,"featured_media":571831,"comment_status":"closed","ping_status":"closed","sticky":false,"template":"","format":"standard","meta":{"om_disable_all_campaigns":false,"_monsterinsights_skip_tracking":false,"_monsterinsights_sitenote_active":false,"_monsterinsights_sitenote_note":"","_monsterinsights_sitenote_category":0},"categories":[4],"tags":[],"aioseo_notices":[],"gutentor_comment":0,"rttpg_featured_image_url":{"full":["https:\/\/arantv.az\/wp-content\/uploads\/2023\/03\/16777489204933335265_1000x669.jpg",620,413,false],"landscape":["https:\/\/arantv.az\/wp-content\/uploads\/2023\/03\/16777489204933335265_1000x669.jpg",620,413,false],"portraits":["https:\/\/arantv.az\/wp-content\/uploads\/2023\/03\/16777489204933335265_1000x669.jpg",620,413,false],"thumbnail":["https:\/\/arantv.az\/wp-content\/uploads\/2023\/03\/16777489204933335265_1000x669-500x280.jpg",500,280,true],"medium":["https:\/\/arantv.az\/wp-content\/uploads\/2023\/03\/16777489204933335265_1000x669-548x365.jpg",548,365,true],"large":["https:\/\/arantv.az\/wp-content\/uploads\/2023\/03\/16777489204933335265_1000x669.jpg",620,413,false],"1536x1536":["https:\/\/arantv.az\/wp-content\/uploads\/2023\/03\/16777489204933335265_1000x669.jpg",620,413,false],"2048x2048":["https:\/\/arantv.az\/wp-content\/uploads\/2023\/03\/16777489204933335265_1000x669.jpg",620,413,false],"post-thumbnail":["https:\/\/arantv.az\/wp-content\/uploads\/2023\/03\/16777489204933335265_1000x669-240x172.jpg",240,172,true],"advps-thumb-one":["https:\/\/arantv.az\/wp-content\/uploads\/2023\/03\/16777489204933335265_1000x669.jpg",620,413,false]},"rttpg_author":{"display_name":"V\u00fcsal Rafiqo\u011flu","author_link":"https:\/\/arantv.az\/?author=2"},"rttpg_comment":0,"rttpg_category":"<a href=\"https:\/\/arantv.az\/?cat=4\" rel=\"category\">Siyas\u0259t<\/a>","rttpg_excerpt":"\u201cQo\u015fulmama H\u0259r\u0259kat\u0131n\u0131n Bak\u0131da ke\u00e7iril\u0259n Zirv\u0259 g\u00f6r\u00fc\u015f\u00fc y\u00fcks\u0259k s\u0259viyy\u0259d\u0259 t\u0259\u015fkil olunub v\u0259 b\u00f6y\u00fck \u0259h\u0259miyy\u0259t k\u0259sb edir\u201d. AZ\u018fRTAC\u00a0x\u0259b\u0259r verir ki, bu fikri Liviya D\u00f6vl\u0259ti Prezident \u015euras\u0131n\u0131n s\u0259dri M\u0259h\u0259mm\u0259d Yunis \u018fl-M\u0259nfi Az\u0259rbaycan Prezidenti\u00a0\u0130lham \u018fliyev\u00a0il\u0259 g\u00f6r\u00fc\u015fd\u0259 s\u00f6yl\u0259yib. T\u0259dbir\u0259 d\u0259v\u0259t\u0259 v\u0259 g\u00f6st\u0259ril\u0259n qonaqp\u0259rv\u0259rliy\u0259 g\u00f6r\u0259 t\u0259\u015f\u0259kk\u00fcr\u00fcn\u00fc bildir\u0259n qonaq Az\u0259rbaycan\u0131n Qo\u015fulmama H\u0259r\u0259kat\u0131n\u0131n inki\u015faf\u0131 \u00fc\u00e7\u00fcn ciddi s\u0259yl\u0259r g\u00f6st\u0259rdiyini v\u0259 t\u00f6hf\u0259l\u0259r verdiyini qeyd edib.&hellip;","_links":{"self":[{"href":"https:\/\/arantv.az\/index.php?rest_route=\/wp\/v2\/posts\/571830"}],"collection":[{"href":"https:\/\/arantv.az\/index.php?rest_route=\/wp\/v2\/posts"}],"about":[{"href":"https:\/\/arantv.az\/index.php?rest_route=\/wp\/v2\/types\/post"}],"author":[{"embeddable":true,"href":"https:\/\/arantv.az\/index.php?rest_route=\/wp\/v2\/users\/2"}],"replies":[{"embeddable":true,"href":"https:\/\/arantv.az\/index.php?rest_route=%2Fwp%2Fv2%2Fcomments&post=571830"}],"version-history":[{"count":0,"href":"https:\/\/arantv.az\/index.php?rest_route=\/wp\/v2\/posts\/571830\/revisions"}],"wp:featuredmedia":[{"embeddable":true,"href":"https:\/\/arantv.az\/index.php?rest_route=\/wp\/v2\/media\/571831"}],"wp:attachment":[{"href":"https:\/\/arantv.az\/index.php?rest_route=%2Fwp%2Fv2%2Fmedia&parent=571830"}],"wp:term":[{"taxonomy":"category","embeddable":true,"href":"https:\/\/arantv.az\/index.php?rest_route=%2Fwp%2Fv2%2Fcategories&post=571830"},{"taxonomy":"post_tag","embeddable":true,"href":"https:\/\/arantv.az\/index.php?rest_route=%2Fwp%2Fv2%2Ftags&post=571830"}],"curies":[{"name":"wp","href":"https:\/\/api.w.org\/{rel}","templated":true}]}}