{"id":571840,"date":"2023-03-02T15:38:23","date_gmt":"2023-03-02T12:38:23","guid":{"rendered":"https:\/\/arantv.az\/?p=571840"},"modified":"2023-03-02T15:38:23","modified_gmt":"2023-03-02T12:38:23","slug":"ceyhun-bayramov-sudanli-h%c9%99mkari-il%c9%99-gorusub-foto","status":"publish","type":"post","link":"https:\/\/arantv.az\/?p=571840","title":{"rendered":"Ceyhun Bayramov sudanl\u0131 h\u0259mkar\u0131 il\u0259 g\u00f6r\u00fc\u015f\u00fcb &#8211; FOTO"},"content":{"rendered":"<p>Mart\u0131n 2-d\u0259 Az\u0259rbaycan\u0131n xarici i\u015fl\u0259r naziri Ceyhun Bayramov Qo\u015fulmama H\u0259r\u0259kat\u0131n\u0131n (QH) COVID-19-a qar\u015f\u0131 m\u00fcbariz\u0259 \u00fczr\u0259 T\u0259mas Qrupunun Zirv\u0259 G\u00f6r\u00fc\u015f\u00fc \u00e7\u0259r\u00e7iv\u0259sind\u0259 \u00f6lk\u0259mizd\u0259 s\u0259f\u0259rd\u0259 olan Sudan Respublikas\u0131n\u0131n xarici i\u015fl\u0259r naziri \u018fli \u018fl-Sadiq \u018fli il\u0259 g\u00f6r\u00fc\u015f\u00fcb.<\/p>\n<p>Bu bar\u0259d\u0259 Az\u0259rbaycan Xarici \u0130\u015fl\u0259r Nazirliyind\u0259n bildirilib.<\/p>\n<div class=\"AdviadNativeVideo\"><\/div>\n<p>Qeyd olunub ki, g\u00f6r\u00fc\u015f zaman\u0131\u00a0iki \u00f6lk\u0259 aras\u0131nda ikit\u0259r\u0259fli v\u0259 \u00e7oxt\u0259r\u0259fli \u0259m\u0259kda\u015fl\u0131q g\u00fcnd\u0259liyi, o c\u00fcml\u0259d\u0259n b\u00f6lg\u0259d\u0259 cari v\u0259ziyy\u0259t m\u00fczakir\u0259 m\u00f6vzusu olub.<\/p>\n<p>Ceyhun Bayramov\u00a0Az\u0259rbaycan v\u0259 Sudan aras\u0131nda ikit\u0259r\u0259fli m\u00fcnasib\u0259tl\u0259rin, h\u0259m\u00e7inin \u00e7oxt\u0259r\u0259fli platformalar \u00e7\u0259r\u00e7iv\u0259sind\u0259 \u0259m\u0259kda\u015fl\u0131\u011f\u0131n inki\u015faf\u0131nda siyasi dialoqun, habel\u0259 qar\u015f\u0131l\u0131ql\u0131 s\u0259f\u0259rl\u0259rin \u0259h\u0259miyy\u0259tini vur\u011fulay\u0131b. Sudan\u0131n beyn\u0259lxalq t\u0259\u015fkilatlar, x\u00fcsusil\u0259 Birl\u0259\u015fmi\u015f Mill\u0259tl\u0259r T\u0259\u015fkilat\u0131 (BMT), \u0130slam \u018fm\u0259kda\u015fl\u0131q T\u0259\u015fkilat\u0131 (\u0130\u018fT), QH \u00e7\u0259r\u00e7iv\u0259sind\u0259 Az\u0259rbaycan\u0131n m\u00f6vqe v\u0259 t\u0259\u015f\u0259bb\u00fcsl\u0259rini d\u0259st\u0259kl\u0259m\u0259si m\u0259mnunluqla xat\u0131rlan\u0131b.<\/p>\n<p>\u018fli \u018fl-Sadiq \u018fli\u00a0QH-ya u\u011furlu s\u0259drlik etm\u0259si m\u00fcnasib\u0259til\u0259 Az\u0259rbaycana minn\u0259tdarl\u0131\u011f\u0131n\u0131 ifad\u0259 edib. Bu x\u00fcsusda, QH-nin COVID-19-a qar\u015f\u0131 m\u00fcbariz\u0259 \u00fczr\u0259 T\u0259mas Qrupunun Zirv\u0259 G\u00f6r\u00fc\u015f\u00fcn\u00fcn ke\u00e7irilm\u0259sinin Az\u0259rbaycan\u0131n QH-ya s\u0259drliyi \u00e7\u0259r\u00e7iv\u0259sind\u0259 ir\u0259li s\u00fcr\u00fclm\u00fc\u015f vacib t\u0259\u015f\u0259bb\u00fcsl\u0259rd\u0259n biri oldu\u011fu diqq\u0259t\u0259 \u00e7atd\u0131r\u0131l\u0131b.<\/p>\n<p>G\u00f6r\u00fc\u015fd\u0259 h\u0259m\u00e7inin qar\u015f\u0131l\u0131ql\u0131 maraq do\u011furan dig\u0259r m\u0259s\u0259l\u0259l\u0259r \u0259traf\u0131nda fikir m\u00fcbadil\u0259si apar\u0131l\u0131b.<\/p>\n<p>&nbsp;<\/p>\n<div class=\"gallery\">\n<div class=\"gallery-i\"><img src=\"https:\/\/cdn.oxu.az\/uploads\/W1siZiIsIjIwMjMvMDMvMDIvMTUvNTkvNDEvMjJmNzdmNzctZWE1Yy00OGI4LTk3MTMtZjAzMzQ1YjU3ODg2LzIxLnBuZyJdLFsicCIsImVuY29kZSIsImpwZyIsIi1xdWFsaXR5IDgwIl0sWyJwIiwidGh1bWIiLCI1OTB4NTkwXHUwMDNlIl1d?sha=c3d6f35ffd4d7d80\" alt=\"\" \/><\/p>\n<div class=\"gallery-i-caption\"><\/div>\n<\/div>\n<div class=\"gallery-i\"><img src=\"https:\/\/cdn.oxu.az\/uploads\/W1siZiIsIjIwMjMvMDMvMDIvMTUvNTkvNDEvZWIzMDQ3MjEtY2EwNC00OTY2LWE5N2EtODIzZjI3ZDljMTIwLzIwLnBuZyJdLFsicCIsImVuY29kZSIsImpwZyIsIi1xdWFsaXR5IDgwIl0sWyJwIiwidGh1bWIiLCI1OTB4NTkwXHUwMDNlIl1d?sha=c797102c9e6b0985\" alt=\"\" \/><\/div>\n<\/div>\n","protected":false},"excerpt":{"rendered":"<p>Mart\u0131n 2-d\u0259 Az\u0259rbaycan\u0131n xarici i\u015fl\u0259r naziri Ceyhun Bayramov Qo\u015fulmama H\u0259r\u0259kat\u0131n\u0131n (QH) COVID-19-a qar\u015f\u0131 m\u00fcbariz\u0259 \u00fczr\u0259 T\u0259mas Qrupunun Zirv\u0259 G\u00f6r\u00fc\u015f\u00fc \u00e7\u0259r\u00e7iv\u0259sind\u0259 \u00f6lk\u0259mizd\u0259 s\u0259f\u0259rd\u0259 olan Sudan Respublikas\u0131n\u0131n xarici i\u015fl\u0259r naziri \u018fli \u018fl-Sadiq \u018fli il\u0259 g\u00f6r\u00fc\u015f\u00fcb. Bu bar\u0259d\u0259 Az\u0259rbaycan Xarici \u0130\u015fl\u0259r Nazirliyind\u0259n bildirilib. Qeyd olunub ki, g\u00f6r\u00fc\u015f zaman\u0131\u00a0iki \u00f6lk\u0259 aras\u0131nda ikit\u0259r\u0259fli v\u0259 \u00e7oxt\u0259r\u0259fli \u0259m\u0259kda\u015fl\u0131q g\u00fcnd\u0259liyi, o c\u00fcml\u0259d\u0259n b\u00f6lg\u0259d\u0259 cari v\u0259ziyy\u0259t m\u00fczakir\u0259 m\u00f6vzusu olub. Ceyhun Bayramov\u00a0Az\u0259rbaycan v\u0259 Sudan aras\u0131nda ikit\u0259r\u0259fli m\u00fcnasib\u0259tl\u0259rin, h\u0259m\u00e7inin \u00e7oxt\u0259r\u0259fli platformalar \u00e7\u0259r\u00e7iv\u0259sind\u0259 \u0259m\u0259kda\u015fl\u0131\u011f\u0131n inki\u015faf\u0131nda siyasi dialoqun, habel\u0259 qar\u015f\u0131l\u0131ql\u0131 s\u0259f\u0259rl\u0259rin \u0259h\u0259miyy\u0259tini vur\u011fulay\u0131b. Sudan\u0131n beyn\u0259lxalq t\u0259\u015fkilatlar, x\u00fcsusil\u0259 Birl\u0259\u015fmi\u015f Mill\u0259tl\u0259r T\u0259\u015fkilat\u0131 (BMT), \u0130slam \u018fm\u0259kda\u015fl\u0131q&hellip;<\/p>\n","protected":false},"author":2,"featured_media":571841,"comment_status":"closed","ping_status":"closed","sticky":false,"template":"","format":"standard","meta":{"om_disable_all_campaigns":false,"_monsterinsights_skip_tracking":false,"_monsterinsights_sitenote_active":false,"_monsterinsights_sitenote_note":"","_monsterinsights_sitenote_category":0},"categories":[4],"tags":[],"aioseo_notices":[],"gutentor_comment":0,"rttpg_featured_image_url":{"full":["https:\/\/arantv.az\/wp-content\/uploads\/2023\/03\/FotoJet-4-1.jpg",620,413,false],"landscape":["https:\/\/arantv.az\/wp-content\/uploads\/2023\/03\/FotoJet-4-1.jpg",620,413,false],"portraits":["https:\/\/arantv.az\/wp-content\/uploads\/2023\/03\/FotoJet-4-1.jpg",620,413,false],"thumbnail":["https:\/\/arantv.az\/wp-content\/uploads\/2023\/03\/FotoJet-4-1-500x280.jpg",500,280,true],"medium":["https:\/\/arantv.az\/wp-content\/uploads\/2023\/03\/FotoJet-4-1-548x365.jpg",548,365,true],"large":["https:\/\/arantv.az\/wp-content\/uploads\/2023\/03\/FotoJet-4-1.jpg",620,413,false],"1536x1536":["https:\/\/arantv.az\/wp-content\/uploads\/2023\/03\/FotoJet-4-1.jpg",620,413,false],"2048x2048":["https:\/\/arantv.az\/wp-content\/uploads\/2023\/03\/FotoJet-4-1.jpg",620,413,false],"post-thumbnail":["https:\/\/arantv.az\/wp-content\/uploads\/2023\/03\/FotoJet-4-1-240x172.jpg",240,172,true],"advps-thumb-one":["https:\/\/arantv.az\/wp-content\/uploads\/2023\/03\/FotoJet-4-1.jpg",620,413,false]},"rttpg_author":{"display_name":"V\u00fcsal Rafiqo\u011flu","author_link":"https:\/\/arantv.az\/?author=2"},"rttpg_comment":0,"rttpg_category":"<a href=\"https:\/\/arantv.az\/?cat=4\" rel=\"category\">Siyas\u0259t<\/a>","rttpg_excerpt":"Mart\u0131n 2-d\u0259 Az\u0259rbaycan\u0131n xarici i\u015fl\u0259r naziri Ceyhun Bayramov Qo\u015fulmama H\u0259r\u0259kat\u0131n\u0131n (QH) COVID-19-a qar\u015f\u0131 m\u00fcbariz\u0259 \u00fczr\u0259 T\u0259mas Qrupunun Zirv\u0259 G\u00f6r\u00fc\u015f\u00fc \u00e7\u0259r\u00e7iv\u0259sind\u0259 \u00f6lk\u0259mizd\u0259 s\u0259f\u0259rd\u0259 olan Sudan Respublikas\u0131n\u0131n xarici i\u015fl\u0259r naziri \u018fli \u018fl-Sadiq \u018fli il\u0259 g\u00f6r\u00fc\u015f\u00fcb. Bu bar\u0259d\u0259 Az\u0259rbaycan Xarici \u0130\u015fl\u0259r Nazirliyind\u0259n bildirilib. Qeyd olunub ki, g\u00f6r\u00fc\u015f zaman\u0131\u00a0iki \u00f6lk\u0259 aras\u0131nda ikit\u0259r\u0259fli v\u0259 \u00e7oxt\u0259r\u0259fli \u0259m\u0259kda\u015fl\u0131q g\u00fcnd\u0259liyi, o c\u00fcml\u0259d\u0259n b\u00f6lg\u0259d\u0259&hellip;","_links":{"self":[{"href":"https:\/\/arantv.az\/index.php?rest_route=\/wp\/v2\/posts\/571840"}],"collection":[{"href":"https:\/\/arantv.az\/index.php?rest_route=\/wp\/v2\/posts"}],"about":[{"href":"https:\/\/arantv.az\/index.php?rest_route=\/wp\/v2\/types\/post"}],"author":[{"embeddable":true,"href":"https:\/\/arantv.az\/index.php?rest_route=\/wp\/v2\/users\/2"}],"replies":[{"embeddable":true,"href":"https:\/\/arantv.az\/index.php?rest_route=%2Fwp%2Fv2%2Fcomments&post=571840"}],"version-history":[{"count":0,"href":"https:\/\/arantv.az\/index.php?rest_route=\/wp\/v2\/posts\/571840\/revisions"}],"wp:featuredmedia":[{"embeddable":true,"href":"https:\/\/arantv.az\/index.php?rest_route=\/wp\/v2\/media\/571841"}],"wp:attachment":[{"href":"https:\/\/arantv.az\/index.php?rest_route=%2Fwp%2Fv2%2Fmedia&parent=571840"}],"wp:term":[{"taxonomy":"category","embeddable":true,"href":"https:\/\/arantv.az\/index.php?rest_route=%2Fwp%2Fv2%2Fcategories&post=571840"},{"taxonomy":"post_tag","embeddable":true,"href":"https:\/\/arantv.az\/index.php?rest_route=%2Fwp%2Fv2%2Ftags&post=571840"}],"curies":[{"name":"wp","href":"https:\/\/api.w.org\/{rel}","templated":true}]}}