{"id":571843,"date":"2023-03-02T15:39:05","date_gmt":"2023-03-02T12:39:05","guid":{"rendered":"https:\/\/arantv.az\/?p=571843"},"modified":"2023-03-02T15:39:05","modified_gmt":"2023-03-02T12:39:05","slug":"atlantik-universitetinin-direktoru-az%c9%99rbaycan-dunya-dovl%c9%99tl%c9%99ri-arasinda-h%c9%99mr%c9%99ylik-siyas%c9%99tini-d%c9%99st%c9%99kl%c9%99yir","status":"publish","type":"post","link":"https:\/\/arantv.az\/?p=571843","title":{"rendered":"Atlantik Universitetinin direktoru: \u201cAz\u0259rbaycan d\u00fcnya d\u00f6vl\u0259tl\u0259ri aras\u0131nda h\u0259mr\u0259ylik siyas\u0259tini d\u0259st\u0259kl\u0259yir\u201d"},"content":{"rendered":"<p>\u201cAfrique &amp; Partage\u201d beyin m\u0259rk\u0259zinin prezidenti, Atlantik Universitetinin ba\u015f direktoru, jurnalist, politoloq v\u0259 professor Kristian Qambottinin Az\u0259rbaycan\u0131n Qo\u015fulmama H\u0259r\u0259kat\u0131na s\u0259drliyind\u0259n b\u0259hs ed\u0259n \u201cAfrika v\u0259 Qo\u015fulmama H\u0259r\u0259kat\u0131 \u00f6lk\u0259l\u0259ri\u201d s\u0259rl\u00f6vh\u0259li m\u0259qal\u0259si d\u0259rc olunub.<\/p>\n<p>M\u0259qal\u0259nin giri\u015find\u0259 h\u0259r\u0259kat\u0131n tarixi haqq\u0131nda q\u0131sa m\u0259lumat verilir.<\/p>\n<div class=\"AdviadNativeVideo\"><\/div>\n<p>M\u0259lumatda qeyd olunur ki, Qo\u015fulmama H\u0259r\u0259kat\u0131n\u0131n ilkin formala\u015fmas\u0131 istiqam\u0259tind\u0259 m\u00fch\u00fcm add\u0131m 1961-ci ild\u0259 Yava adas\u0131n\u0131n q\u0259rbind\u0259, \u0130ndoneziyan\u0131n Bandunq \u015f\u0259h\u0259rind\u0259 30 \u00f6lk\u0259ni birl\u0259\u015fdir\u0259n konfrans oldu.<\/p>\n<p>Bildirilib ki, Qo\u015fulmama H\u0259r\u0259kat\u0131 1947-91-ci ill\u0259rd\u0259 d\u00fcnyan\u0131 idar\u0259 ed\u0259n iki f\u00f6vq\u0259ld\u00f6vl\u0259tin (AB\u015e v\u0259 SSR\u0130) qar\u015f\u0131durmas\u0131, soyuq m\u00fcharib\u0259 zaman\u0131 yarad\u0131lm\u0131\u015f beyn\u0259lxalq t\u0259\u015fkilatd\u0131r:<\/p>\n<p>\u201cBel\u0259likl\u0259, ikiq\u00fctbl\u00fc d\u00fcnyada Q\u0259rb blokuna v\u0259 ya \u015e\u0259rq blokuna qo\u015fulmaqdan imtina ed\u0259n d\u00f6vl\u0259tl\u0259r milli m\u00fcst\u0259qilliyini, suverenliyini, \u0259razi b\u00fct\u00f6vl\u00fcy\u00fcn\u00fc v\u0259 t\u0259hl\u00fck\u0259sizliyini t\u0259min etm\u0259k \u00fc\u00e7\u00fcn birl\u0259\u015fm\u0259k q\u0259rar\u0131na g\u0259lirl\u0259r\u201d.<\/p>\n<p>M\u0259qal\u0259d\u0259 vur\u011fulan\u0131r ki, haz\u0131rda Qo\u015fulmama H\u0259r\u0259kat\u0131n\u0131n 120 \u00fczv\u00fc, 18 m\u00fc\u015fahid\u0259\u00e7i d\u00f6vl\u0259ti v\u0259 10 m\u00fc\u015fahid\u0259\u00e7i beyn\u0259lxalq t\u0259\u015fkilat\u0131 var.<\/p>\n<p>\u201cBel\u0259likl\u0259 Qo\u015fulmama H\u0259r\u0259kat\u0131 \u00f6z legitimliyini daha da m\u00f6hk\u0259ml\u0259ndirir\u201d, \u2013 m\u00fc\u0259llif qeyd edir.<\/p>\n<p>M\u00fc\u0259llif xat\u0131rlad\u0131r ki, Az\u0259rbaycan Respublikas\u0131 2019-cu ild\u0259n Qo\u015fulmama H\u0259r\u0259kat\u0131na s\u0259drlik etm\u0259y\u0259 ba\u015flay\u0131b:<\/p>\n<p>\u201cQo\u015fulmama H\u0259r\u0259kat\u0131na s\u0259drlik ed\u0259n Az\u0259rbaycan Respublikas\u0131n\u0131n Prezidenti\u00a0<strong>\u0130lham \u018fliyev<\/strong>\u00a0d\u0259 h\u0259r\u0259kat\u0131n ruhunu b\u0259rkitm\u0259y\u0259, Qo\u015fulmama ideyas\u0131n\u0131n t\u0259bli\u011fin\u0259 \u00e7al\u0131\u015f\u0131r\u201d.<\/p>\n<p>M\u0259qal\u0259d\u0259 Az\u0259rbaycan\u0131n co\u011frafi bax\u0131mdan m\u00fcasir geosiyasi, geoiqtisadi v\u0259 geostrateji maraqlar\u0131n toqqu\u015fdu\u011fu m\u0259kanda yerl\u0259\u015fdiyi vur\u011fulan\u0131b.<\/p>\n<p>Diqq\u0259t\u0259 \u00e7atd\u0131r\u0131l\u0131b ki, C\u0259nubi Qafqazda yerl\u0259\u015f\u0259n, siyasi, etnik, dil v\u0259 m\u0259d\u0259ni m\u00fcxt\u0259liflik diyar\u0131 olan Az\u0259rbaycan d\u00f6vl\u0259tl\u0259r v\u0259 formala\u015fmaqda olan yeni bloklar aras\u0131nda h\u0259mi\u015f\u0259 s\u00fclh v\u0259 iqtisadi \u0259m\u0259kda\u015fl\u0131q namin\u0259 balansl\u0131 diplomatiyas\u0131n\u0131 inki\u015faf etdirib.<\/p>\n<p>M\u00fc\u0259llif yaz\u0131da iddia edir ki, Az\u0259rbaycan d\u00fcnya d\u00f6vl\u0259tl\u0259ri aras\u0131nda h\u0259mr\u0259ylik siyas\u0259tini d\u0259st\u0259kl\u0259yir.<\/p>\n<p>M\u0259qal\u0259d\u0259, h\u0259m\u00e7inin \u0130lham \u018fliyevin COVID-19-la m\u00fcbariz\u0259 \u00e7\u0259r\u00e7iv\u0259sind\u0259 h\u0259yata ke\u00e7irdiyi f\u0259aliyy\u0259t\u0259 toxunulub.<\/p>\n<p>\u201cAz\u0259rbaycan\u0131n t\u0259\u015f\u0259bb\u00fcs\u00fc il\u0259 BMT varl\u0131 olmayan \u00f6lk\u0259l\u0259r\u0259 COVID-19-a qar\u015f\u0131 peyv\u0259ndl\u0259r paylay\u0131b. Prezident \u0130lham \u018fliyev pandemiya ba\u015flayandan indiy\u0259 kimi bu m\u0259s\u0259l\u0259ni d\u00f6n\u0259-d\u00f6n\u0259 g\u00fcnd\u0259m\u0259 g\u0259tirib, BMT-nin trubunas\u0131ndan \u201cpeyv\u0259nd mill\u0259t\u00e7iliyi\u201d oldu\u011funu deyib, bu hala yol ver\u0259n d\u00fcnya \u00f6lk\u0259l\u0259rinin\u00a0 \u201cpeyv\u0259nd \u015fovinizmi\u201dn\u0259 son qoymal\u0131 oldu\u011funu s\u0259sl\u0259ndirib, buna son qoyulmas\u0131 il\u0259 ba\u011fl\u0131 \u00e7a\u011f\u0131r\u0131\u015flar edib\u201d, &#8211; dey\u0259 professor yaz\u0131da vur\u011fulay\u0131b.<\/p>\n<p>M\u0259nb\u0259: Eqconews.org<\/p>\n","protected":false},"excerpt":{"rendered":"<p>\u201cAfrique &amp; Partage\u201d beyin m\u0259rk\u0259zinin prezidenti, Atlantik Universitetinin ba\u015f direktoru, jurnalist, politoloq v\u0259 professor Kristian Qambottinin Az\u0259rbaycan\u0131n Qo\u015fulmama H\u0259r\u0259kat\u0131na s\u0259drliyind\u0259n b\u0259hs ed\u0259n \u201cAfrika v\u0259 Qo\u015fulmama H\u0259r\u0259kat\u0131 \u00f6lk\u0259l\u0259ri\u201d s\u0259rl\u00f6vh\u0259li m\u0259qal\u0259si d\u0259rc olunub. M\u0259qal\u0259nin giri\u015find\u0259 h\u0259r\u0259kat\u0131n tarixi haqq\u0131nda q\u0131sa m\u0259lumat verilir. M\u0259lumatda qeyd olunur ki, Qo\u015fulmama H\u0259r\u0259kat\u0131n\u0131n ilkin formala\u015fmas\u0131 istiqam\u0259tind\u0259 m\u00fch\u00fcm add\u0131m 1961-ci ild\u0259 Yava adas\u0131n\u0131n q\u0259rbind\u0259, \u0130ndoneziyan\u0131n Bandunq \u015f\u0259h\u0259rind\u0259 30 \u00f6lk\u0259ni birl\u0259\u015fdir\u0259n konfrans oldu. Bildirilib ki, Qo\u015fulmama H\u0259r\u0259kat\u0131 1947-91-ci ill\u0259rd\u0259 d\u00fcnyan\u0131 idar\u0259 ed\u0259n iki f\u00f6vq\u0259ld\u00f6vl\u0259tin (AB\u015e v\u0259 SSR\u0130) qar\u015f\u0131durmas\u0131, soyuq m\u00fcharib\u0259 zaman\u0131 yarad\u0131lm\u0131\u015f beyn\u0259lxalq t\u0259\u015fkilatd\u0131r: \u201cBel\u0259likl\u0259, ikiq\u00fctbl\u00fc d\u00fcnyada Q\u0259rb blokuna v\u0259&hellip;<\/p>\n","protected":false},"author":2,"featured_media":571844,"comment_status":"closed","ping_status":"closed","sticky":false,"template":"","format":"standard","meta":{"om_disable_all_campaigns":false,"_monsterinsights_skip_tracking":false,"_monsterinsights_sitenote_active":false,"_monsterinsights_sitenote_note":"","_monsterinsights_sitenote_category":0},"categories":[4],"tags":[],"aioseo_notices":[],"gutentor_comment":0,"rttpg_featured_image_url":{"full":["https:\/\/arantv.az\/wp-content\/uploads\/2023\/03\/FotoJet-2023-03-02T153917.736.jpg",620,413,false],"landscape":["https:\/\/arantv.az\/wp-content\/uploads\/2023\/03\/FotoJet-2023-03-02T153917.736.jpg",620,413,false],"portraits":["https:\/\/arantv.az\/wp-content\/uploads\/2023\/03\/FotoJet-2023-03-02T153917.736.jpg",620,413,false],"thumbnail":["https:\/\/arantv.az\/wp-content\/uploads\/2023\/03\/FotoJet-2023-03-02T153917.736-500x280.jpg",500,280,true],"medium":["https:\/\/arantv.az\/wp-content\/uploads\/2023\/03\/FotoJet-2023-03-02T153917.736-548x365.jpg",548,365,true],"large":["https:\/\/arantv.az\/wp-content\/uploads\/2023\/03\/FotoJet-2023-03-02T153917.736.jpg",620,413,false],"1536x1536":["https:\/\/arantv.az\/wp-content\/uploads\/2023\/03\/FotoJet-2023-03-02T153917.736.jpg",620,413,false],"2048x2048":["https:\/\/arantv.az\/wp-content\/uploads\/2023\/03\/FotoJet-2023-03-02T153917.736.jpg",620,413,false],"post-thumbnail":["https:\/\/arantv.az\/wp-content\/uploads\/2023\/03\/FotoJet-2023-03-02T153917.736-240x172.jpg",240,172,true],"advps-thumb-one":["https:\/\/arantv.az\/wp-content\/uploads\/2023\/03\/FotoJet-2023-03-02T153917.736.jpg",620,413,false]},"rttpg_author":{"display_name":"V\u00fcsal Rafiqo\u011flu","author_link":"https:\/\/arantv.az\/?author=2"},"rttpg_comment":0,"rttpg_category":"<a href=\"https:\/\/arantv.az\/?cat=4\" rel=\"category\">Siyas\u0259t<\/a>","rttpg_excerpt":"\u201cAfrique &amp; Partage\u201d beyin m\u0259rk\u0259zinin prezidenti, Atlantik Universitetinin ba\u015f direktoru, jurnalist, politoloq v\u0259 professor Kristian Qambottinin Az\u0259rbaycan\u0131n Qo\u015fulmama H\u0259r\u0259kat\u0131na s\u0259drliyind\u0259n b\u0259hs ed\u0259n \u201cAfrika v\u0259 Qo\u015fulmama H\u0259r\u0259kat\u0131 \u00f6lk\u0259l\u0259ri\u201d s\u0259rl\u00f6vh\u0259li m\u0259qal\u0259si d\u0259rc olunub. M\u0259qal\u0259nin giri\u015find\u0259 h\u0259r\u0259kat\u0131n tarixi haqq\u0131nda q\u0131sa m\u0259lumat verilir. M\u0259lumatda qeyd olunur ki, Qo\u015fulmama H\u0259r\u0259kat\u0131n\u0131n ilkin formala\u015fmas\u0131 istiqam\u0259tind\u0259 m\u00fch\u00fcm add\u0131m 1961-ci ild\u0259 Yava adas\u0131n\u0131n q\u0259rbind\u0259,&hellip;","_links":{"self":[{"href":"https:\/\/arantv.az\/index.php?rest_route=\/wp\/v2\/posts\/571843"}],"collection":[{"href":"https:\/\/arantv.az\/index.php?rest_route=\/wp\/v2\/posts"}],"about":[{"href":"https:\/\/arantv.az\/index.php?rest_route=\/wp\/v2\/types\/post"}],"author":[{"embeddable":true,"href":"https:\/\/arantv.az\/index.php?rest_route=\/wp\/v2\/users\/2"}],"replies":[{"embeddable":true,"href":"https:\/\/arantv.az\/index.php?rest_route=%2Fwp%2Fv2%2Fcomments&post=571843"}],"version-history":[{"count":0,"href":"https:\/\/arantv.az\/index.php?rest_route=\/wp\/v2\/posts\/571843\/revisions"}],"wp:featuredmedia":[{"embeddable":true,"href":"https:\/\/arantv.az\/index.php?rest_route=\/wp\/v2\/media\/571844"}],"wp:attachment":[{"href":"https:\/\/arantv.az\/index.php?rest_route=%2Fwp%2Fv2%2Fmedia&parent=571843"}],"wp:term":[{"taxonomy":"category","embeddable":true,"href":"https:\/\/arantv.az\/index.php?rest_route=%2Fwp%2Fv2%2Fcategories&post=571843"},{"taxonomy":"post_tag","embeddable":true,"href":"https:\/\/arantv.az\/index.php?rest_route=%2Fwp%2Fv2%2Ftags&post=571843"}],"curies":[{"name":"wp","href":"https:\/\/api.w.org\/{rel}","templated":true}]}}