{"id":571846,"date":"2023-03-02T15:39:57","date_gmt":"2023-03-02T12:39:57","guid":{"rendered":"https:\/\/arantv.az\/?p=571846"},"modified":"2023-03-02T15:39:57","modified_gmt":"2023-03-02T12:39:57","slug":"iranin-ikiuzluluyu-t%c9%99brizd%c9%99ki-az%c9%99rbaycansunasliq-m%c9%99rk%c9%99zi-baglanib-erm%c9%99nisunasliq-kafedrasi-acilib-s%c9%99rh","status":"publish","type":"post","link":"https:\/\/arantv.az\/?p=571846","title":{"rendered":"\u0130ran\u0131n iki\u00fczl\u00fcl\u00fcy\u00fc: T\u0259brizd\u0259ki Az\u0259rbaycan\u015f\u00fcnasl\u0131q M\u0259rk\u0259zi ba\u011flan\u0131b, Erm\u0259ni\u015f\u00fcnasl\u0131q kafedras\u0131 a\u00e7\u0131l\u0131b &#8211; \u015e\u018fRH"},"content":{"rendered":"<p>Din p\u0259rd\u0259si alt\u0131nda gizl\u0259n\u0259n panfars\u00e7\u0131 Tehran rejimi saxtakarl\u0131\u011f\u0131n\u0131 v\u0259 iki\u00fczl\u00fcl\u00fcy\u00fcn\u00fc davam etdirir. Bu hakimiyy\u0259t n\u0259 G\u00fcney Az\u0259rbaycana, n\u0259 d\u0259 m\u00fcst\u0259qil Az\u0259rbaycan Respublikas\u0131na m\u00fcnasib\u0259td\u0259 s\u0259mimi olub.<\/p>\n<p>Bel\u0259 ki, uzun ill\u0259rdir T\u0259briz Universitetind\u0259 Az\u0259rbaycan\u015f\u00fcnasl\u0131q M\u0259rk\u0259zi f\u0259aliyy\u0259t g\u00f6st\u0259rirdi. Bu m\u0259rk\u0259z\u0259 t\u0259l\u0259b\u0259l\u0259r, aliml\u0259r, h\u0259m\u00e7inin Az\u0259rbaycan\u0131n tarixi, \u0259d\u0259biyyat\u0131 v\u0259 ba\u015fqa m\u0259d\u0259ni sah\u0259l\u0259ri il\u0259 maraqlananlar toplan\u0131rd\u0131lar. Onlar G\u00fcney Az\u0259rbaycan\u0131n v\u0259 \u0130ran\u0131n ictimai h\u0259yat\u0131nda da f\u0259al i\u015ftirak ed\u0259n t\u0259b\u0259q\u0259l\u0259rin t\u0259msil\u00e7il\u0259ridir. Az\u0259rbaycan\u015f\u00fcnasl\u0131q M\u0259rk\u0259zi ara\u015fd\u0131rma aparmaq, \u00f6yr\u0259nm\u0259k v\u0259 \u0259ld\u0259 olunan n\u0259tic\u0259l\u0259ri payla\u015fmaq \u00fc\u00e7\u00fcn faydal\u0131 m\u0259d\u0259ni m\u0259rk\u0259z say\u0131l\u0131rd\u0131.<\/p>\n<div class=\"AdviadNativeVideo\"><\/div>\n<p>Bir s\u00f6zl\u0259, bura G\u00fcney Az\u0259rbaycan\u0131n, x\u00fcsusil\u0259 T\u0259brizin elmi-m\u0259d\u0259ni ictimaiyy\u0259tinin topla\u015fd\u0131\u011f\u0131 \u00fcnvan idi.<\/p>\n<p>Bu m\u0259qamda qeyd ed\u0259k ki, \u00f6t\u0259n g\u00fcn \u0130ran hakimiyy\u0259tinin Az\u0259rbaycan\u015f\u00fcnasl\u0131q M\u0259rk\u0259zini ba\u011flamas\u0131 bar\u0259d\u0259 m\u0259lumat yay\u0131l\u0131b. Bildirilib ki, Tehran rejimi Az\u0259rbaycan\u015f\u00fcnasl\u0131q M\u0259rk\u0259zinin f\u0259aliyy\u0259tini dayand\u0131rmaqla yana\u015f\u0131, h\u0259tta onun \u00fczvl\u0259rin\u0259 qar\u015f\u0131 t\u0259zyiq v\u0259 t\u0259qibl\u0259ri d\u0259 art\u0131r\u0131b. Buna cavab olaraq sosial \u015f\u0259b\u0259k\u0259l\u0259rd\u0259 \u201cT\u0259briz Universitetinin h\u0259r yeri Az\u0259rbaycan\u015f\u00fcnasl\u0131q M\u0259rk\u0259zidir\u201d payla\u015f\u0131mlar\u0131 edilib.<\/p>\n<p>Yay\u0131lan m\u0259lumatlara \u0259sas\u0259n, m\u0259rk\u0259zin T\u0259brizd\u0259n olan iki \u00fczv\u00fc &#8211; Hadi Heyd\u0259ri Azad v\u0259 \u0130brahim \u018fhm\u0259dpur &#8211; fevral\u0131n 27-d\u0259 h\u0259bs olunub.<\/p>\n<p><img src=\"https:\/\/cdn.oxu.az\/uploads\/W1siZiIsIjIwMjMvMDMvMDIvMTMvMjUvMTcvOGRlNDg4NDYtNWFhMC00MWQxLWFjYjEtMDhiOWExMjMxMzNhLzZmNzczZjFhLTUwY2EtM2QxNy04ODc3LTlhMDc4YmM2ZTdkZS5qcGciXSxbInAiLCJlbmNvZGUiLCJqcGciLCItcXVhbGl0eSA4MCJdLFsicCIsInRodW1iIiwiNTkweDU5MFx1MDAzZSJdXQ?sha=68eed8a8a5cad74f\" alt=\"\" \/><\/p>\n<p>Yeri g\u0259lmi\u015fk\u0259n, Tehran rejimi \u0259vv\u0259ll\u0259r d\u0259 bu m\u0259rk\u0259zin \u00fczvl\u0259rin\u0259 qar\u015f\u0131 t\u0259zyiql\u0259r g\u00f6st\u0259rib, onlar\u0131 t\u0259qib edib. M\u0259s\u0259l\u0259n, bir ne\u00e7\u0259 il \u0259vv\u0259l T\u0259briz Universitetinin \u018fkin\u00e7ilik v\u0259 k\u0259nd t\u0259s\u0259rr\u00fcfat\u0131 fak\u00fclt\u0259sinin t\u0259l\u0259b\u0259si \u018ffsan\u0259 Toqir h\u0259bs edilmi\u015f, i\u015fg\u0259nc\u0259y\u0259 m\u0259ruz qalm\u0131\u015fd\u0131. Bundan ba\u015fqa, daha \u0259vv\u0259l Az\u0259rbaycan\u015f\u00fcnasl\u0131q M\u0259rk\u0259zinin bir ne\u00e7\u0259 t\u0259l\u0259b\u0259si h\u0259bs edilib.<\/p>\n<p>Xat\u0131rladaq ki, \u018ffsan\u0259 Toqir m\u00fcxt\u0259lif t\u0259\u015fkilatlar\u0131n \u00fczvl\u0259rinin, m\u0259d\u0259ni v\u0259 ekof\u0259allar\u0131n Urmiya g\u00f6l\u00fcn\u00fcn qurumas\u0131na etiraz olaraq \u0259halini n\u00fcmayi\u015fl\u0259r\u0259 \u00e7a\u011f\u0131ran zaman saxlan\u0131lm\u0131\u015fd\u0131. M\u0259rk\u0259zin \u00fczvl\u0259ri \u0130ran, o c\u00fcml\u0259d\u0259n G\u00fcney Az\u0259rbaycan\u0131n ictimai, m\u0259d\u0259ni, ekoloji h\u0259yat\u0131 \u00fc\u00e7\u00fcn vacib m\u0259s\u0259l\u0259l\u0259ri a\u00e7\u0131q m\u00fczakir\u0259y\u0259 \u00e7\u0131xar\u0131blar. Qeyd etdiyimiz kimi, bunlardan biri Urmiya g\u00f6l\u00fcn\u00fcn qurumas\u0131na qar\u015f\u0131 ke\u00e7iril\u0259n etiraz aksiyalar\u0131d\u0131r. Amma Tehran hakimiyy\u0259ti bel\u0259 ekoloji f\u0259lak\u0259tin qar\u015f\u0131s\u0131n\u0131n al\u0131nmas\u0131 il\u0259 ba\u011fl\u0131 \u00e7a\u011f\u0131r\u0131\u015flar\u0131 cinay\u0259t sayaraq etiraz\u00e7\u0131lar\u0131 h\u0259bs\u0259 at\u0131b. O zaman bel\u0259 bir sual yaran\u0131r: bu \u00f6lk\u0259d\u0259 bel\u0259 bir ekoloji f\u0259lak\u0259t yoxdursa, onda \u0130ran Prezidenti \u0130brahim R\u0259isi niy\u0259 Urmiya g\u00f6l\u00fc istiqam\u0259tind\u0259 su kanal\u0131n\u0131n a\u00e7\u0131l\u0131\u015f\u0131n\u0131 edib?<\/p>\n<p>Bel\u0259likl\u0259, Tehran rejimi Az\u0259rbaycan\u015f\u00fcnasl\u0131q M\u0259rk\u0259zini ba\u011flamaqla \u00f6z\u00fcn\u00fcn d\u0259 k\u00f6lg\u0259sind\u0259n qorxdu\u011funu s\u00fcbuta yetirir.<\/p>\n<p>Bu da son deyil. \u0130randa h\u0259yata ke\u00e7iril\u0259n panfars\u00e7\u0131l\u0131q siyas\u0259ti s\u0259b\u0259bind\u0259n \u00f6lk\u0259 konstitusiyas\u0131na \u0259m\u0259l olunmur. N\u0259tic\u0259d\u0259 G\u00fcney Az\u0259rbaycan \u0259razisind\u0259 haz\u0131rda t\u00fcrk dilind\u0259 bir sinif bel\u0259, f\u0259aliyy\u0259t g\u00f6st\u0259rmir. Az\u0259rbaycan\u0131n f\u0259dakar ziyal\u0131lar\u0131 ana dilini ya\u015fatmaq v\u0259 fars \u015fovinizminin h\u00fccumundan, assimilyasiyas\u0131ndan qorumaq m\u0259qs\u0259di il\u0259 zirz\u0259mil\u0259rd\u0259 gizli \u015f\u0259kild\u0259 d\u0259rs ke\u00e7irmi\u015fl\u0259r. M\u00fcrt\u0259ce Tehran rejimi buna da mane olub. Az\u0259rbaycan t\u00fcrkc\u0259sini t\u0259dris ed\u0259n m\u00fc\u0259lliml\u0259r h\u0259bs\u0259 at\u0131l\u0131blar.<\/p>\n<p><img src=\"https:\/\/cdn.oxu.az\/uploads\/W1siZiIsIjIwMjMvMDMvMDIvMTMvMjUvMTgvNTM5NmViMDEtNTgwZS00YmVhLWJmYWQtZGE1MmYxNDBkZGZjLzFiN2MxZDVlLWVmYzYtMzBiMi1hNGNlLTNjYTcxN2ZlMmVhYy5qcGciXSxbInAiLCJlbmNvZGUiLCJqcGciLCItcXVhbGl0eSA4MCJdLFsicCIsInRodW1iIiwiNTkweDU5MFx1MDAzZSJdXQ?sha=883bee0a6d9fd212\" alt=\"\" \/><\/p>\n<p>Az\u0259rbaycan t\u00fcrk\u00fcn\u00fcn m\u0259d\u0259niyy\u0259ti, inc\u0259s\u0259n\u0259ti, o c\u00fcml\u0259d\u0259n r\u0259qsi, mahn\u0131lar\u0131, musiqil\u0259ri v\u0259 s. farslardan f\u0259rql\u0259nir. Panfars\u00e7\u0131 rejim G\u00fcney Az\u0259rbaycanda milli m\u0259d\u0259niyy\u0259ti m\u0259hv etm\u0259k \u00fc\u00e7\u00fcn bu istiqam\u0259td\u0259 d\u0259 assimilyasiya siyas\u0259ti y\u00fcr\u00fcd\u00fcr. Az\u0259rbaycan r\u0259qsl\u0259rini \u00f6yr\u0259d\u0259n f\u0259dakar m\u00fc\u0259lliml\u0259r c\u0259zaland\u0131r\u0131l\u0131rlar. Lakin \u0130ran\u0131n m\u00f6vcud konstitusiyas\u0131nda fars olmayanlarn \u00f6z dili, m\u0259d\u0259niyy\u0259tini inki\u015faf etdirm\u0259k h\u00fcququ var.<\/p>\n<p>Tehran hakimiyy\u0259ti C\u0259nubi Qafqazda Erm\u0259nistan\u0131 b\u00fct\u00fcn istiqam\u0259tl\u0259rd\u0259 m\u00fcdafi\u0259 edib d\u0259st\u0259kl\u0259m\u0259kl\u0259 regionda t\u0259hl\u00fck\u0259sizliy\u0259 t\u0259hdid yarad\u0131r. Eyni zamanda, \u0130ran daxilind\u0259 d\u0259 erm\u0259nil\u0259ri himay\u0259 edir.<\/p>\n<p>Az\u0259rbaycan\u015f\u00fcnasl\u0131q M\u0259rk\u0259zini ba\u011flayan \u0130ran hakimiyy\u0259ti T\u0259briz Universitetind\u0259 Erm\u0259ni\u015f\u00fcnasl\u0131q kafedras\u0131 a\u00e7\u0131b. Bu m\u0259rk\u0259z 2022-ci ilin sentyabr\u0131ndan f\u0259aliyy\u0259t g\u00f6st\u0259rir.<\/p>\n<p>\u0130ran perspektivd\u0259 T\u0259brizd\u0259 Erm\u0259nistan\u0131n konsullu\u011funu a\u00e7ma\u011f\u0131 da planla\u015fd\u0131r\u0131r.<\/p>\n<p><img src=\"https:\/\/cdn.oxu.az\/uploads\/W1siZiIsIjIwMjMvMDMvMDIvMTMvMjUvMTgvODJkYzNiYTAtMzRlYi00OTdmLTlhNmEtYTRmMjc3OGUzOGIzL2VhNDI3ZTdiLTRhY2EtMzg3My1hMWY5LTNiNWM2ZTkwODc4ZC5qcGciXSxbInAiLCJlbmNvZGUiLCJqcGciLCItcXVhbGl0eSA4MCJdLFsicCIsInRodW1iIiwiNTkweDU5MFx1MDAzZSJdXQ?sha=032528f92e0704ee\" alt=\"\" \/><\/p>\n<p>Qeyd ed\u0259k ki, \u0130randa erm\u0259nil\u0259rin \u201cArarat\u201d adl\u0131 m\u0259d\u0259niyy\u0259t m\u0259rk\u0259zi, ana dilind\u0259 m\u0259kt\u0259bl\u0259ri v\u0259 ba\u015fqa milli-m\u0259d\u0259ni m\u0259rk\u0259zl\u0259ri f\u0259aliyy\u0259t g\u00f6st\u0259rir. Bu m\u0259qs\u0259dl\u0259 \u0130ran hakimiyy\u0259ti onlara d\u00f6vl\u0259t b\u00fcdc\u0259sind\u0259n yard\u0131m da edir.<\/p>\n<p>B\u0259s say\u0131 100 min bel\u0259 olmayan erm\u0259nil\u0259r\u0259 Tehran rejiminin, onun qulluq etdiyi fars \u015fovinizminin bu q\u0259d\u0259r can\u0131yananl\u0131\u011f\u0131n\u0131n s\u0259b\u0259bi n\u0259dir? Bunun bir ne\u00e7\u0259 s\u0259b\u0259bi var: t\u00fcrk d\u00fc\u015fm\u0259nliyi, Az\u0259rbaycana qar\u015f\u0131 f\u0259aliyy\u0259t, G\u00fcney Az\u0259rbaycan\u0131n milli \u00f6z\u00fcn\u00fcd\u0259rkin\u0259 mane olmaq v\u0259 s. Bu rejim erm\u0259nil\u0259rd\u0259n Az\u0259rbaycana v\u0259 T\u00fcrkiy\u0259 qar\u015f\u0131 daim istifad\u0259 edir.<\/p>\n<p>P.S. Az\u0259rbaycan Respublikas\u0131nda \u0130ran s\u0259firliyinin M\u0259d\u0259niyy\u0259t M\u0259rk\u0259zi, habel\u0259 \u0130ran\u015f\u00fcnasl\u0131q ad\u0131 alt\u0131nda bir s\u0131ra m\u0259rk\u0259zl\u0259r f\u0259aliyy\u0259t g\u00f6st\u0259rir.<\/p>\n<p><strong>\u201cReport\u201d \u0130nformasiya Agentliyi<\/strong><\/p>\n","protected":false},"excerpt":{"rendered":"<p>Din p\u0259rd\u0259si alt\u0131nda gizl\u0259n\u0259n panfars\u00e7\u0131 Tehran rejimi saxtakarl\u0131\u011f\u0131n\u0131 v\u0259 iki\u00fczl\u00fcl\u00fcy\u00fcn\u00fc davam etdirir. Bu hakimiyy\u0259t n\u0259 G\u00fcney Az\u0259rbaycana, n\u0259 d\u0259 m\u00fcst\u0259qil Az\u0259rbaycan Respublikas\u0131na m\u00fcnasib\u0259td\u0259 s\u0259mimi olub. Bel\u0259 ki, uzun ill\u0259rdir T\u0259briz Universitetind\u0259 Az\u0259rbaycan\u015f\u00fcnasl\u0131q M\u0259rk\u0259zi f\u0259aliyy\u0259t g\u00f6st\u0259rirdi. Bu m\u0259rk\u0259z\u0259 t\u0259l\u0259b\u0259l\u0259r, aliml\u0259r, h\u0259m\u00e7inin Az\u0259rbaycan\u0131n tarixi, \u0259d\u0259biyyat\u0131 v\u0259 ba\u015fqa m\u0259d\u0259ni sah\u0259l\u0259ri il\u0259 maraqlananlar toplan\u0131rd\u0131lar. Onlar G\u00fcney Az\u0259rbaycan\u0131n v\u0259 \u0130ran\u0131n ictimai h\u0259yat\u0131nda da f\u0259al i\u015ftirak ed\u0259n t\u0259b\u0259q\u0259l\u0259rin t\u0259msil\u00e7il\u0259ridir. Az\u0259rbaycan\u015f\u00fcnasl\u0131q M\u0259rk\u0259zi ara\u015fd\u0131rma aparmaq, \u00f6yr\u0259nm\u0259k v\u0259 \u0259ld\u0259 olunan n\u0259tic\u0259l\u0259ri payla\u015fmaq \u00fc\u00e7\u00fcn faydal\u0131 m\u0259d\u0259ni m\u0259rk\u0259z say\u0131l\u0131rd\u0131. Bir s\u00f6zl\u0259, bura G\u00fcney Az\u0259rbaycan\u0131n, x\u00fcsusil\u0259 T\u0259brizin elmi-m\u0259d\u0259ni ictimaiyy\u0259tinin topla\u015fd\u0131\u011f\u0131 \u00fcnvan idi.&hellip;<\/p>\n","protected":false},"author":2,"featured_media":571847,"comment_status":"closed","ping_status":"closed","sticky":false,"template":"","format":"standard","meta":{"om_disable_all_campaigns":false,"_monsterinsights_skip_tracking":false,"_monsterinsights_sitenote_active":false,"_monsterinsights_sitenote_note":"","_monsterinsights_sitenote_category":0},"categories":[4],"tags":[],"aioseo_notices":[],"gutentor_comment":0,"rttpg_featured_image_url":{"full":["https:\/\/arantv.az\/wp-content\/uploads\/2023\/03\/6256e91f-e29d-3255-b9f2-2b1c3af7666d_850.jpg",620,413,false],"landscape":["https:\/\/arantv.az\/wp-content\/uploads\/2023\/03\/6256e91f-e29d-3255-b9f2-2b1c3af7666d_850.jpg",620,413,false],"portraits":["https:\/\/arantv.az\/wp-content\/uploads\/2023\/03\/6256e91f-e29d-3255-b9f2-2b1c3af7666d_850.jpg",620,413,false],"thumbnail":["https:\/\/arantv.az\/wp-content\/uploads\/2023\/03\/6256e91f-e29d-3255-b9f2-2b1c3af7666d_850-500x280.jpg",500,280,true],"medium":["https:\/\/arantv.az\/wp-content\/uploads\/2023\/03\/6256e91f-e29d-3255-b9f2-2b1c3af7666d_850-548x365.jpg",548,365,true],"large":["https:\/\/arantv.az\/wp-content\/uploads\/2023\/03\/6256e91f-e29d-3255-b9f2-2b1c3af7666d_850.jpg",620,413,false],"1536x1536":["https:\/\/arantv.az\/wp-content\/uploads\/2023\/03\/6256e91f-e29d-3255-b9f2-2b1c3af7666d_850.jpg",620,413,false],"2048x2048":["https:\/\/arantv.az\/wp-content\/uploads\/2023\/03\/6256e91f-e29d-3255-b9f2-2b1c3af7666d_850.jpg",620,413,false],"post-thumbnail":["https:\/\/arantv.az\/wp-content\/uploads\/2023\/03\/6256e91f-e29d-3255-b9f2-2b1c3af7666d_850-240x172.jpg",240,172,true],"advps-thumb-one":["https:\/\/arantv.az\/wp-content\/uploads\/2023\/03\/6256e91f-e29d-3255-b9f2-2b1c3af7666d_850.jpg",620,413,false]},"rttpg_author":{"display_name":"V\u00fcsal Rafiqo\u011flu","author_link":"https:\/\/arantv.az\/?author=2"},"rttpg_comment":0,"rttpg_category":"<a href=\"https:\/\/arantv.az\/?cat=4\" rel=\"category\">Siyas\u0259t<\/a>","rttpg_excerpt":"Din p\u0259rd\u0259si alt\u0131nda gizl\u0259n\u0259n panfars\u00e7\u0131 Tehran rejimi saxtakarl\u0131\u011f\u0131n\u0131 v\u0259 iki\u00fczl\u00fcl\u00fcy\u00fcn\u00fc davam etdirir. Bu hakimiyy\u0259t n\u0259 G\u00fcney Az\u0259rbaycana, n\u0259 d\u0259 m\u00fcst\u0259qil Az\u0259rbaycan Respublikas\u0131na m\u00fcnasib\u0259td\u0259 s\u0259mimi olub. Bel\u0259 ki, uzun ill\u0259rdir T\u0259briz Universitetind\u0259 Az\u0259rbaycan\u015f\u00fcnasl\u0131q M\u0259rk\u0259zi f\u0259aliyy\u0259t g\u00f6st\u0259rirdi. Bu m\u0259rk\u0259z\u0259 t\u0259l\u0259b\u0259l\u0259r, aliml\u0259r, h\u0259m\u00e7inin Az\u0259rbaycan\u0131n tarixi, \u0259d\u0259biyyat\u0131 v\u0259 ba\u015fqa m\u0259d\u0259ni sah\u0259l\u0259ri il\u0259 maraqlananlar toplan\u0131rd\u0131lar. Onlar G\u00fcney Az\u0259rbaycan\u0131n v\u0259 \u0130ran\u0131n&hellip;","_links":{"self":[{"href":"https:\/\/arantv.az\/index.php?rest_route=\/wp\/v2\/posts\/571846"}],"collection":[{"href":"https:\/\/arantv.az\/index.php?rest_route=\/wp\/v2\/posts"}],"about":[{"href":"https:\/\/arantv.az\/index.php?rest_route=\/wp\/v2\/types\/post"}],"author":[{"embeddable":true,"href":"https:\/\/arantv.az\/index.php?rest_route=\/wp\/v2\/users\/2"}],"replies":[{"embeddable":true,"href":"https:\/\/arantv.az\/index.php?rest_route=%2Fwp%2Fv2%2Fcomments&post=571846"}],"version-history":[{"count":0,"href":"https:\/\/arantv.az\/index.php?rest_route=\/wp\/v2\/posts\/571846\/revisions"}],"wp:featuredmedia":[{"embeddable":true,"href":"https:\/\/arantv.az\/index.php?rest_route=\/wp\/v2\/media\/571847"}],"wp:attachment":[{"href":"https:\/\/arantv.az\/index.php?rest_route=%2Fwp%2Fv2%2Fmedia&parent=571846"}],"wp:term":[{"taxonomy":"category","embeddable":true,"href":"https:\/\/arantv.az\/index.php?rest_route=%2Fwp%2Fv2%2Fcategories&post=571846"},{"taxonomy":"post_tag","embeddable":true,"href":"https:\/\/arantv.az\/index.php?rest_route=%2Fwp%2Fv2%2Ftags&post=571846"}],"curies":[{"name":"wp","href":"https:\/\/api.w.org\/{rel}","templated":true}]}}