{"id":571849,"date":"2023-03-02T15:40:42","date_gmt":"2023-03-02T12:40:42","guid":{"rendered":"https:\/\/arantv.az\/?p=571849"},"modified":"2023-03-02T15:40:42","modified_gmt":"2023-03-02T12:40:42","slug":"%c9%99lc%c9%99zairin-bas-naziri-az%c9%99rbaycanin-s%c9%99drliyi-say%c9%99sind%c9%99-qh-nin-beyn%c9%99lxalq-munasib%c9%99tl%c9%99rd%c9%99ki-rolu-gucl%c9%99nib","status":"publish","type":"post","link":"https:\/\/arantv.az\/?p=571849","title":{"rendered":"\u018flc\u0259zairin Ba\u015f naziri: \u201cAz\u0259rbaycan\u0131n s\u0259drliyi say\u0259sind\u0259 QH-nin beyn\u0259lxalq m\u00fcnasib\u0259tl\u0259rd\u0259ki rolu g\u00fccl\u0259nib\u201d"},"content":{"rendered":"<p>\u201cAz\u0259rbaycan\u0131n s\u0259drliyi say\u0259sind\u0259 Qo\u015fulmama H\u0259r\u0259kat\u0131n\u0131n (QH) beyn\u0259lxalq m\u00fcnasib\u0259tl\u0259rd\u0259 oynad\u0131\u011f\u0131 rol daha da g\u00fccl\u0259nib\u201d.<\/p>\n<p><a href=\"https:\/\/azertag.az\/xeber\/Alcezairin_Bas_naziri_Azerbaycanin_sedrliyi_sayesinde_Qosulmama_Herekatinin_beynelxalq_munasibetlerdeki_rolu_daha_da_guclenib-2514410\" target=\"_blank\" rel=\"noopener\">AZ\u018fRTAC<\/a>\u00a0x\u0259b\u0259r verir ki, bu fikri \u018flc\u0259zair Xalq Demokratik Respublikas\u0131n\u0131n Ba\u015f naziri Ayman Benabderrahman Az\u0259rbaycan Prezidenti\u00a0<strong>\u0130lham \u018fliyev<\/strong>\u00a0il\u0259 g\u00f6r\u00fc\u015fd\u0259 s\u00f6yl\u0259yib.<\/p>\n<p>Qo\u015fulmama H\u0259r\u0259kat\u0131n\u0131n Bak\u0131da ke\u00e7iril\u0259n Zirv\u0259 g\u00f6r\u00fc\u015f\u00fcn\u00fcn y\u00fcks\u0259k s\u0259viyy\u0259d\u0259 t\u0259\u015fkilin\u0259 v\u0259 Az\u0259rbaycan\u0131n Qo\u015fulmama H\u0259r\u0259kat\u0131nda u\u011furlu s\u0259drliyin\u0259 g\u00f6r\u0259 Prezident \u0130lham \u018fliyevi t\u0259brik ed\u0259n Ba\u015f nazir \u018flc\u0259zairin Az\u0259rbaycanla qar\u015f\u0131l\u0131ql\u0131 m\u00fcnasib\u0259tl\u0259rin h\u0259rt\u0259r\u0259fli inki\u015faf\u0131nda maraql\u0131 oldu\u011funu deyib. Haz\u0131rda parlamentl\u0259raras\u0131 \u0259m\u0259kda\u015fl\u0131q v\u0259 \u0259dliyy\u0259 sah\u0259sind\u0259 \u0259laq\u0259l\u0259rimizin inki\u015faf etdiyi vur\u011fulayan qonaq qeyd edib ki, Xarici \u0130\u015fl\u0259r nazirlikl\u0259ri s\u0259viyy\u0259sind\u0259 siyasi dialoq mexanizmi ba\u015flay\u0131b v\u0259 yax\u0131n vaxtlarda siyasi m\u0259sl\u0259h\u0259tl\u0259\u015fm\u0259l\u0259r ke\u00e7iril\u0259c\u0259k.<\/p>\n","protected":false},"excerpt":{"rendered":"<p>\u201cAz\u0259rbaycan\u0131n s\u0259drliyi say\u0259sind\u0259 Qo\u015fulmama H\u0259r\u0259kat\u0131n\u0131n (QH) beyn\u0259lxalq m\u00fcnasib\u0259tl\u0259rd\u0259 oynad\u0131\u011f\u0131 rol daha da g\u00fccl\u0259nib\u201d. AZ\u018fRTAC\u00a0x\u0259b\u0259r verir ki, bu fikri \u018flc\u0259zair Xalq Demokratik Respublikas\u0131n\u0131n Ba\u015f naziri Ayman Benabderrahman Az\u0259rbaycan Prezidenti\u00a0\u0130lham \u018fliyev\u00a0il\u0259 g\u00f6r\u00fc\u015fd\u0259 s\u00f6yl\u0259yib. Qo\u015fulmama H\u0259r\u0259kat\u0131n\u0131n Bak\u0131da ke\u00e7iril\u0259n Zirv\u0259 g\u00f6r\u00fc\u015f\u00fcn\u00fcn y\u00fcks\u0259k s\u0259viyy\u0259d\u0259 t\u0259\u015fkilin\u0259 v\u0259 Az\u0259rbaycan\u0131n Qo\u015fulmama H\u0259r\u0259kat\u0131nda u\u011furlu s\u0259drliyin\u0259 g\u00f6r\u0259 Prezident \u0130lham \u018fliyevi t\u0259brik ed\u0259n Ba\u015f nazir \u018flc\u0259zairin Az\u0259rbaycanla qar\u015f\u0131l\u0131ql\u0131 m\u00fcnasib\u0259tl\u0259rin h\u0259rt\u0259r\u0259fli inki\u015faf\u0131nda maraql\u0131 oldu\u011funu deyib. Haz\u0131rda parlamentl\u0259raras\u0131 \u0259m\u0259kda\u015fl\u0131q v\u0259 \u0259dliyy\u0259 sah\u0259sind\u0259 \u0259laq\u0259l\u0259rimizin inki\u015faf etdiyi vur\u011fulayan qonaq qeyd edib ki, Xarici \u0130\u015fl\u0259r nazirlikl\u0259ri s\u0259viyy\u0259sind\u0259 siyasi dialoq mexanizmi ba\u015flay\u0131b v\u0259 yax\u0131n vaxtlarda siyasi m\u0259sl\u0259h\u0259tl\u0259\u015fm\u0259l\u0259r&hellip;<\/p>\n","protected":false},"author":2,"featured_media":571850,"comment_status":"closed","ping_status":"closed","sticky":false,"template":"","format":"standard","meta":{"om_disable_all_campaigns":false,"_monsterinsights_skip_tracking":false,"_monsterinsights_sitenote_active":false,"_monsterinsights_sitenote_note":"","_monsterinsights_sitenote_category":0},"categories":[4],"tags":[],"aioseo_notices":[],"gutentor_comment":0,"rttpg_featured_image_url":{"full":["https:\/\/arantv.az\/wp-content\/uploads\/2023\/03\/16777429044349524441_1000x669.jpg",620,413,false],"landscape":["https:\/\/arantv.az\/wp-content\/uploads\/2023\/03\/16777429044349524441_1000x669.jpg",620,413,false],"portraits":["https:\/\/arantv.az\/wp-content\/uploads\/2023\/03\/16777429044349524441_1000x669.jpg",620,413,false],"thumbnail":["https:\/\/arantv.az\/wp-content\/uploads\/2023\/03\/16777429044349524441_1000x669-500x280.jpg",500,280,true],"medium":["https:\/\/arantv.az\/wp-content\/uploads\/2023\/03\/16777429044349524441_1000x669-548x365.jpg",548,365,true],"large":["https:\/\/arantv.az\/wp-content\/uploads\/2023\/03\/16777429044349524441_1000x669.jpg",620,413,false],"1536x1536":["https:\/\/arantv.az\/wp-content\/uploads\/2023\/03\/16777429044349524441_1000x669.jpg",620,413,false],"2048x2048":["https:\/\/arantv.az\/wp-content\/uploads\/2023\/03\/16777429044349524441_1000x669.jpg",620,413,false],"post-thumbnail":["https:\/\/arantv.az\/wp-content\/uploads\/2023\/03\/16777429044349524441_1000x669-240x172.jpg",240,172,true],"advps-thumb-one":["https:\/\/arantv.az\/wp-content\/uploads\/2023\/03\/16777429044349524441_1000x669.jpg",620,413,false]},"rttpg_author":{"display_name":"V\u00fcsal Rafiqo\u011flu","author_link":"https:\/\/arantv.az\/?author=2"},"rttpg_comment":0,"rttpg_category":"<a href=\"https:\/\/arantv.az\/?cat=4\" rel=\"category\">Siyas\u0259t<\/a>","rttpg_excerpt":"\u201cAz\u0259rbaycan\u0131n s\u0259drliyi say\u0259sind\u0259 Qo\u015fulmama H\u0259r\u0259kat\u0131n\u0131n (QH) beyn\u0259lxalq m\u00fcnasib\u0259tl\u0259rd\u0259 oynad\u0131\u011f\u0131 rol daha da g\u00fccl\u0259nib\u201d. AZ\u018fRTAC\u00a0x\u0259b\u0259r verir ki, bu fikri \u018flc\u0259zair Xalq Demokratik Respublikas\u0131n\u0131n Ba\u015f naziri Ayman Benabderrahman Az\u0259rbaycan Prezidenti\u00a0\u0130lham \u018fliyev\u00a0il\u0259 g\u00f6r\u00fc\u015fd\u0259 s\u00f6yl\u0259yib. Qo\u015fulmama H\u0259r\u0259kat\u0131n\u0131n Bak\u0131da ke\u00e7iril\u0259n Zirv\u0259 g\u00f6r\u00fc\u015f\u00fcn\u00fcn y\u00fcks\u0259k s\u0259viyy\u0259d\u0259 t\u0259\u015fkilin\u0259 v\u0259 Az\u0259rbaycan\u0131n Qo\u015fulmama H\u0259r\u0259kat\u0131nda u\u011furlu s\u0259drliyin\u0259 g\u00f6r\u0259 Prezident \u0130lham \u018fliyevi t\u0259brik ed\u0259n Ba\u015f nazir \u018flc\u0259zairin&hellip;","_links":{"self":[{"href":"https:\/\/arantv.az\/index.php?rest_route=\/wp\/v2\/posts\/571849"}],"collection":[{"href":"https:\/\/arantv.az\/index.php?rest_route=\/wp\/v2\/posts"}],"about":[{"href":"https:\/\/arantv.az\/index.php?rest_route=\/wp\/v2\/types\/post"}],"author":[{"embeddable":true,"href":"https:\/\/arantv.az\/index.php?rest_route=\/wp\/v2\/users\/2"}],"replies":[{"embeddable":true,"href":"https:\/\/arantv.az\/index.php?rest_route=%2Fwp%2Fv2%2Fcomments&post=571849"}],"version-history":[{"count":0,"href":"https:\/\/arantv.az\/index.php?rest_route=\/wp\/v2\/posts\/571849\/revisions"}],"wp:featuredmedia":[{"embeddable":true,"href":"https:\/\/arantv.az\/index.php?rest_route=\/wp\/v2\/media\/571850"}],"wp:attachment":[{"href":"https:\/\/arantv.az\/index.php?rest_route=%2Fwp%2Fv2%2Fmedia&parent=571849"}],"wp:term":[{"taxonomy":"category","embeddable":true,"href":"https:\/\/arantv.az\/index.php?rest_route=%2Fwp%2Fv2%2Fcategories&post=571849"},{"taxonomy":"post_tag","embeddable":true,"href":"https:\/\/arantv.az\/index.php?rest_route=%2Fwp%2Fv2%2Ftags&post=571849"}],"curies":[{"name":"wp","href":"https:\/\/api.w.org\/{rel}","templated":true}]}}