{"id":571858,"date":"2023-03-02T19:46:03","date_gmt":"2023-03-02T16:46:03","guid":{"rendered":"https:\/\/arantv.az\/?p=571858"},"modified":"2023-03-02T19:46:03","modified_gmt":"2023-03-02T16:46:03","slug":"unece-nin-icraci-katibi-covid-19-pandemiyasi-butun-olk%c9%99l%c9%99r%c9%99-t%c9%99sir-edib","status":"publish","type":"post","link":"https:\/\/arantv.az\/?p=571858","title":{"rendered":"UNECE-nin icra\u00e7\u0131 katibi: \u201cCOVID-19 pandemiyas\u0131 b\u00fct\u00fcn \u00f6lk\u0259l\u0259r\u0259 t\u0259sir edib\u201d"},"content":{"rendered":"<p>\u201cCOVID-19 pandemiyas\u0131 d\u00fcnyan\u0131n h\u0259r bir \u00f6lk\u0259sin\u0259 t\u0259sir edib. Onlar s\u0259rh\u0259dl\u0259rin ba\u011flanmas\u0131, i\u015fsizlik v\u0259 sair kimi probleml\u0259rl\u0259 \u00fczl\u0259\u015fib\u201d.<\/p>\n<p>Bu fikirl\u0259ri BMT-nin Avropa \u0130qtisadi Komissiyas\u0131n\u0131n (UNECE) icra\u00e7\u0131 katibi Olga Algayerova Qo\u015fulmama H\u0259r\u0259kat\u0131n\u0131n COVID-19-a qar\u015f\u0131 m\u00fcbariz\u0259 \u00fczr\u0259 T\u0259mas Qrupunun Zirv\u0259 g\u00f6r\u00fc\u015f\u00fc \u00e7\u0259r\u00e7iv\u0259sind\u0259 ke\u00e7iril\u0259n plenar iclasda \u00e7\u0131x\u0131\u015f\u0131 zaman\u0131 deyib.<\/p>\n<p>\u201cPandemiya biz\u0259 d\u0259yi\u015fikliyin vacibliyini g\u00f6st\u0259rib v\u0259 onlardan biri d\u0259 r\u0259q\u0259msalla\u015fmad\u0131r. Texnoloji inkl\u00fczivlik \u00f6lk\u0259l\u0259rin dayan\u0131ql\u0131 inki\u015faf\u0131na s\u0259b\u0259b olur\u201d, &#8211; o bildirib.<\/p>\n<p>\u0130cra\u00e7\u0131 katib qeyd edib ki, \u201cya\u015f\u0131l\u201d b\u0259rpa m\u0259s\u0259l\u0259sind\u0259 UNECE-nin standartlar\u0131 t\u0259tbiq olunur: \u201cKomissiya h\u0259m\u00e7inin \u201ca\u011f\u0131ll\u0131 \u015f\u0259h\u0259rl\u0259r\u201din inki\u015faf\u0131na v\u0259 enerji s\u0259m\u0259r\u0259liliyin\u0259 diqq\u0259t yetirir\u201d.<\/p>\n<p>O.Algayerova vur\u011fulay\u0131b ki, dayan\u0131ql\u0131 b\u0259rpa resurslar\u0131n s\u0259f\u0259rb\u0259r edilm\u0259sini t\u0259l\u0259b edir v\u0259 bu da\u00a0yaln\u0131z s\u0259yl\u0259rin birl\u0259\u015fdirilm\u0259si yolu il\u0259 \u0259ld\u0259 oluna bil\u0259r.<\/p>\n","protected":false},"excerpt":{"rendered":"<p>\u201cCOVID-19 pandemiyas\u0131 d\u00fcnyan\u0131n h\u0259r bir \u00f6lk\u0259sin\u0259 t\u0259sir edib. Onlar s\u0259rh\u0259dl\u0259rin ba\u011flanmas\u0131, i\u015fsizlik v\u0259 sair kimi probleml\u0259rl\u0259 \u00fczl\u0259\u015fib\u201d. Bu fikirl\u0259ri BMT-nin Avropa \u0130qtisadi Komissiyas\u0131n\u0131n (UNECE) icra\u00e7\u0131 katibi Olga Algayerova Qo\u015fulmama H\u0259r\u0259kat\u0131n\u0131n COVID-19-a qar\u015f\u0131 m\u00fcbariz\u0259 \u00fczr\u0259 T\u0259mas Qrupunun Zirv\u0259 g\u00f6r\u00fc\u015f\u00fc \u00e7\u0259r\u00e7iv\u0259sind\u0259 ke\u00e7iril\u0259n plenar iclasda \u00e7\u0131x\u0131\u015f\u0131 zaman\u0131 deyib. \u201cPandemiya biz\u0259 d\u0259yi\u015fikliyin vacibliyini g\u00f6st\u0259rib v\u0259 onlardan biri d\u0259 r\u0259q\u0259msalla\u015fmad\u0131r. Texnoloji inkl\u00fczivlik \u00f6lk\u0259l\u0259rin dayan\u0131ql\u0131 inki\u015faf\u0131na s\u0259b\u0259b olur\u201d, &#8211; o bildirib. \u0130cra\u00e7\u0131 katib qeyd edib ki, \u201cya\u015f\u0131l\u201d b\u0259rpa m\u0259s\u0259l\u0259sind\u0259 UNECE-nin standartlar\u0131 t\u0259tbiq olunur: \u201cKomissiya h\u0259m\u00e7inin \u201ca\u011f\u0131ll\u0131 \u015f\u0259h\u0259rl\u0259r\u201din inki\u015faf\u0131na v\u0259 enerji s\u0259m\u0259r\u0259liliyin\u0259 diqq\u0259t yetirir\u201d. O.Algayerova vur\u011fulay\u0131b ki,&hellip;<\/p>\n","protected":false},"author":1,"featured_media":571859,"comment_status":"closed","ping_status":"closed","sticky":false,"template":"","format":"standard","meta":{"om_disable_all_campaigns":false,"_monsterinsights_skip_tracking":false,"_monsterinsights_sitenote_active":false,"_monsterinsights_sitenote_note":"","_monsterinsights_sitenote_category":0},"categories":[7],"tags":[],"aioseo_notices":[],"gutentor_comment":0,"rttpg_featured_image_url":{"full":["https:\/\/arantv.az\/wp-content\/uploads\/2023\/03\/746ddc10-d94a-37a7-bb89-18f77d668218_850.jpg",850,530,false],"landscape":["https:\/\/arantv.az\/wp-content\/uploads\/2023\/03\/746ddc10-d94a-37a7-bb89-18f77d668218_850.jpg",850,530,false],"portraits":["https:\/\/arantv.az\/wp-content\/uploads\/2023\/03\/746ddc10-d94a-37a7-bb89-18f77d668218_850.jpg",850,530,false],"thumbnail":["https:\/\/arantv.az\/wp-content\/uploads\/2023\/03\/746ddc10-d94a-37a7-bb89-18f77d668218_850-500x280.jpg",500,280,true],"medium":["https:\/\/arantv.az\/wp-content\/uploads\/2023\/03\/746ddc10-d94a-37a7-bb89-18f77d668218_850-585x365.jpg",585,365,true],"large":["https:\/\/arantv.az\/wp-content\/uploads\/2023\/03\/746ddc10-d94a-37a7-bb89-18f77d668218_850-840x524.jpg",640,399,true],"1536x1536":["https:\/\/arantv.az\/wp-content\/uploads\/2023\/03\/746ddc10-d94a-37a7-bb89-18f77d668218_850.jpg",850,530,false],"2048x2048":["https:\/\/arantv.az\/wp-content\/uploads\/2023\/03\/746ddc10-d94a-37a7-bb89-18f77d668218_850.jpg",850,530,false],"post-thumbnail":["https:\/\/arantv.az\/wp-content\/uploads\/2023\/03\/746ddc10-d94a-37a7-bb89-18f77d668218_850-240x172.jpg",240,172,true],"advps-thumb-one":["https:\/\/arantv.az\/wp-content\/uploads\/2023\/03\/746ddc10-d94a-37a7-bb89-18f77d668218_850.jpg",850,530,false]},"rttpg_author":{"display_name":"xeber","author_link":"https:\/\/arantv.az\/?author=1"},"rttpg_comment":0,"rttpg_category":"<a href=\"https:\/\/arantv.az\/?cat=7\" rel=\"category\">D\u00fcnya<\/a>","rttpg_excerpt":"\u201cCOVID-19 pandemiyas\u0131 d\u00fcnyan\u0131n h\u0259r bir \u00f6lk\u0259sin\u0259 t\u0259sir edib. Onlar s\u0259rh\u0259dl\u0259rin ba\u011flanmas\u0131, i\u015fsizlik v\u0259 sair kimi probleml\u0259rl\u0259 \u00fczl\u0259\u015fib\u201d. Bu fikirl\u0259ri BMT-nin Avropa \u0130qtisadi Komissiyas\u0131n\u0131n (UNECE) icra\u00e7\u0131 katibi Olga Algayerova Qo\u015fulmama H\u0259r\u0259kat\u0131n\u0131n COVID-19-a qar\u015f\u0131 m\u00fcbariz\u0259 \u00fczr\u0259 T\u0259mas Qrupunun Zirv\u0259 g\u00f6r\u00fc\u015f\u00fc \u00e7\u0259r\u00e7iv\u0259sind\u0259 ke\u00e7iril\u0259n plenar iclasda \u00e7\u0131x\u0131\u015f\u0131 zaman\u0131 deyib. \u201cPandemiya biz\u0259 d\u0259yi\u015fikliyin vacibliyini g\u00f6st\u0259rib v\u0259 onlardan biri d\u0259 r\u0259q\u0259msalla\u015fmad\u0131r.&hellip;","_links":{"self":[{"href":"https:\/\/arantv.az\/index.php?rest_route=\/wp\/v2\/posts\/571858"}],"collection":[{"href":"https:\/\/arantv.az\/index.php?rest_route=\/wp\/v2\/posts"}],"about":[{"href":"https:\/\/arantv.az\/index.php?rest_route=\/wp\/v2\/types\/post"}],"author":[{"embeddable":true,"href":"https:\/\/arantv.az\/index.php?rest_route=\/wp\/v2\/users\/1"}],"replies":[{"embeddable":true,"href":"https:\/\/arantv.az\/index.php?rest_route=%2Fwp%2Fv2%2Fcomments&post=571858"}],"version-history":[{"count":0,"href":"https:\/\/arantv.az\/index.php?rest_route=\/wp\/v2\/posts\/571858\/revisions"}],"wp:featuredmedia":[{"embeddable":true,"href":"https:\/\/arantv.az\/index.php?rest_route=\/wp\/v2\/media\/571859"}],"wp:attachment":[{"href":"https:\/\/arantv.az\/index.php?rest_route=%2Fwp%2Fv2%2Fmedia&parent=571858"}],"wp:term":[{"taxonomy":"category","embeddable":true,"href":"https:\/\/arantv.az\/index.php?rest_route=%2Fwp%2Fv2%2Fcategories&post=571858"},{"taxonomy":"post_tag","embeddable":true,"href":"https:\/\/arantv.az\/index.php?rest_route=%2Fwp%2Fv2%2Ftags&post=571858"}],"curies":[{"name":"wp","href":"https:\/\/api.w.org\/{rel}","templated":true}]}}