{"id":571876,"date":"2023-03-02T21:36:51","date_gmt":"2023-03-02T18:36:51","guid":{"rendered":"https:\/\/arantv.az\/?p=571876"},"modified":"2023-03-02T21:36:51","modified_gmt":"2023-03-02T18:36:51","slug":"s%c9%99mkird%c9%99-avtomobil-71-yasli-qadini-vuraraq-oldurdu","status":"publish","type":"post","link":"https:\/\/arantv.az\/?p=571876","title":{"rendered":"\u015e\u0259mkird\u0259 avtomobil 71 ya\u015fl\u0131 qad\u0131n\u0131 vuraraq \u00f6ld\u00fcrd\u00fc"},"content":{"rendered":"<p>\u015e\u0259mkir rayonunun D\u00fcy\u0259rli k\u0259ndind\u0259 piyadan\u0131n \u00f6l\u00fcm\u00fc il\u0259 n\u0259tic\u0259l\u0259n\u0259n yol-n\u0259qliyyat hadis\u0259si olub.<\/p>\n<div class=\"AdviadNativeVideo\"><\/div>\n<p>\u201cReport\u201dun m\u0259lumat\u0131na g\u00f6r\u0259, yolu qar\u015f\u0131 t\u0259r\u0259f\u0259 ke\u00e7m\u0259k ist\u0259y\u0259n\u00a01952-ci il t\u0259v\u0259ll\u00fcdl\u00fc Pakiz\u0259 \u018fliyevan\u0131 avtomobil vurub.<\/p>\n<p>O, ald\u0131\u011f\u0131 x\u0259sar\u0259td\u0259n d\u00fcnyas\u0131n\u0131 d\u0259yi\u015fib.<\/p>\n<p>Faktla ba\u011fl\u0131 ara\u015fd\u0131rma apar\u0131l\u0131r.<\/p>\n","protected":false},"excerpt":{"rendered":"<p>\u015e\u0259mkir rayonunun D\u00fcy\u0259rli k\u0259ndind\u0259 piyadan\u0131n \u00f6l\u00fcm\u00fc il\u0259 n\u0259tic\u0259l\u0259n\u0259n yol-n\u0259qliyyat hadis\u0259si olub. \u201cReport\u201dun m\u0259lumat\u0131na g\u00f6r\u0259, yolu qar\u015f\u0131 t\u0259r\u0259f\u0259 ke\u00e7m\u0259k ist\u0259y\u0259n\u00a01952-ci il t\u0259v\u0259ll\u00fcdl\u00fc Pakiz\u0259 \u018fliyevan\u0131 avtomobil vurub. O, ald\u0131\u011f\u0131 x\u0259sar\u0259td\u0259n d\u00fcnyas\u0131n\u0131 d\u0259yi\u015fib. Faktla ba\u011fl\u0131 ara\u015fd\u0131rma apar\u0131l\u0131r.<\/p>\n","protected":false},"author":2,"featured_media":571878,"comment_status":"closed","ping_status":"closed","sticky":false,"template":"","format":"standard","meta":{"om_disable_all_campaigns":false,"_monsterinsights_skip_tracking":false,"_monsterinsights_sitenote_active":false,"_monsterinsights_sitenote_note":"","_monsterinsights_sitenote_category":0},"categories":[5],"tags":[],"aioseo_notices":[],"gutentor_comment":0,"rttpg_featured_image_url":{"full":["https:\/\/arantv.az\/wp-content\/uploads\/2023\/03\/45016759-ed30-359e-a82b-18766e1a0ce3_850.jpg",620,413,false],"landscape":["https:\/\/arantv.az\/wp-content\/uploads\/2023\/03\/45016759-ed30-359e-a82b-18766e1a0ce3_850.jpg",620,413,false],"portraits":["https:\/\/arantv.az\/wp-content\/uploads\/2023\/03\/45016759-ed30-359e-a82b-18766e1a0ce3_850.jpg",620,413,false],"thumbnail":["https:\/\/arantv.az\/wp-content\/uploads\/2023\/03\/45016759-ed30-359e-a82b-18766e1a0ce3_850-500x280.jpg",500,280,true],"medium":["https:\/\/arantv.az\/wp-content\/uploads\/2023\/03\/45016759-ed30-359e-a82b-18766e1a0ce3_850-548x365.jpg",548,365,true],"large":["https:\/\/arantv.az\/wp-content\/uploads\/2023\/03\/45016759-ed30-359e-a82b-18766e1a0ce3_850.jpg",620,413,false],"1536x1536":["https:\/\/arantv.az\/wp-content\/uploads\/2023\/03\/45016759-ed30-359e-a82b-18766e1a0ce3_850.jpg",620,413,false],"2048x2048":["https:\/\/arantv.az\/wp-content\/uploads\/2023\/03\/45016759-ed30-359e-a82b-18766e1a0ce3_850.jpg",620,413,false],"post-thumbnail":["https:\/\/arantv.az\/wp-content\/uploads\/2023\/03\/45016759-ed30-359e-a82b-18766e1a0ce3_850-240x172.jpg",240,172,true],"advps-thumb-one":["https:\/\/arantv.az\/wp-content\/uploads\/2023\/03\/45016759-ed30-359e-a82b-18766e1a0ce3_850.jpg",620,413,false]},"rttpg_author":{"display_name":"V\u00fcsal Rafiqo\u011flu","author_link":"https:\/\/arantv.az\/?author=2"},"rttpg_comment":0,"rttpg_category":"<a href=\"https:\/\/arantv.az\/?cat=5\" rel=\"category\">Hadis\u0259<\/a>","rttpg_excerpt":"\u015e\u0259mkir rayonunun D\u00fcy\u0259rli k\u0259ndind\u0259 piyadan\u0131n \u00f6l\u00fcm\u00fc il\u0259 n\u0259tic\u0259l\u0259n\u0259n yol-n\u0259qliyyat hadis\u0259si olub. \u201cReport\u201dun m\u0259lumat\u0131na g\u00f6r\u0259, yolu qar\u015f\u0131 t\u0259r\u0259f\u0259 ke\u00e7m\u0259k ist\u0259y\u0259n\u00a01952-ci il t\u0259v\u0259ll\u00fcdl\u00fc Pakiz\u0259 \u018fliyevan\u0131 avtomobil vurub. O, ald\u0131\u011f\u0131 x\u0259sar\u0259td\u0259n d\u00fcnyas\u0131n\u0131 d\u0259yi\u015fib. Faktla ba\u011fl\u0131 ara\u015fd\u0131rma apar\u0131l\u0131r.","_links":{"self":[{"href":"https:\/\/arantv.az\/index.php?rest_route=\/wp\/v2\/posts\/571876"}],"collection":[{"href":"https:\/\/arantv.az\/index.php?rest_route=\/wp\/v2\/posts"}],"about":[{"href":"https:\/\/arantv.az\/index.php?rest_route=\/wp\/v2\/types\/post"}],"author":[{"embeddable":true,"href":"https:\/\/arantv.az\/index.php?rest_route=\/wp\/v2\/users\/2"}],"replies":[{"embeddable":true,"href":"https:\/\/arantv.az\/index.php?rest_route=%2Fwp%2Fv2%2Fcomments&post=571876"}],"version-history":[{"count":0,"href":"https:\/\/arantv.az\/index.php?rest_route=\/wp\/v2\/posts\/571876\/revisions"}],"wp:featuredmedia":[{"embeddable":true,"href":"https:\/\/arantv.az\/index.php?rest_route=\/wp\/v2\/media\/571878"}],"wp:attachment":[{"href":"https:\/\/arantv.az\/index.php?rest_route=%2Fwp%2Fv2%2Fmedia&parent=571876"}],"wp:term":[{"taxonomy":"category","embeddable":true,"href":"https:\/\/arantv.az\/index.php?rest_route=%2Fwp%2Fv2%2Fcategories&post=571876"},{"taxonomy":"post_tag","embeddable":true,"href":"https:\/\/arantv.az\/index.php?rest_route=%2Fwp%2Fv2%2Ftags&post=571876"}],"curies":[{"name":"wp","href":"https:\/\/api.w.org\/{rel}","templated":true}]}}