{"id":57188,"date":"2019-05-13T08:07:57","date_gmt":"2019-05-13T05:07:57","guid":{"rendered":"http:\/\/arantv.az\/?p=57188"},"modified":"2019-05-13T08:07:57","modified_gmt":"2019-05-13T05:07:57","slug":"israilin-m%c9%99d%c9%99niyy%c9%99t-naziri-avroviziyadan-imtina-etdi","status":"publish","type":"post","link":"https:\/\/arantv.az\/?p=57188","title":{"rendered":"\u0130srailin m\u0259d\u0259niyy\u0259t naziri \u201cAvroviziya\u201ddan imtina etdi"},"content":{"rendered":"<p>\u0130srailin m\u0259d\u0259niyy\u0259t v\u0259 idman naziri Miri Reqev \u00f6lk\u0259sind\u0259 ke\u00e7iril\u0259c\u0259k \u201cAvroviziya-2019\u201d mahn\u0131 m\u00fcsabiq\u0259sind\u0259 i\u015ftirak etm\u0259y\u0259c\u0259yini bildirib.<\/p>\n<p><a href=\"https:\/\/m.lenta.ru\/news\/2019\/05\/13\/no_euro\/?fbclid=IwAR0Sxdva1oY3AeJYEFeXqAZnh94pD6hxPbM91Cuz0kIr8i7DgIstvkjUA6s\" target=\"_blank\" rel=\"noopener\">\u201cLenta.ru\u201d<\/a>nun x\u0259b\u0259rin\u0259 g\u00f6r\u0259, nazir etiraz\u0131n\u0131n s\u0259b\u0259bini a\u00e7\u0131qlamay\u0131b.<\/p>\n<p>Bildirilir ki, Reqev mahn\u0131 m\u00fcsabiq\u0259sinin Tel-Avivda yox Q\u00fcdsd\u0259 ke\u00e7irilm\u0259sinin t\u0259r\u0259fdar\u0131 olub.<\/p>\n","protected":false},"excerpt":{"rendered":"<p>\u0130srailin m\u0259d\u0259niyy\u0259t v\u0259 idman naziri Miri Reqev \u00f6lk\u0259sind\u0259 ke\u00e7iril\u0259c\u0259k \u201cAvroviziya-2019\u201d mahn\u0131 m\u00fcsabiq\u0259sind\u0259 i\u015ftirak etm\u0259y\u0259c\u0259yini bildirib. \u201cLenta.ru\u201dnun x\u0259b\u0259rin\u0259 g\u00f6r\u0259, nazir etiraz\u0131n\u0131n s\u0259b\u0259bini a\u00e7\u0131qlamay\u0131b. Bildirilir ki, Reqev mahn\u0131 m\u00fcsabiq\u0259sinin Tel-Avivda yox Q\u00fcdsd\u0259 ke\u00e7irilm\u0259sinin t\u0259r\u0259fdar\u0131 olub.<\/p>\n","protected":false},"author":2,"featured_media":57192,"comment_status":"closed","ping_status":"closed","sticky":false,"template":"","format":"standard","meta":{"om_disable_all_campaigns":false,"_monsterinsights_skip_tracking":false,"_monsterinsights_sitenote_active":false,"_monsterinsights_sitenote_note":"","_monsterinsights_sitenote_category":0},"categories":[7],"tags":[],"aioseo_notices":[],"gutentor_comment":0,"rttpg_featured_image_url":{"full":["https:\/\/arantv.az\/wp-content\/uploads\/2019\/05\/wscdf.jpg",620,465,false],"landscape":["https:\/\/arantv.az\/wp-content\/uploads\/2019\/05\/wscdf.jpg",620,465,false],"portraits":["https:\/\/arantv.az\/wp-content\/uploads\/2019\/05\/wscdf.jpg",620,465,false],"thumbnail":["https:\/\/arantv.az\/wp-content\/uploads\/2019\/05\/wscdf-150x150.jpg",150,150,true],"medium":["https:\/\/arantv.az\/wp-content\/uploads\/2019\/05\/wscdf-300x225.jpg",300,225,true],"large":["https:\/\/arantv.az\/wp-content\/uploads\/2019\/05\/wscdf.jpg",620,465,false],"1536x1536":["https:\/\/arantv.az\/wp-content\/uploads\/2019\/05\/wscdf.jpg",620,465,false],"2048x2048":["https:\/\/arantv.az\/wp-content\/uploads\/2019\/05\/wscdf.jpg",620,465,false],"post-thumbnail":["https:\/\/arantv.az\/wp-content\/uploads\/2019\/05\/wscdf-240x172.jpg",240,172,true],"advps-thumb-one":["https:\/\/arantv.az\/wp-content\/uploads\/2019\/05\/wscdf.jpg",620,465,false]},"rttpg_author":{"display_name":"V\u00fcsal Rafiqo\u011flu","author_link":"https:\/\/arantv.az\/?author=2"},"rttpg_comment":0,"rttpg_category":"<a href=\"https:\/\/arantv.az\/?cat=7\" rel=\"category\">D\u00fcnya<\/a>","rttpg_excerpt":"\u0130srailin m\u0259d\u0259niyy\u0259t v\u0259 idman naziri Miri Reqev \u00f6lk\u0259sind\u0259 ke\u00e7iril\u0259c\u0259k \u201cAvroviziya-2019\u201d mahn\u0131 m\u00fcsabiq\u0259sind\u0259 i\u015ftirak etm\u0259y\u0259c\u0259yini bildirib. \u201cLenta.ru\u201dnun x\u0259b\u0259rin\u0259 g\u00f6r\u0259, nazir etiraz\u0131n\u0131n s\u0259b\u0259bini a\u00e7\u0131qlamay\u0131b. Bildirilir ki, Reqev mahn\u0131 m\u00fcsabiq\u0259sinin Tel-Avivda yox Q\u00fcdsd\u0259 ke\u00e7irilm\u0259sinin t\u0259r\u0259fdar\u0131 olub.","_links":{"self":[{"href":"https:\/\/arantv.az\/index.php?rest_route=\/wp\/v2\/posts\/57188"}],"collection":[{"href":"https:\/\/arantv.az\/index.php?rest_route=\/wp\/v2\/posts"}],"about":[{"href":"https:\/\/arantv.az\/index.php?rest_route=\/wp\/v2\/types\/post"}],"author":[{"embeddable":true,"href":"https:\/\/arantv.az\/index.php?rest_route=\/wp\/v2\/users\/2"}],"replies":[{"embeddable":true,"href":"https:\/\/arantv.az\/index.php?rest_route=%2Fwp%2Fv2%2Fcomments&post=57188"}],"version-history":[{"count":0,"href":"https:\/\/arantv.az\/index.php?rest_route=\/wp\/v2\/posts\/57188\/revisions"}],"wp:featuredmedia":[{"embeddable":true,"href":"https:\/\/arantv.az\/index.php?rest_route=\/wp\/v2\/media\/57192"}],"wp:attachment":[{"href":"https:\/\/arantv.az\/index.php?rest_route=%2Fwp%2Fv2%2Fmedia&parent=57188"}],"wp:term":[{"taxonomy":"category","embeddable":true,"href":"https:\/\/arantv.az\/index.php?rest_route=%2Fwp%2Fv2%2Fcategories&post=57188"},{"taxonomy":"post_tag","embeddable":true,"href":"https:\/\/arantv.az\/index.php?rest_route=%2Fwp%2Fv2%2Ftags&post=57188"}],"curies":[{"name":"wp","href":"https:\/\/api.w.org\/{rel}","templated":true}]}}