{"id":571897,"date":"2023-03-03T06:53:48","date_gmt":"2023-03-03T03:53:48","guid":{"rendered":"https:\/\/arantv.az\/?p=571897"},"modified":"2023-03-03T06:53:48","modified_gmt":"2023-03-03T03:53:48","slug":"i%c9%99t-bas-katibinin-yardimcisi-prezident-ilham-%c9%99liyev%c9%99-minn%c9%99tdarligini-bildirdi","status":"publish","type":"post","link":"https:\/\/arantv.az\/?p=571897","title":{"rendered":"\u0130\u018fT Ba\u015f katibinin yard\u0131m\u00e7\u0131s\u0131 Prezident \u0130lham \u018fliyev\u0259 minn\u0259tdarl\u0131\u011f\u0131n\u0131 bildirdi"},"content":{"rendered":"<p>\u201cQo\u015fulmama H\u0259r\u0259kat\u0131na s\u0259drliyi \u00e7\u0259r\u00e7iv\u0259sind\u0259 pandemiya \u00e7a\u011f\u0131r\u0131\u015flar\u0131na qar\u015f\u0131 m\u00fcbariz\u0259d\u0259 g\u00f6st\u0259rdiyi yard\u0131ma g\u00f6r\u0259 Az\u0259rbaycan Prezidenti\u00a0<strong>\u0130lham \u018fliyev<\/strong>\u0259 minn\u0259tdarl\u0131\u011f\u0131m\u0131 bildirir\u0259m\u201d.<\/p>\n<p>\u201cReport\u201d x\u0259b\u0259r verir ki, bunu \u0130slam \u018fm\u0259kda\u015fl\u0131q T\u0259\u015fkilat\u0131n\u0131n (\u0130\u018fT) Ba\u015f katibinin siyasi m\u0259s\u0259l\u0259l\u0259r \u00fczr\u0259 yard\u0131m\u00e7\u0131s\u0131 Yussef Aldobey Qo\u015fulmama H\u0259r\u0259kat\u0131n\u0131n COVID-19-a qar\u015f\u0131 m\u00fcbariz\u0259 \u00fczr\u0259 T\u0259mas Qrupunun Zirv\u0259 g\u00f6r\u00fc\u015f\u00fc \u00e7\u0259r\u00e7iv\u0259sind\u0259 ke\u00e7iril\u0259n plenar iclasda \u00e7\u0131x\u0131\u015f\u0131 zaman\u0131 deyib.<\/p>\n<div class=\"AdviadNativeVideo\"><\/div>\n<p>Onun s\u00f6zl\u0259rin\u0259 g\u00f6r\u0259, Az\u0259rbaycan \u0130\u018fT-nin \u00fczv\u00fcd\u00fcr v\u0259 \u00f6lk\u0259nin bu t\u0259\u015fkilatla \u0259m\u0259kda\u015fl\u0131\u011f\u0131 \u00e7ox m\u00fcsb\u0259t qiym\u0259tl\u0259ndirilir.<\/p>\n<p>\u201c\u0130\u018fT \u00f6lk\u0259l\u0259ri pandemiyan\u0131n a\u011f\u0131r \u00e7a\u011f\u0131r\u0131\u015flar\u0131na haz\u0131r deyildil\u0259r v\u0259 bu da \u00f6z\u00fcn\u00fc \u00f6lk\u0259l\u0259rimizin iqtisadiyyat\u0131na m\u0259nfi t\u0259sird\u0259 g\u00f6st\u0259rdi. B\u00fct\u00fcn bunlara baxmayaraq, inki\u015faf etm\u0259kd\u0259 olan \u00f6lk\u0259l\u0259r pandemiya il\u0259 m\u00fcbariz\u0259 \u00fc\u00e7\u00fcn s\u0259yl\u0259r g\u00f6st\u0259rdil\u0259r v\u0259 t\u0259dbirl\u0259r g\u00f6rd\u00fcl\u0259r\u201d, &#8211; Y.Aldobey s\u00f6yl\u0259yib.<\/p>\n<p>Natiq g\u00fcnd\u0259likd\u0259ki aktual m\u0259s\u0259l\u0259l\u0259rin m\u00fczakir\u0259si \u00fc\u00e7\u00fcn imkan yaradan platforma kimi bug\u00fcnk\u00fc Bak\u0131 sammitinin \u0259h\u0259miyy\u0259tini vur\u011fulay\u0131b.<\/p>\n<p>\u201cBel\u0259 m\u00fch\u00fcm t\u0259\u015f\u0259bb\u00fcsl\u0259rin h\u0259yata ke\u00e7irilm\u0259sin\u0259 g\u00f6r\u0259 \u0130\u018fT ad\u0131ndan Az\u0259rbaycana t\u0259\u015f\u0259kk\u00fcr edirik\u201d, &#8211; o, fikrini yekunla\u015fd\u0131r\u0131b.<\/p>\n","protected":false},"excerpt":{"rendered":"<p>\u201cQo\u015fulmama H\u0259r\u0259kat\u0131na s\u0259drliyi \u00e7\u0259r\u00e7iv\u0259sind\u0259 pandemiya \u00e7a\u011f\u0131r\u0131\u015flar\u0131na qar\u015f\u0131 m\u00fcbariz\u0259d\u0259 g\u00f6st\u0259rdiyi yard\u0131ma g\u00f6r\u0259 Az\u0259rbaycan Prezidenti\u00a0\u0130lham \u018fliyev\u0259 minn\u0259tdarl\u0131\u011f\u0131m\u0131 bildirir\u0259m\u201d. \u201cReport\u201d x\u0259b\u0259r verir ki, bunu \u0130slam \u018fm\u0259kda\u015fl\u0131q T\u0259\u015fkilat\u0131n\u0131n (\u0130\u018fT) Ba\u015f katibinin siyasi m\u0259s\u0259l\u0259l\u0259r \u00fczr\u0259 yard\u0131m\u00e7\u0131s\u0131 Yussef Aldobey Qo\u015fulmama H\u0259r\u0259kat\u0131n\u0131n COVID-19-a qar\u015f\u0131 m\u00fcbariz\u0259 \u00fczr\u0259 T\u0259mas Qrupunun Zirv\u0259 g\u00f6r\u00fc\u015f\u00fc \u00e7\u0259r\u00e7iv\u0259sind\u0259 ke\u00e7iril\u0259n plenar iclasda \u00e7\u0131x\u0131\u015f\u0131 zaman\u0131 deyib. Onun s\u00f6zl\u0259rin\u0259 g\u00f6r\u0259, Az\u0259rbaycan \u0130\u018fT-nin \u00fczv\u00fcd\u00fcr v\u0259 \u00f6lk\u0259nin bu t\u0259\u015fkilatla \u0259m\u0259kda\u015fl\u0131\u011f\u0131 \u00e7ox m\u00fcsb\u0259t qiym\u0259tl\u0259ndirilir. \u201c\u0130\u018fT \u00f6lk\u0259l\u0259ri pandemiyan\u0131n a\u011f\u0131r \u00e7a\u011f\u0131r\u0131\u015flar\u0131na haz\u0131r deyildil\u0259r v\u0259 bu da \u00f6z\u00fcn\u00fc \u00f6lk\u0259l\u0259rimizin iqtisadiyyat\u0131na m\u0259nfi t\u0259sird\u0259 g\u00f6st\u0259rdi. B\u00fct\u00fcn bunlara baxmayaraq, inki\u015faf etm\u0259kd\u0259 olan \u00f6lk\u0259l\u0259r pandemiya il\u0259 m\u00fcbariz\u0259&hellip;<\/p>\n","protected":false},"author":2,"featured_media":571898,"comment_status":"closed","ping_status":"closed","sticky":false,"template":"","format":"standard","meta":{"om_disable_all_campaigns":false,"_monsterinsights_skip_tracking":false,"_monsterinsights_sitenote_active":false,"_monsterinsights_sitenote_note":"","_monsterinsights_sitenote_category":0},"categories":[4],"tags":[],"aioseo_notices":[],"gutentor_comment":0,"rttpg_featured_image_url":{"full":["https:\/\/arantv.az\/wp-content\/uploads\/2023\/03\/FotoJet-2023-03-02T211948.193.jpg",620,413,false],"landscape":["https:\/\/arantv.az\/wp-content\/uploads\/2023\/03\/FotoJet-2023-03-02T211948.193.jpg",620,413,false],"portraits":["https:\/\/arantv.az\/wp-content\/uploads\/2023\/03\/FotoJet-2023-03-02T211948.193.jpg",620,413,false],"thumbnail":["https:\/\/arantv.az\/wp-content\/uploads\/2023\/03\/FotoJet-2023-03-02T211948.193-500x280.jpg",500,280,true],"medium":["https:\/\/arantv.az\/wp-content\/uploads\/2023\/03\/FotoJet-2023-03-02T211948.193-548x365.jpg",548,365,true],"large":["https:\/\/arantv.az\/wp-content\/uploads\/2023\/03\/FotoJet-2023-03-02T211948.193.jpg",620,413,false],"1536x1536":["https:\/\/arantv.az\/wp-content\/uploads\/2023\/03\/FotoJet-2023-03-02T211948.193.jpg",620,413,false],"2048x2048":["https:\/\/arantv.az\/wp-content\/uploads\/2023\/03\/FotoJet-2023-03-02T211948.193.jpg",620,413,false],"post-thumbnail":["https:\/\/arantv.az\/wp-content\/uploads\/2023\/03\/FotoJet-2023-03-02T211948.193-240x172.jpg",240,172,true],"advps-thumb-one":["https:\/\/arantv.az\/wp-content\/uploads\/2023\/03\/FotoJet-2023-03-02T211948.193.jpg",620,413,false]},"rttpg_author":{"display_name":"V\u00fcsal Rafiqo\u011flu","author_link":"https:\/\/arantv.az\/?author=2"},"rttpg_comment":0,"rttpg_category":"<a href=\"https:\/\/arantv.az\/?cat=4\" rel=\"category\">Siyas\u0259t<\/a>","rttpg_excerpt":"\u201cQo\u015fulmama H\u0259r\u0259kat\u0131na s\u0259drliyi \u00e7\u0259r\u00e7iv\u0259sind\u0259 pandemiya \u00e7a\u011f\u0131r\u0131\u015flar\u0131na qar\u015f\u0131 m\u00fcbariz\u0259d\u0259 g\u00f6st\u0259rdiyi yard\u0131ma g\u00f6r\u0259 Az\u0259rbaycan Prezidenti\u00a0\u0130lham \u018fliyev\u0259 minn\u0259tdarl\u0131\u011f\u0131m\u0131 bildirir\u0259m\u201d. \u201cReport\u201d x\u0259b\u0259r verir ki, bunu \u0130slam \u018fm\u0259kda\u015fl\u0131q T\u0259\u015fkilat\u0131n\u0131n (\u0130\u018fT) Ba\u015f katibinin siyasi m\u0259s\u0259l\u0259l\u0259r \u00fczr\u0259 yard\u0131m\u00e7\u0131s\u0131 Yussef Aldobey Qo\u015fulmama H\u0259r\u0259kat\u0131n\u0131n COVID-19-a qar\u015f\u0131 m\u00fcbariz\u0259 \u00fczr\u0259 T\u0259mas Qrupunun Zirv\u0259 g\u00f6r\u00fc\u015f\u00fc \u00e7\u0259r\u00e7iv\u0259sind\u0259 ke\u00e7iril\u0259n plenar iclasda \u00e7\u0131x\u0131\u015f\u0131 zaman\u0131 deyib. Onun s\u00f6zl\u0259rin\u0259 g\u00f6r\u0259, Az\u0259rbaycan \u0130\u018fT-nin&hellip;","_links":{"self":[{"href":"https:\/\/arantv.az\/index.php?rest_route=\/wp\/v2\/posts\/571897"}],"collection":[{"href":"https:\/\/arantv.az\/index.php?rest_route=\/wp\/v2\/posts"}],"about":[{"href":"https:\/\/arantv.az\/index.php?rest_route=\/wp\/v2\/types\/post"}],"author":[{"embeddable":true,"href":"https:\/\/arantv.az\/index.php?rest_route=\/wp\/v2\/users\/2"}],"replies":[{"embeddable":true,"href":"https:\/\/arantv.az\/index.php?rest_route=%2Fwp%2Fv2%2Fcomments&post=571897"}],"version-history":[{"count":0,"href":"https:\/\/arantv.az\/index.php?rest_route=\/wp\/v2\/posts\/571897\/revisions"}],"wp:featuredmedia":[{"embeddable":true,"href":"https:\/\/arantv.az\/index.php?rest_route=\/wp\/v2\/media\/571898"}],"wp:attachment":[{"href":"https:\/\/arantv.az\/index.php?rest_route=%2Fwp%2Fv2%2Fmedia&parent=571897"}],"wp:term":[{"taxonomy":"category","embeddable":true,"href":"https:\/\/arantv.az\/index.php?rest_route=%2Fwp%2Fv2%2Fcategories&post=571897"},{"taxonomy":"post_tag","embeddable":true,"href":"https:\/\/arantv.az\/index.php?rest_route=%2Fwp%2Fv2%2Ftags&post=571897"}],"curies":[{"name":"wp","href":"https:\/\/api.w.org\/{rel}","templated":true}]}}