{"id":57194,"date":"2019-05-13T08:12:37","date_gmt":"2019-05-13T05:12:37","guid":{"rendered":"http:\/\/arantv.az\/?p=57194"},"modified":"2019-05-13T08:12:37","modified_gmt":"2019-05-13T05:12:37","slug":"az%c9%99rbaycan-xalqinin-umummilli-lideri-heyd%c9%99r-%c9%99liyevin-xatir%c9%99si-meksikada-anilib-foto","status":"publish","type":"post","link":"https:\/\/arantv.az\/?p=57194","title":{"rendered":"Az\u0259rbaycan xalq\u0131n\u0131n \u00dcmummilli lideri Heyd\u0259r \u018fliyevin xatir\u0259si Meksikada an\u0131l\u0131b &#8211; FOTO"},"content":{"rendered":"<p>10 may tarixind\u0259 \u00f6lk\u0259mizin Mexikodak\u0131 S\u0259firliyind\u0259 \u00dcmummilli lider Heyd\u0259r \u018fliyevin anadan olmas\u0131n\u0131n 96-c\u0131 ild\u00f6n\u00fcm\u00fc il\u0259 ba\u011fl\u0131 t\u0259\u015fkil edilmi\u015f t\u0259dbird\u0259 Meksikada akkredit\u0259 olunmu\u015f diplomatik korpus n\u00fcmay\u0259nd\u0259l\u0259ri, Meksikada ya\u015fayan h\u0259mv\u0259t\u0259nl\u0259rimiz, Mexiko \u015f\u0259h\u0259ri Migel Hidalqo b\u0259l\u0259diyy\u0259si v\u0259 yerli K\u0130V n\u00fcmay\u0259nd\u0259l\u0259ri, Az\u0259rbaycan\u0131n Meksikal\u0131 dostlar\u0131 i\u015ftirak edib.<\/p>\n<p><strong>ARANTV.AZ<\/strong> bildirir ki, S\u0259firlikd\u0259n Milli.Az-a veril\u0259n m\u0259lumata g\u00f6r\u0259, t\u0259dbird\u0259 S\u0259firliyimizin m\u00fcv\u0259qq\u0259ti i\u015fl\u0259r v\u0259kili M\u0259mm\u0259d Tal\u0131bov \u00e7\u0131x\u0131\u015f ed\u0259r\u0259k \u00dcmummilli lider Heyd\u0259r \u018fliyevin Az\u0259rbaycan xalq\u0131 v\u0259 d\u00f6vl\u0259ti qar\u015f\u0131s\u0131nda misilsiz xidm\u0259tl\u0259rind\u0259n dan\u0131\u015f\u0131b, onun m\u00fcasir Az\u0259rbaycan\u0131n banisi oldu\u011funu, \u00f6lk\u0259 tarixind\u0259 h\u0259lledici rolunu qeyd ed\u0259r\u0259k V\u0259t\u0259nimizi xaos v\u0259 b\u00f6hrandan xilas ed\u0259r\u0259k m\u00fcdrik v\u0259 uzaqg\u00f6r\u0259n siyas\u0259ti n\u0259tic\u0259sind\u0259 d\u00fcnyan\u0131n geosiyasi bax\u0131mdan \u0259n m\u00fcr\u0259kk\u0259bl\u0259rd\u0259n biri olan regionda yerl\u0259\u015f\u0259n \u00f6lk\u0259mizin q\u0131sa vaxt \u0259rzind\u0259 qabaqc\u0131l v\u0259 n\u00fcfuzlu \u00f6lk\u0259y\u0259 \u00e7evrilm\u0259sin\u0259 nail oldu\u011funu bildirib.<\/p>\n<p>Az\u0259rbaycanl\u0131 diplomat qeyd edib ki, h\u0259r bir Az\u0259rbaycanl\u0131 g\u00fcnd\u0259n g\u00fcn\u0259 daha da inki\u015faf ed\u0259n, g\u00fccl\u0259n\u0259n v\u0259 d\u00fcnyada n\u00fcfuzu artan \u00f6lk\u0259mizi m\u00fc\u015fahid\u0259 ed\u0259rk\u0259n \u00dclu \u00d6nd\u0259rin Az\u0259rbaycan tarixind\u0259 misilsiz rolunu v\u0259 onun verdiyi m\u00fcdrik q\u0259rarlar\u0131n n\u0259tic\u0259sini daha da ayd\u0131n anlay\u0131r. Q\u00fcdr\u0259tli d\u00f6vl\u0259t xadimi, dahi \u015f\u0259xsiyy\u0259t, uzaqg\u00f6r\u0259n siyas\u0259ti il\u0259 b\u00fct\u00fcn region v\u0259 ondan k\u0259narda yeni reall\u0131q yaradm\u0131\u015f, \u0259srin \u0259n parlaq simalar\u0131ndan olan Heyd\u0259r \u018fliyevin b\u00fct\u00fcn h\u0259yat\u0131n\u0131 \u00f6z V\u0259t\u0259nin\u0259 &#8211; do\u011fma Az\u0259rbaycana h\u0259sr etdiyini bildir\u0259n diplomat h\u0259r bir Az\u0259rbaycanl\u0131n\u0131n bu xatir\u0259l\u0259ri ya\u015fatmal\u0131 oldu\u011funu vur\u011fulad\u0131.<\/p>\n<p>O, Heyd\u0259r \u018fliyev irsinin d\u00fcnyada tan\u0131d\u0131lmas\u0131nda, onun g\u0259l\u0259c\u0259k n\u0259sill\u0259r\u0259 \u00e7atd\u0131rmaqda Az\u0259rbaycan Respublikas\u0131n\u0131n Birinci vitse-prezidenti Mehriban xan\u0131m \u018fliyevan\u0131n r\u0259hb\u0259rliyi il\u0259 yaranmas\u0131n\u0131n 15-ci il d\u00f6n\u00fcm\u00fcn\u00fc qeyd ed\u0259n Heyd\u0259r \u018fliyev Fondunun f\u0259aliyy\u0259tini x\u00fcsusil\u0259 qeyd etdi. Fondun h\u0259m Az\u0259rbaycanda, h\u0259m d\u0259 bir s\u0131ra dig\u0259r \u00f6lk\u0259l\u0259rd\u0259 m\u0259d\u0259niyy\u0259t, humanitar, t\u0259hsil v\u0259 bir \u00e7ox dig\u0259r sah\u0259l\u0259rd\u0259 m\u00fch\u00fcm layih\u0259l\u0259rin u\u011furla h\u0259yata ke\u00e7irdiyi bar\u0259d\u0259 dan\u0131\u015fd\u0131. Bildirdi ki, bu g\u00fcn Az\u0259rbaycan\u0131n b\u00fct\u00fcn sah\u0259l\u0259rd\u0259 \u0259ld\u0259 etdiyi davaml\u0131 u\u011furlar\u0131, \u00f6lk\u0259mizin t\u0259\u015f\u0259bb\u00fcs\u00fc il\u0259 d\u00fcnya miqyasl\u0131 layih\u0259l\u0259rin b\u00f6y\u00fck m\u00fcv\u0259ff\u0259qiyy\u0259tl\u0259 h\u0259yata ke\u00e7irilm\u0259si &#8211; b\u00fct\u00fcn bunlar m\u0259hz Ulu \u00f6nd\u0259rin m\u00fc\u0259yy\u0259n etdiyi v\u0259 Az\u0259rbaycan Respublikas\u0131n\u0131n Prezidenti c\u0259nab \u0130lham \u018fliyev t\u0259r\u0259find\u0259n u\u011furla davam etdiril\u0259n siyas\u0259t n\u0259tic\u0259sind\u0259 m\u00fcmk\u00fcn olub.<\/p>\n<p>Sonradan t\u0259dbirin qonaqlar\u0131 Ulu \u00d6nd\u0259rin h\u0259yat yolu v\u0259 f\u0259aliyy\u0259ti bar\u0259d\u0259 materiallarla tan\u0131\u015f oldu.<\/p>\n<h4>M\u0259qal\u0259y\u0259 dair fotomateriallar:<\/h4>\n<p><img loading=\"lazy\" class=\"alignnone size-full wp-image-57197\" src=\"https:\/\/arantv.az\/wp-content\/uploads\/2019\/05\/efaefwaew.jpg\" alt=\"\" width=\"250\" height=\"138\" \/><img loading=\"lazy\" class=\"alignnone size-full wp-image-57199\" src=\"https:\/\/arantv.az\/wp-content\/uploads\/2019\/05\/erwgqagf-1.jpg\" alt=\"\" width=\"250\" height=\"188\" \/><\/p>\n<p>&nbsp;<\/p>\n","protected":false},"excerpt":{"rendered":"<p>10 may tarixind\u0259 \u00f6lk\u0259mizin Mexikodak\u0131 S\u0259firliyind\u0259 \u00dcmummilli lider Heyd\u0259r \u018fliyevin anadan olmas\u0131n\u0131n 96-c\u0131 ild\u00f6n\u00fcm\u00fc il\u0259 ba\u011fl\u0131 t\u0259\u015fkil edilmi\u015f t\u0259dbird\u0259 Meksikada akkredit\u0259 olunmu\u015f diplomatik korpus n\u00fcmay\u0259nd\u0259l\u0259ri, Meksikada ya\u015fayan h\u0259mv\u0259t\u0259nl\u0259rimiz, Mexiko \u015f\u0259h\u0259ri Migel Hidalqo b\u0259l\u0259diyy\u0259si v\u0259 yerli K\u0130V n\u00fcmay\u0259nd\u0259l\u0259ri, Az\u0259rbaycan\u0131n Meksikal\u0131 dostlar\u0131 i\u015ftirak edib. ARANTV.AZ bildirir ki, S\u0259firlikd\u0259n Milli.Az-a veril\u0259n m\u0259lumata g\u00f6r\u0259, t\u0259dbird\u0259 S\u0259firliyimizin m\u00fcv\u0259qq\u0259ti i\u015fl\u0259r v\u0259kili M\u0259mm\u0259d Tal\u0131bov \u00e7\u0131x\u0131\u015f ed\u0259r\u0259k \u00dcmummilli lider Heyd\u0259r \u018fliyevin Az\u0259rbaycan xalq\u0131 v\u0259 d\u00f6vl\u0259ti qar\u015f\u0131s\u0131nda misilsiz xidm\u0259tl\u0259rind\u0259n dan\u0131\u015f\u0131b, onun m\u00fcasir Az\u0259rbaycan\u0131n banisi oldu\u011funu, \u00f6lk\u0259 tarixind\u0259 h\u0259lledici rolunu qeyd ed\u0259r\u0259k V\u0259t\u0259nimizi xaos v\u0259 b\u00f6hrandan xilas ed\u0259r\u0259k m\u00fcdrik v\u0259&hellip;<\/p>\n","protected":false},"author":2,"featured_media":57198,"comment_status":"closed","ping_status":"closed","sticky":false,"template":"","format":"standard","meta":{"om_disable_all_campaigns":false,"_monsterinsights_skip_tracking":false,"_monsterinsights_sitenote_active":false,"_monsterinsights_sitenote_note":"","_monsterinsights_sitenote_category":0},"categories":[19],"tags":[],"aioseo_notices":[],"gutentor_comment":0,"rttpg_featured_image_url":{"full":["https:\/\/arantv.az\/wp-content\/uploads\/2019\/05\/754311-1.jpg",1280,960,false],"landscape":["https:\/\/arantv.az\/wp-content\/uploads\/2019\/05\/754311-1.jpg",1280,960,false],"portraits":["https:\/\/arantv.az\/wp-content\/uploads\/2019\/05\/754311-1.jpg",1280,960,false],"thumbnail":["https:\/\/arantv.az\/wp-content\/uploads\/2019\/05\/754311-1-150x150.jpg",150,150,true],"medium":["https:\/\/arantv.az\/wp-content\/uploads\/2019\/05\/754311-1-300x225.jpg",300,225,true],"large":["https:\/\/arantv.az\/wp-content\/uploads\/2019\/05\/754311-1-1024x768.jpg",640,480,true],"1536x1536":["https:\/\/arantv.az\/wp-content\/uploads\/2019\/05\/754311-1.jpg",1280,960,false],"2048x2048":["https:\/\/arantv.az\/wp-content\/uploads\/2019\/05\/754311-1.jpg",1280,960,false],"post-thumbnail":["https:\/\/arantv.az\/wp-content\/uploads\/2019\/05\/754311-1-240x172.jpg",240,172,true],"advps-thumb-one":["https:\/\/arantv.az\/wp-content\/uploads\/2019\/05\/754311-1-1200x620.jpg",1200,620,true]},"rttpg_author":{"display_name":"V\u00fcsal Rafiqo\u011flu","author_link":"https:\/\/arantv.az\/?author=2"},"rttpg_comment":0,"rttpg_category":"<a href=\"https:\/\/arantv.az\/?cat=19\" rel=\"category\">G\u00fcnd\u0259m<\/a>","rttpg_excerpt":"10 may tarixind\u0259 \u00f6lk\u0259mizin Mexikodak\u0131 S\u0259firliyind\u0259 \u00dcmummilli lider Heyd\u0259r \u018fliyevin anadan olmas\u0131n\u0131n 96-c\u0131 ild\u00f6n\u00fcm\u00fc il\u0259 ba\u011fl\u0131 t\u0259\u015fkil edilmi\u015f t\u0259dbird\u0259 Meksikada akkredit\u0259 olunmu\u015f diplomatik korpus n\u00fcmay\u0259nd\u0259l\u0259ri, Meksikada ya\u015fayan h\u0259mv\u0259t\u0259nl\u0259rimiz, Mexiko \u015f\u0259h\u0259ri Migel Hidalqo b\u0259l\u0259diyy\u0259si v\u0259 yerli K\u0130V n\u00fcmay\u0259nd\u0259l\u0259ri, Az\u0259rbaycan\u0131n Meksikal\u0131 dostlar\u0131 i\u015ftirak edib. ARANTV.AZ bildirir ki, S\u0259firlikd\u0259n Milli.Az-a veril\u0259n m\u0259lumata g\u00f6r\u0259, t\u0259dbird\u0259 S\u0259firliyimizin m\u00fcv\u0259qq\u0259ti i\u015fl\u0259r v\u0259kili&hellip;","_links":{"self":[{"href":"https:\/\/arantv.az\/index.php?rest_route=\/wp\/v2\/posts\/57194"}],"collection":[{"href":"https:\/\/arantv.az\/index.php?rest_route=\/wp\/v2\/posts"}],"about":[{"href":"https:\/\/arantv.az\/index.php?rest_route=\/wp\/v2\/types\/post"}],"author":[{"embeddable":true,"href":"https:\/\/arantv.az\/index.php?rest_route=\/wp\/v2\/users\/2"}],"replies":[{"embeddable":true,"href":"https:\/\/arantv.az\/index.php?rest_route=%2Fwp%2Fv2%2Fcomments&post=57194"}],"version-history":[{"count":0,"href":"https:\/\/arantv.az\/index.php?rest_route=\/wp\/v2\/posts\/57194\/revisions"}],"wp:featuredmedia":[{"embeddable":true,"href":"https:\/\/arantv.az\/index.php?rest_route=\/wp\/v2\/media\/57198"}],"wp:attachment":[{"href":"https:\/\/arantv.az\/index.php?rest_route=%2Fwp%2Fv2%2Fmedia&parent=57194"}],"wp:term":[{"taxonomy":"category","embeddable":true,"href":"https:\/\/arantv.az\/index.php?rest_route=%2Fwp%2Fv2%2Fcategories&post=57194"},{"taxonomy":"post_tag","embeddable":true,"href":"https:\/\/arantv.az\/index.php?rest_route=%2Fwp%2Fv2%2Ftags&post=57194"}],"curies":[{"name":"wp","href":"https:\/\/api.w.org\/{rel}","templated":true}]}}